{"id":55502,"date":"2026-02-16T17:50:13","date_gmt":"2026-02-16T20:50:13","guid":{"rendered":"https:\/\/guialimeira.com.br\/?p=55502"},"modified":"2026-02-16T17:50:13","modified_gmt":"2026-02-16T20:50:13","slug":"ultimo-dia-de-carnaval-tera-show-de-lucas-morato-em-cordeiropolis-prefeitura-municipal-de-cordeiropolis","status":"publish","type":"post","link":"https:\/\/guialimeira.com.br\/news\/ultimo-dia-de-carnaval-tera-show-de-lucas-morato-em-cordeiropolis-prefeitura-municipal-de-cordeiropolis\/","title":{"rendered":"\u00daltimo dia de Carnaval ter\u00e1 show de Lucas Morato em Cordeir\u00f3polis \u2013 Prefeitura Municipal de Cordeir\u00f3polis"},"content":{"rendered":"<p> <br \/>\n<\/p>\n<div>\n<p>O cantor Lucas Morato, filho de P\u00e9ricles, \u00e9 o show principal da noite desta segunda-feira (16) do Carna Cordeiro 2026. \u00c9 o \u00faltimo dia de folia. Tamb\u00e9m se apresentam a banda Lesco e o Vov\u00f4 do Funk. Al\u00e9m disso, desfilam as escolas de samba Cachasamba e Le\u00e3o Dourado. Carga Pesada, tamb\u00e9m de Cordeir\u00f3polis, desfilou no s\u00e1bado (14) e no domingo (15). <\/p>\n<p>A folia vai at\u00e9 as 5h da manh\u00e3, com entrada gratuita. A estrutura conta com seguran\u00e7a completa, pra\u00e7a de alimenta\u00e7\u00e3o, arquibancadas para a popula\u00e7\u00e3o assistir aos desfiles e banheiros qu\u00edmicos. Al\u00e9m do palco principal, os visitantes podem acompanhar apresenta\u00e7\u00f5es de DJs na Balada VIP \u2013 espa\u00e7o localizado atr\u00e1s do palco principal. O acesso tamb\u00e9m \u00e9 gratuito.<\/p>\n<figure class=\"wp-block-gallery has-nested-images columns-default is-cropped wp-block-gallery-1 is-layout-flex wp-block-gallery-is-layout-flex\">\n<figure class=\"wp-block-image size-large\"><\/figure>\n<figure class=\"wp-block-image size-large\"><img data-recalc-dims=\"1\" decoding=\"async\" loading=\"lazy\" width=\"696\" height=\"392\" data-id=\"32191\" src=\"https:\/\/i0.wp.com\/guialimeira.com.br\/wp-content\/uploads\/2026\/02\/1771275012_162_Ultimo-dia-de-Carnaval-tera-show-de-Lucas-Morato-em.jpeg?resize=696%2C392&#038;ssl=1\" alt=\"\" class=\"wp-image-32191\" \/><\/figure>\n<figure class=\"wp-block-image size-large\"><img data-recalc-dims=\"1\" decoding=\"async\" data-attachment-id=\"32192\" data-permalink=\"https:\/\/guialimeira.com.br\/news\/unb-e-ministerio-da-justica-monitoram-desaparecimento-de-aluna-de-gana\/ministerio_da_justica_2710202414-jpg\/\" data-orig-file=\"https:\/\/i0.wp.com\/guialimeira.com.br\/news\/wp-content\/uploads\/2025\/05\/ministerio_da_justica_2710202414.jpg?fit=1600%2C800&amp;ssl=1\" data-orig-size=\"1600,800\" data-comments-opened=\"1\" data-image-meta=\"{&quot;aperture&quot;:&quot;0&quot;,&quot;credit&quot;:&quot;&quot;,&quot;camera&quot;:&quot;&quot;,&quot;caption&quot;:&quot;&quot;,&quot;created_timestamp&quot;:&quot;0&quot;,&quot;copyright&quot;:&quot;&quot;,&quot;focal_length&quot;:&quot;0&quot;,&quot;iso&quot;:&quot;0&quot;,&quot;shutter_speed&quot;:&quot;0&quot;,&quot;title&quot;:&quot;&quot;,&quot;orientation&quot;:&quot;0&quot;}\" data-image-title=\"ministerio_da_justica_2710202414.jpg\" data-image-description=\"\" data-image-caption=\"\" data-large-file=\"https:\/\/i0.wp.com\/guialimeira.com.br\/news\/wp-content\/uploads\/2025\/05\/ministerio_da_justica_2710202414.jpg?fit=696%2C348&amp;ssl=1\" loading=\"lazy\" width=\"696\" height=\"392\" data-id=\"32192\" src=\"https:\/\/i0.wp.com\/guialimeira.com.br\/wp-content\/uploads\/2026\/02\/1771275012_294_Ultimo-dia-de-Carnaval-tera-show-de-Lucas-Morato-em.jpeg?resize=696%2C392&#038;ssl=1\" alt=\"\" class=\"wp-image-32192\" \/><\/figure>\n<figure class=\"wp-block-image size-large\"><img data-recalc-dims=\"1\" decoding=\"async\" loading=\"lazy\" width=\"696\" height=\"392\" data-id=\"32193\" src=\"https:\/\/i0.wp.com\/guialimeira.com.br\/wp-content\/uploads\/2026\/02\/1771275012_118_Ultimo-dia-de-Carnaval-tera-show-de-Lucas-Morato-em.jpeg?resize=696%2C392&#038;ssl=1\" alt=\"\" class=\"wp-image-32193\" \/><\/figure>\n<figure class=\"wp-block-image size-large\"><img data-recalc-dims=\"1\" decoding=\"async\" data-attachment-id=\"32194\" data-permalink=\"https:\/\/guialimeira.com.br\/news\/inss-prepara-plano-para-ressarcir-aposentados-vitimas-de-fraude\/\" data-orig-file=\"https:\/\/i0.wp.com\/guialimeira.com.br\/news\/wp-content\/uploads\/2025\/05\/1746233033_36_ebc.png?fit=1%2C1&amp;ssl=1\" data-orig-size=\"1,1\" data-comments-opened=\"1\" data-image-meta=\"{&quot;aperture&quot;:&quot;0&quot;,&quot;credit&quot;:&quot;&quot;,&quot;camera&quot;:&quot;&quot;,&quot;caption&quot;:&quot;&quot;,&quot;created_timestamp&quot;:&quot;0&quot;,&quot;copyright&quot;:&quot;&quot;,&quot;focal_length&quot;:&quot;0&quot;,&quot;iso&quot;:&quot;0&quot;,&quot;shutter_speed&quot;:&quot;0&quot;,&quot;title&quot;:&quot;&quot;,&quot;orientation&quot;:&quot;0&quot;}\" data-image-title=\"INSS prepara plano para ressarcir aposentados v\u00edtimas de fraude\" data-image-description=\"\" data-image-caption=\"\" data-large-file=\"https:\/\/i0.wp.com\/guialimeira.com.br\/news\/wp-content\/uploads\/2025\/05\/1746233033_36_ebc.png?fit=1%2C1&amp;ssl=1\" loading=\"lazy\" width=\"696\" height=\"392\" data-id=\"32194\" src=\"https:\/\/i0.wp.com\/guialimeira.com.br\/wp-content\/uploads\/2026\/02\/1771275012_938_Ultimo-dia-de-Carnaval-tera-show-de-Lucas-Morato-em.jpeg?resize=696%2C392&#038;ssl=1\" alt=\"\" class=\"wp-image-32194\" \/><\/figure>\n<figure class=\"wp-block-image size-large\"><img data-recalc-dims=\"1\" decoding=\"async\" data-attachment-id=\"32195\" data-permalink=\"https:\/\/guialimeira.com.br\/news\/inss-prepara-plano-para-ressarcir-aposentados-vitimas-de-fraude-2\/\" data-orig-file=\"https:\/\/i0.wp.com\/guialimeira.com.br\/news\/wp-content\/uploads\/2025\/05\/1746233033_136_ebc.gif?fit=1%2C1&amp;ssl=1\" data-orig-size=\"1,1\" data-comments-opened=\"1\" data-image-meta=\"{&quot;aperture&quot;:&quot;0&quot;,&quot;credit&quot;:&quot;&quot;,&quot;camera&quot;:&quot;&quot;,&quot;caption&quot;:&quot;&quot;,&quot;created_timestamp&quot;:&quot;0&quot;,&quot;copyright&quot;:&quot;&quot;,&quot;focal_length&quot;:&quot;0&quot;,&quot;iso&quot;:&quot;0&quot;,&quot;shutter_speed&quot;:&quot;0&quot;,&quot;title&quot;:&quot;&quot;,&quot;orientation&quot;:&quot;0&quot;}\" data-image-title=\"INSS prepara plano para ressarcir aposentados v\u00edtimas de fraude\" data-image-description=\"\" data-image-caption=\"\" data-large-file=\"https:\/\/i0.wp.com\/guialimeira.com.br\/news\/wp-content\/uploads\/2025\/05\/1746233033_136_ebc.gif?fit=1%2C1&amp;ssl=1\" loading=\"lazy\" width=\"696\" height=\"392\" data-id=\"32195\" src=\"https:\/\/i0.wp.com\/guialimeira.com.br\/wp-content\/uploads\/2026\/02\/1771275012_933_Ultimo-dia-de-Carnaval-tera-show-de-Lucas-Morato-em.jpeg?resize=696%2C392&#038;ssl=1\" alt=\"\" class=\"wp-image-32195\" \/><\/figure>\n<figure class=\"wp-block-image size-large\"><img data-recalc-dims=\"1\" decoding=\"async\" loading=\"lazy\" width=\"696\" height=\"392\" data-id=\"32196\" src=\"https:\/\/i0.wp.com\/guialimeira.com.br\/wp-content\/uploads\/2026\/02\/1771275012_118_Ultimo-dia-de-Carnaval-tera-show-de-Lucas-Morato-em.jpeg?resize=696%2C392&#038;ssl=1\" alt=\"\" class=\"wp-image-32196\" \/><\/figure>\n<figure class=\"wp-block-image size-large\"><img data-recalc-dims=\"1\" decoding=\"async\" data-attachment-id=\"32197\" data-permalink=\"https:\/\/guialimeira.com.br\/news\/inss-prepara-plano-para-ressarcir-aposentados-vitimas-de-fraude\/inss-prepara-plano-para-ressarcir-aposentados-vitimas-de-fraude-3\/\" data-orig-file=\"https:\/\/i0.wp.com\/guialimeira.com.br\/news\/wp-content\/uploads\/2025\/05\/INSS-prepara-plano-para-ressarcir-aposentados-vitimas-de-fraude.jpg?fit=1600%2C800&amp;ssl=1\" data-orig-size=\"1600,800\" data-comments-opened=\"1\" data-image-meta=\"{&quot;aperture&quot;:&quot;0&quot;,&quot;credit&quot;:&quot;&quot;,&quot;camera&quot;:&quot;&quot;,&quot;caption&quot;:&quot;&quot;,&quot;created_timestamp&quot;:&quot;0&quot;,&quot;copyright&quot;:&quot;&quot;,&quot;focal_length&quot;:&quot;0&quot;,&quot;iso&quot;:&quot;0&quot;,&quot;shutter_speed&quot;:&quot;0&quot;,&quot;title&quot;:&quot;&quot;,&quot;orientation&quot;:&quot;0&quot;}\" data-image-title=\"INSS prepara plano para ressarcir aposentados v\u00edtimas de fraude\" data-image-description=\"\" data-image-caption=\"&lt;p&gt;\u00a9 Renato Menezes\/AscomAGU&lt;\/p&gt;\n\" data-large-file=\"https:\/\/i0.wp.com\/guialimeira.com.br\/news\/wp-content\/uploads\/2025\/05\/INSS-prepara-plano-para-ressarcir-aposentados-vitimas-de-fraude.jpg?fit=696%2C348&amp;ssl=1\" loading=\"lazy\" width=\"696\" height=\"392\" data-id=\"32197\" src=\"https:\/\/i0.wp.com\/guialimeira.com.br\/wp-content\/uploads\/2026\/02\/1771275012_740_Ultimo-dia-de-Carnaval-tera-show-de-Lucas-Morato-em.jpeg?resize=696%2C392&#038;ssl=1\" alt=\"\" class=\"wp-image-32197\" \/><\/figure>\n<figure class=\"wp-block-image size-large\"><img data-recalc-dims=\"1\" decoding=\"async\" loading=\"lazy\" width=\"696\" height=\"392\" data-id=\"32198\" src=\"https:\/\/i0.wp.com\/guialimeira.com.br\/wp-content\/uploads\/2026\/02\/1771275012_713_Ultimo-dia-de-Carnaval-tera-show-de-Lucas-Morato-em.jpeg?resize=696%2C392&#038;ssl=1\" alt=\"\" class=\"wp-image-32198\" \/><\/figure>\n<\/figure><\/div>\n<p><br \/>\n<br \/><a href=\"https:\/\/www.cordeiropolis.sp.gov.br\/ultimo-dia-de-carnaval-tera-show-de-lucas-morato-em-cordeiropolis\/\" rel=\"noopener\">Informa\u00e7\u00f5es Cordeir\u00f3polis <\/a><\/p>\n","protected":false},"excerpt":{"rendered":"<p>O cantor Lucas Morato, filho de P\u00e9ricles, \u00e9 o show principal da noite desta segunda-feira (16) do Carna Cordeiro 2026. \u00c9 o \u00faltimo dia de folia. Tamb\u00e9m se apresentam a banda Lesco e o Vov\u00f4 do Funk. Al\u00e9m disso, desfilam as escolas de samba Cachasamba e Le\u00e3o Dourado. Carga Pesada, tamb\u00e9m de Cordeir\u00f3polis, desfilou no [&hellip;]<\/p>\n","protected":false},"author":1,"featured_media":55503,"comment_status":"closed","ping_status":"open","sticky":false,"template":"","format":"standard","meta":{"_jetpack_newsletter_access":"","_jetpack_dont_email_post_to_subs":false,"_jetpack_newsletter_tier_id":0,"_jetpack_memberships_contains_paywalled_content":false,"_mbp_banners":[],"_jetpack_feature_clip_id":0,"_jetpack_memberships_contains_paid_content":false,"footnotes":"","jetpack_publicize_message":"","jetpack_publicize_feature_enabled":true,"jetpack_social_post_already_shared":true,"jetpack_social_options":{"image_generator_settings":{"template":"highway","default_image_id":0,"font":"","enabled":false},"version":2},"jetpack_post_was_ever_published":false},"categories":[20],"tags":[],"class_list":["post-55502","post","type-post","status-publish","format-standard","has-post-thumbnail","category-regiao"],"jetpack_publicize_connections":[],"jetpack-related-posts":[],"jetpack_shortlink":"https:\/\/wp.me\/p7Eq1F-erc","jetpack_sharing_enabled":true,"jetpack_featured_media_url":"https:\/\/i0.wp.com\/guialimeira.com.br\/news\/wp-content\/uploads\/2026\/02\/Ultimo-dia-de-Carnaval-tera-show-de-Lucas-Morato-em.jpeg?fit=1024%2C576&ssl=1","_links":{"self":[{"href":"https:\/\/guialimeira.com.br\/news\/wp-json\/wp\/v2\/posts\/55502","targetHints":{"allow":["GET"]}}],"collection":[{"href":"https:\/\/guialimeira.com.br\/news\/wp-json\/wp\/v2\/posts"}],"about":[{"href":"https:\/\/guialimeira.com.br\/news\/wp-json\/wp\/v2\/types\/post"}],"author":[{"embeddable":true,"href":"https:\/\/guialimeira.com.br\/news\/wp-json\/wp\/v2\/users\/1"}],"replies":[{"embeddable":true,"href":"https:\/\/guialimeira.com.br\/news\/wp-json\/wp\/v2\/comments?post=55502"}],"version-history":[{"count":1,"href":"https:\/\/guialimeira.com.br\/news\/wp-json\/wp\/v2\/posts\/55502\/revisions"}],"predecessor-version":[{"id":55504,"href":"https:\/\/guialimeira.com.br\/news\/wp-json\/wp\/v2\/posts\/55502\/revisions\/55504"}],"wp:featuredmedia":[{"embeddable":true,"href":"https:\/\/guialimeira.com.br\/news\/wp-json\/wp\/v2\/media\/55503"}],"wp:attachment":[{"href":"https:\/\/guialimeira.com.br\/news\/wp-json\/wp\/v2\/media?parent=55502"}],"wp:term":[{"taxonomy":"category","embeddable":true,"href":"https:\/\/guialimeira.com.br\/news\/wp-json\/wp\/v2\/categories?post=55502"},{"taxonomy":"post_tag","embeddable":true,"href":"https:\/\/guialimeira.com.br\/news\/wp-json\/wp\/v2\/tags?post=55502"}],"curies":[{"name":"wp","href":"https:\/\/api.w.org\/{rel}","templated":true}]}}