{"id":55339,"date":"2026-02-14T14:45:20","date_gmt":"2026-02-14T17:45:20","guid":{"rendered":"https:\/\/guialimeira.com.br\/?p=55339"},"modified":"2026-02-14T14:45:20","modified_gmt":"2026-02-14T17:45:20","slug":"primeira-noite-do-carna-cordeiro-tem-desfile-e-shows-na-presidente-vargas-prefeitura-municipal-de-cordeiropolis","status":"publish","type":"post","link":"https:\/\/guialimeira.com.br\/news\/primeira-noite-do-carna-cordeiro-tem-desfile-e-shows-na-presidente-vargas-prefeitura-municipal-de-cordeiropolis\/","title":{"rendered":"Primeira noite do Carna Cordeiro tem desfile e shows na Presidente Vargas \u2013 Prefeitura Municipal de Cordeir\u00f3polis"},"content":{"rendered":"<p> <br \/>\n<\/p>\n<div>\n<p>A primeira noite do Carna Cordeiro 2026, nesta sexta-feira (13), levou a popula\u00e7\u00e3o de Cordeir\u00f3polis e regi\u00e3o para a Avenida Presidente Vargas. Uma onda de foli\u00f5es formada por fam\u00edlias, jovens, idosos e crian\u00e7as acompanhou o desfile da Escola de Samba Samuca e os principais shows da noite: DJ Residente, Banda Lesco, O Cl\u00e3 e Batuque da Nega.<\/p>\n<p>A prefeita Cristina Saad, o vice-prefeito Anderson Hespanhol Pique, secret\u00e1rios, vereadores e outras autoridades acompanharam a estreia do Carnaval de Cordeir\u00f3polis. \u201cPreparamos tudo com muito carinho para nossa popula\u00e7\u00e3o, uma estrutura completa, grandes shows, dois ambientes de m\u00fasica e pra\u00e7a de alimenta\u00e7\u00e3o, para que todos aproveitem muito\u201d, disse a prefeita.<\/p>\n<p>A Samuca, tradicional escola de Rio Claro, abrilhantou a avenida com seu desfile. A popula\u00e7\u00e3o pode acompanhar das arquibancadas ao longo da avenida o show de cores e samba da escola. Neste s\u00e1bado (14), \u00e9 a vez das Escolas de Samba de Cordeir\u00f3polis se apresentarem: Carga Pesada, \u00e0s 20h, e Cachasamba, \u00e0s 22h. \u00c0s 21h tem o bloco Folia dos Brahmeiros.<\/p>\n<p>Os shows principais deste s\u00e1bado s\u00e3o Lesco, Sem Reznha e DJ Guetto. A folia vai at\u00e9 as 5h da manh\u00e3, com entrada gratuita. Al\u00e9m do palco principal, os visitantes podem acompanhar apresenta\u00e7\u00f5es de DJs na Balada VIP \u2013 espa\u00e7o localizado atr\u00e1s do palco principal. O acesso tamb\u00e9m \u00e9 gratuito. A programa\u00e7\u00e3o, que segue at\u00e9 segunda (16), pode ser conferida nas redes da prefeitura.<\/p>\n<figure class=\"wp-block-gallery has-nested-images columns-default is-cropped wp-block-gallery-1 is-layout-flex wp-block-gallery-is-layout-flex\">\n<figure class=\"wp-block-image size-large\"><\/figure>\n<figure class=\"wp-block-image size-large\"><img data-recalc-dims=\"1\" decoding=\"async\" data-attachment-id=\"32186\" data-permalink=\"https:\/\/guialimeira.com.br\/news\/programa-que-oferta-bolsas-de-estudo-a-negros-tem-inscricao-prorrogada\/unb_cotas_2-jpg\/\" data-orig-file=\"https:\/\/i0.wp.com\/guialimeira.com.br\/news\/wp-content\/uploads\/2025\/05\/unb_cotas_2.jpg?fit=1600%2C800&amp;ssl=1\" data-orig-size=\"1600,800\" data-comments-opened=\"1\" data-image-meta=\"{&quot;aperture&quot;:&quot;0&quot;,&quot;credit&quot;:&quot;&quot;,&quot;camera&quot;:&quot;&quot;,&quot;caption&quot;:&quot;&quot;,&quot;created_timestamp&quot;:&quot;0&quot;,&quot;copyright&quot;:&quot;&quot;,&quot;focal_length&quot;:&quot;0&quot;,&quot;iso&quot;:&quot;0&quot;,&quot;shutter_speed&quot;:&quot;0&quot;,&quot;title&quot;:&quot;&quot;,&quot;orientation&quot;:&quot;0&quot;}\" data-image-title=\"unb_cotas_2.jpg\" data-image-description=\"\" data-image-caption=\"\" data-large-file=\"https:\/\/i0.wp.com\/guialimeira.com.br\/news\/wp-content\/uploads\/2025\/05\/unb_cotas_2.jpg?fit=696%2C348&amp;ssl=1\" loading=\"lazy\" width=\"696\" height=\"522\" data-id=\"32186\" src=\"https:\/\/i0.wp.com\/guialimeira.com.br\/wp-content\/uploads\/2026\/02\/1771091119_520_Primeira-noite-do-Carna-Cordeiro-tem-desfile-e-shows-na.jpeg?resize=696%2C522&#038;ssl=1\" alt=\"\" class=\"wp-image-32186\" \/><\/figure>\n<\/figure><\/div>\n<p><br \/>\n<br \/><a href=\"https:\/\/www.cordeiropolis.sp.gov.br\/primeira-noite-do-carna-cordeiro-tem-desfile-e-shows-na-presidente-vargas\/\" rel=\"noopener\">Informa\u00e7\u00f5es Cordeir\u00f3polis <\/a><\/p>\n","protected":false},"excerpt":{"rendered":"<p>A primeira noite do Carna Cordeiro 2026, nesta sexta-feira (13), levou a popula\u00e7\u00e3o de Cordeir\u00f3polis e regi\u00e3o para a Avenida Presidente Vargas. Uma onda de foli\u00f5es formada por fam\u00edlias, jovens, idosos e crian\u00e7as acompanhou o desfile da Escola de Samba Samuca e os principais shows da noite: DJ Residente, Banda Lesco, O Cl\u00e3 e Batuque [&hellip;]<\/p>\n","protected":false},"author":1,"featured_media":55340,"comment_status":"closed","ping_status":"open","sticky":false,"template":"","format":"standard","meta":{"_jetpack_newsletter_access":"","_jetpack_dont_email_post_to_subs":false,"_jetpack_newsletter_tier_id":0,"_jetpack_memberships_contains_paywalled_content":false,"_mbp_banners":[],"_jetpack_feature_clip_id":0,"_jetpack_memberships_contains_paid_content":false,"footnotes":"","jetpack_publicize_message":"","jetpack_publicize_feature_enabled":true,"jetpack_social_post_already_shared":true,"jetpack_social_options":{"image_generator_settings":{"template":"highway","default_image_id":0,"font":"","enabled":false},"version":2},"jetpack_post_was_ever_published":false},"categories":[20],"tags":[],"class_list":["post-55339","post","type-post","status-publish","format-standard","has-post-thumbnail","category-regiao"],"jetpack_publicize_connections":[],"jetpack-related-posts":[],"jetpack_shortlink":"https:\/\/wp.me\/p7Eq1F-eoz","jetpack_sharing_enabled":true,"jetpack_featured_media_url":"https:\/\/i0.wp.com\/guialimeira.com.br\/news\/wp-content\/uploads\/2026\/02\/Primeira-noite-do-Carna-Cordeiro-tem-desfile-e-shows-na.jpeg?fit=1024%2C576&ssl=1","_links":{"self":[{"href":"https:\/\/guialimeira.com.br\/news\/wp-json\/wp\/v2\/posts\/55339","targetHints":{"allow":["GET"]}}],"collection":[{"href":"https:\/\/guialimeira.com.br\/news\/wp-json\/wp\/v2\/posts"}],"about":[{"href":"https:\/\/guialimeira.com.br\/news\/wp-json\/wp\/v2\/types\/post"}],"author":[{"embeddable":true,"href":"https:\/\/guialimeira.com.br\/news\/wp-json\/wp\/v2\/users\/1"}],"replies":[{"embeddable":true,"href":"https:\/\/guialimeira.com.br\/news\/wp-json\/wp\/v2\/comments?post=55339"}],"version-history":[{"count":1,"href":"https:\/\/guialimeira.com.br\/news\/wp-json\/wp\/v2\/posts\/55339\/revisions"}],"predecessor-version":[{"id":55341,"href":"https:\/\/guialimeira.com.br\/news\/wp-json\/wp\/v2\/posts\/55339\/revisions\/55341"}],"wp:featuredmedia":[{"embeddable":true,"href":"https:\/\/guialimeira.com.br\/news\/wp-json\/wp\/v2\/media\/55340"}],"wp:attachment":[{"href":"https:\/\/guialimeira.com.br\/news\/wp-json\/wp\/v2\/media?parent=55339"}],"wp:term":[{"taxonomy":"category","embeddable":true,"href":"https:\/\/guialimeira.com.br\/news\/wp-json\/wp\/v2\/categories?post=55339"},{"taxonomy":"post_tag","embeddable":true,"href":"https:\/\/guialimeira.com.br\/news\/wp-json\/wp\/v2\/tags?post=55339"}],"curies":[{"name":"wp","href":"https:\/\/api.w.org\/{rel}","templated":true}]}}