{"id":55216,"date":"2026-02-13T12:12:58","date_gmt":"2026-02-13T15:12:58","guid":{"rendered":"https:\/\/guialimeira.com.br\/proxima-sessao-ordinaria-sera-quinta-feira-19-2-seis-projetos-estao-na-pauta-da-ordem-do-dia\/"},"modified":"2026-02-13T12:12:58","modified_gmt":"2026-02-13T15:12:58","slug":"proxima-sessao-ordinaria-sera-quinta-feira-19-2-seis-projetos-estao-na-pauta-da-ordem-do-dia","status":"publish","type":"post","link":"https:\/\/guialimeira.com.br\/news\/proxima-sessao-ordinaria-sera-quinta-feira-19-2-seis-projetos-estao-na-pauta-da-ordem-do-dia\/","title":{"rendered":"Pr\u00f3xima sess\u00e3o ordin\u00e1ria ser\u00e1 quinta-feira (19\/2); seis projetos est\u00e3o na pauta da Ordem do Dia"},"content":{"rendered":"<p><img data-recalc-dims=\"1\" decoding=\"async\" src=\"https:\/\/i0.wp.com\/www.limeira.sp.leg.br\/assets\/uploads\/noticia\/2026-02-13_proxima-sessao-ordinaria-sera-quintafeira-192-seis-projetos-estao-na-pauta-da-ordem-do-dia_1.jpg?w=696&#038;ssl=1\" alt=\"Pr\u00f3xima sess\u00e3o ordin\u00e1ria ser\u00e1 quinta-feira (19\/2); seis projetos est\u00e3o na pauta da Ordem do Dia\" \/><\/p>\n<p>Pr\u00f3xima sess\u00e3o ordin\u00e1ria ser\u00e1 quinta-feira (19\/2); seis projetos est\u00e3o na pauta da Ordem do Dia<\/p>\n<p><a href=\"https:\/\/www.limeira.sp.leg.br\/noticias\/view\/2026-02-13_proxima-sessao-ordinaria-sera-quintafeira-192-seis-projetos-estao-na-pauta-da-ordem-do-dia\" rel=\"noopener\">Exibir artigo<\/a><\/p>\n<p><a href=\"https:\/\/www.limeira.sp.leg.br\/noticias\/view\/2026-02-13_proxima-sessao-ordinaria-sera-quintafeira-192-seis-projetos-estao-na-pauta-da-ordem-do-dia\" target=\"_blank\" rel=\"noopener\">Read original article<\/a><\/p>\n","protected":false},"excerpt":{"rendered":"<p><img decoding=\"async\" src=\"https:\/\/www.limeira.sp.leg.br\/assets\/uploads\/noticia\/2026-02-13_proxima-sessao-ordinaria-sera-quintafeira-192-seis-projetos-estao-na-pauta-da-ordem-do-dia_1.jpg\" alt=\"Pr\u00f3xima sess\u00e3o ordin\u00e1ria ser\u00e1 quinta-feira (19\/2); seis projetos est\u00e3o na pauta da Ordem do Dia\" \/><\/p>\n<p>Pr\u00f3xima sess\u00e3o ordin\u00e1ria ser\u00e1 quinta-feira (19\/2); seis projetos est\u00e3o na pauta da Ordem do Dia<\/p>\n<p><a href=\"https:\/\/www.limeira.sp.leg.br\/noticias\/view\/2026-02-13_proxima-sessao-ordinaria-sera-quintafeira-192-seis-projetos-estao-na-pauta-da-ordem-do-dia\">Exibir artigo<\/a><\/p>\n","protected":false},"author":4,"featured_media":0,"comment_status":"","ping_status":"open","sticky":false,"template":"","format":"standard","meta":{"_jetpack_newsletter_access":"","_jetpack_dont_email_post_to_subs":false,"_jetpack_newsletter_tier_id":0,"_jetpack_memberships_contains_paywalled_content":false,"_mbp_banners":[],"_jetpack_feature_clip_id":0,"_jetpack_memberships_contains_paid_content":false,"footnotes":"","jetpack_publicize_message":"","jetpack_publicize_feature_enabled":true,"jetpack_social_post_already_shared":true,"jetpack_social_options":{"image_generator_settings":{"template":"highway","default_image_id":0,"font":"","enabled":false},"version":2},"jetpack_post_was_ever_published":false},"categories":[1],"tags":[],"class_list":["post-55216","post","type-post","status-publish","format-standard","category-geral"],"jetpack_publicize_connections":[],"jetpack-related-posts":[],"jetpack_shortlink":"https:\/\/wp.me\/p7Eq1F-emA","jetpack_sharing_enabled":true,"jetpack_featured_media_url":"","_links":{"self":[{"href":"https:\/\/guialimeira.com.br\/news\/wp-json\/wp\/v2\/posts\/55216","targetHints":{"allow":["GET"]}}],"collection":[{"href":"https:\/\/guialimeira.com.br\/news\/wp-json\/wp\/v2\/posts"}],"about":[{"href":"https:\/\/guialimeira.com.br\/news\/wp-json\/wp\/v2\/types\/post"}],"author":[{"embeddable":true,"href":"https:\/\/guialimeira.com.br\/news\/wp-json\/wp\/v2\/users\/4"}],"replies":[{"embeddable":true,"href":"https:\/\/guialimeira.com.br\/news\/wp-json\/wp\/v2\/comments?post=55216"}],"version-history":[{"count":0,"href":"https:\/\/guialimeira.com.br\/news\/wp-json\/wp\/v2\/posts\/55216\/revisions"}],"wp:attachment":[{"href":"https:\/\/guialimeira.com.br\/news\/wp-json\/wp\/v2\/media?parent=55216"}],"wp:term":[{"taxonomy":"category","embeddable":true,"href":"https:\/\/guialimeira.com.br\/news\/wp-json\/wp\/v2\/categories?post=55216"},{"taxonomy":"post_tag","embeddable":true,"href":"https:\/\/guialimeira.com.br\/news\/wp-json\/wp\/v2\/tags?post=55216"}],"curies":[{"name":"wp","href":"https:\/\/api.w.org\/{rel}","templated":true}]}}