{"id":552,"date":"2024-03-30T10:10:50","date_gmt":"2024-03-30T13:10:50","guid":{"rendered":"https:\/\/guialimeira.com.br\/2024\/03\/30\/prefeitura-realizou-reforco-de-sinalizacoes-horizontal-e-vertical-em-53-vias-portal-do-municipio-de-piracicaba\/"},"modified":"2024-03-30T10:10:50","modified_gmt":"2024-03-30T13:10:50","slug":"prefeitura-realizou-reforco-de-sinalizacoes-horizontal-e-vertical-em-53-vias-portal-do-municipio-de-piracicaba","status":"publish","type":"post","link":"https:\/\/guialimeira.com.br\/news\/prefeitura-realizou-reforco-de-sinalizacoes-horizontal-e-vertical-em-53-vias-portal-do-municipio-de-piracicaba\/","title":{"rendered":"Prefeitura realizou refor\u00e7o de sinaliza\u00e7\u00f5es horizontal e vertical em 53 vias \u2013 Portal do Munic\u00edpio de Piracicaba"},"content":{"rendered":"<p> <br \/>\n<\/p>\n<div>\n<p>Entre os dias 15 e 22\/02, a Prefeitura de Piracicaba, por meio da Secretaria Municipal de Mobilidade Urbana, Tr\u00e2nsito e Transportes (Semuttran), realizou servi\u00e7os de sinaliza\u00e7\u00f5es horizontal e vertical em 53 vias da cidade, sendo\u00a015\u00a0avenidas, 36 ruas e duas estradas.<\/p>\n<figure class=\"wp-block-image size-large\"><img data-recalc-dims=\"1\" fetchpriority=\"high\" decoding=\"async\" width=\"696\" height=\"464\" src=\"https:\/\/i0.wp.com\/piracicaba.sp.gov.br\/wp-content\/uploads\/2024\/02\/Tinta-utilizada-permite-melhor-visualizacao-por-refletir-a-luz-dos-veiculos-Foto-Justino-Lucente-1024x682.jpg?resize=696%2C464&#038;ssl=1\" alt=\"imagem de faixa de pedestres \" class=\"wp-image-73310\" srcset=\"https:\/\/piracicaba.sp.gov.br\/wp-content\/uploads\/2024\/02\/Tinta-utilizada-permite-melhor-visualizacao-por-refletir-a-luz-dos-veiculos-Foto-Justino-Lucente-1024x682.jpg 1024w, https:\/\/piracicaba.sp.gov.br\/wp-content\/uploads\/2024\/02\/Tinta-utilizada-permite-melhor-visualizacao-por-refletir-a-luz-dos-veiculos-Foto-Justino-Lucente-300x200.jpg 300w, https:\/\/piracicaba.sp.gov.br\/wp-content\/uploads\/2024\/02\/Tinta-utilizada-permite-melhor-visualizacao-por-refletir-a-luz-dos-veiculos-Foto-Justino-Lucente-768x512.jpg 768w, https:\/\/piracicaba.sp.gov.br\/wp-content\/uploads\/2024\/02\/Tinta-utilizada-permite-melhor-visualizacao-por-refletir-a-luz-dos-veiculos-Foto-Justino-Lucente-1536x1024.jpg 1536w, https:\/\/piracicaba.sp.gov.br\/wp-content\/uploads\/2024\/02\/Tinta-utilizada-permite-melhor-visualizacao-por-refletir-a-luz-dos-veiculos-Foto-Justino-Lucente.jpg 2000w\" sizes=\"(max-width: 1024px) 100vw, 1024px\"\/><figcaption class=\"wp-element-caption\"><strong><em><sub>Tinta utilizada permite melhor visualiza\u00e7\u00e3o por refletir a luz dos ve\u00edculos \u2013 Foto Justino Lucente<\/sub><\/em><\/strong><\/figcaption><\/figure>\n<p>A a\u00e7\u00e3o faz parte da estrat\u00e9gia da Semuttran que realiza sistematicamente s\u00e9rie de servi\u00e7os de revitaliza\u00e7\u00e3o e refor\u00e7o de sinaliza\u00e7\u00e3o de tr\u00e2nsito horizontal e vertical em ruas e avenidas da cidade, com o objetivo de garantir mais seguran\u00e7a para pedestres, ciclistas e motoristas no tr\u00e2nsito.<\/p>\n<p>Os servi\u00e7os tamb\u00e9m incluem faixa de pedestre, lombada, faixa elevada, eixo de rua, pare, zebrado, faixa de canaliza\u00e7\u00e3o e desacelera\u00e7\u00e3o, Linha de Redu\u00e7\u00e3o de Velocidade (LRV), entre outros.<\/p>\n<figure class=\"wp-block-image size-large\"><img data-recalc-dims=\"1\" loading=\"lazy\" data-attachment-id=\"73309\" data-permalink=\"https:\/\/guialimeira.com.br\/news\/mp-sp-abre-investigacao-na-cptm-concedida-a-trivia-trens\/1785336867_trem-da-linha-11-coral-e-ating-20260723-jpg\/\" data-orig-file=\"https:\/\/i0.wp.com\/guialimeira.com.br\/news\/wp-content\/uploads\/2026\/07\/1785336867_trem-da-linha-11-coral-e-ating-20260723.jpg?fit=1600%2C800&amp;ssl=1\" data-orig-size=\"1600,800\" data-comments-opened=\"0\" data-image-meta=\"{&quot;aperture&quot;:&quot;0&quot;,&quot;credit&quot;:&quot;&quot;,&quot;camera&quot;:&quot;&quot;,&quot;caption&quot;:&quot;&quot;,&quot;created_timestamp&quot;:&quot;0&quot;,&quot;copyright&quot;:&quot;&quot;,&quot;focal_length&quot;:&quot;0&quot;,&quot;iso&quot;:&quot;0&quot;,&quot;shutter_speed&quot;:&quot;0&quot;,&quot;title&quot;:&quot;&quot;,&quot;orientation&quot;:&quot;0&quot;,&quot;alt&quot;:&quot;&quot;}\" data-image-title=\"1785336867_trem-da-linha-11-coral-e-ating-20260723.jpg\" data-image-description=\"\" data-image-caption=\"\" data-large-file=\"https:\/\/i0.wp.com\/guialimeira.com.br\/news\/wp-content\/uploads\/2026\/07\/1785336867_trem-da-linha-11-coral-e-ating-20260723.jpg?fit=696%2C348&amp;ssl=1\" decoding=\"async\" width=\"696\" height=\"464\" src=\"https:\/\/i0.wp.com\/piracicaba.sp.gov.br\/wp-content\/uploads\/2024\/02\/Rua-Rafael-Aloisi-foi-uma-das-que-recebeu-sinalizaao-Foto-Justino-Lucente-1024x682.jpg?resize=696%2C464&#038;ssl=1\" alt=\"imagem de sinaliza\u00e7\u00e3o de Pare na rua\" class=\"wp-image-73309\" srcset=\"https:\/\/piracicaba.sp.gov.br\/wp-content\/uploads\/2024\/02\/Rua-Rafael-Aloisi-foi-uma-das-que-recebeu-sinalizaao-Foto-Justino-Lucente-1024x682.jpg 1024w, https:\/\/piracicaba.sp.gov.br\/wp-content\/uploads\/2024\/02\/Rua-Rafael-Aloisi-foi-uma-das-que-recebeu-sinalizaao-Foto-Justino-Lucente-300x200.jpg 300w, https:\/\/piracicaba.sp.gov.br\/wp-content\/uploads\/2024\/02\/Rua-Rafael-Aloisi-foi-uma-das-que-recebeu-sinalizaao-Foto-Justino-Lucente-768x512.jpg 768w, https:\/\/piracicaba.sp.gov.br\/wp-content\/uploads\/2024\/02\/Rua-Rafael-Aloisi-foi-uma-das-que-recebeu-sinalizaao-Foto-Justino-Lucente-1536x1024.jpg 1536w, https:\/\/piracicaba.sp.gov.br\/wp-content\/uploads\/2024\/02\/Rua-Rafael-Aloisi-foi-uma-das-que-recebeu-sinalizaao-Foto-Justino-Lucente.jpg 2000w\" sizes=\"auto, (max-width: 1024px) 100vw, 1024px\"\/><figcaption class=\"wp-element-caption\"><strong><em><sub>Rua Rafael Aloisi foi uma das que recebeu sinaliza\u00e3o \u2013 Foto Justino Lucente<\/sub><\/em><\/strong><\/figcaption><\/figure>\n<p>De acordo com a Semuttran, a tinta especial utilizada na sinaliza\u00e7\u00e3o horizontal cont\u00e9m microesferas de vidro, que permite melhor visualiza\u00e7\u00e3o por refletir a luz dos ve\u00edculos. Quando necess\u00e1rio, os servi\u00e7os tamb\u00e9m incluem a instala\u00e7\u00e3o de tach\u00e3o e tachinha e troca de placas da sinaliza\u00e7\u00e3o vertical e a\u00e9rea.<\/p>\n<p><strong>Endere\u00e7os atendidos:<br \/><\/strong><br \/><strong>AVENIDAS<\/strong><\/p>\n<p>Avenida Armando Cesare Dedini<\/p>\n<p>Avenida S\u00e3o Paulo<\/p>\n<p>Avenida Nossa Senhora do Carmo<\/p>\n<p>Avenida C\u00e1ssio Pascoal Padovani<\/p>\n<p>Avenida Jaime Pereira<\/p>\n<p>Avenida Dois C\u00f3rregos x rua Ayrton Senna<\/p>\n<p>Avenida Beira Rio<\/p>\n<p>Avenida Dois C\u00f3rregos x rua Dechem Casale<\/p>\n<p>Avenida Branca de Azevedo<\/p>\n<p>Avenida Conde do Pinhal<\/p>\n<p>Avenida It\u00e1lia<\/p>\n<p>Avenida Luiz Ralf Benatti<\/p>\n<p>Avenida Concei\u00e7\u00e3o X travessa Salaz<\/p>\n<p>Avenida Dona L\u00eddia<\/p>\n<p>Avenida do Caf\u00e9<\/p>\n<p><strong>RUAS<\/strong><\/p>\n<p>Rua Monsenhor Manoel Francisco Rosa X rua Santo Ant\u00f4nio<\/p>\n<p>Rua Gomes Carneiro<\/p>\n<p>Rua Fernando Lopes<\/p>\n<p>Rua Jo\u00e3o \u00cdcaro Benatti<\/p>\n<p>Rua Ol\u00edvia Bianco, 375 x Rua Irm\u00e3 Margarida Maria<\/p>\n<p>Rua Frei Luiz Santana<\/p>\n<p>Rua Ing\u00e1<\/p>\n<p>Rua Alameda Alcindo Lopes Lucas<\/p>\n<p>Rua do Ros\u00e1rio<\/p>\n<p>Rua Dom Pedro I<\/p>\n<p>Rua Ant\u00f4nio Rosivaldo Tonussi<\/p>\n<p>Rua Bom Jesus X Cristiano Cleopath<\/p>\n<p>Rua Professor Benedito de Andrade<\/p>\n<p>Rua Tom\u00e1s de Aquino<\/p>\n<p>Rua Mauro Luiz de Coimbra<\/p>\n<p>Rua da Gl\u00f3ria<\/p>\n<p>Rua do Enxofre<\/p>\n<p>Rua S\u00e3o Jo\u00e3o<\/p>\n<p>Rua Santa Cruz<\/p>\n<p>Rua Tom\u00e1s de Aquino<\/p>\n<p>Rua Rafael Aloisi<\/p>\n<p>Rua Kurt Nimuendaju<\/p>\n<p>Rua Jord\u00e3o Martins<\/p>\n<p>Rua Jo\u00e3o krahembukl<\/p>\n<p>Rua da Palma<\/p>\n<p>Rua Regente Feij\u00f3<\/p>\n<p>Rua Monsenhor Ger\u00f4nimo<\/p>\n<p>Rua Dom Pedro II<\/p>\n<p>Rua 23 de maio<\/p>\n<p>Rua Dr. Francisco Feio<\/p>\n<p>Rua Capivari<\/p>\n<p>Rua 23 de maio<\/p>\n<p>Rua Altino Arantes<\/p>\n<p>Rua Roberto Mange<\/p>\n<p>Viaduto Rotatory Club<\/p>\n<p>Glebas Natalinas<\/p>\n<p><strong>ESTRADAS<\/strong><\/p>\n<p>Estrada do Serrote<\/p>\n<p>Estrada Sebasti\u00e3o Constantino<\/p>\n<\/div>\n<p><br \/>\n<br \/><a href=\"https:\/\/piracicaba.sp.gov.br\/noticias\/prefeitura-realizou-reforco-de-sinalizacoes-horizontal-e-vertical-em-53-vias\/\" rel=\"noopener\">Informa\u00e7\u00f5es PMP <\/a><\/p>\n","protected":false},"excerpt":{"rendered":"<p>Entre os dias 15 e 22\/02, a Prefeitura de Piracicaba, por meio da Secretaria Municipal de Mobilidade Urbana, Tr\u00e2nsito e Transportes (Semuttran), realizou servi\u00e7os de sinaliza\u00e7\u00f5es horizontal e vertical em 53 vias da cidade, sendo\u00a015\u00a0avenidas, 36 ruas e duas estradas. Tinta utilizada permite melhor visualiza\u00e7\u00e3o por refletir a luz dos ve\u00edculos \u2013 Foto Justino Lucente [&hellip;]<\/p>\n","protected":false},"author":1,"featured_media":553,"comment_status":"open","ping_status":"open","sticky":false,"template":"","format":"standard","meta":{"_jetpack_newsletter_access":"","_jetpack_dont_email_post_to_subs":false,"_jetpack_newsletter_tier_id":0,"_jetpack_memberships_contains_paywalled_content":false,"_mbp_banners":[],"_jetpack_feature_clip_id":0,"_jetpack_memberships_contains_paid_content":false,"footnotes":"","jetpack_publicize_message":"","jetpack_publicize_feature_enabled":true,"jetpack_social_post_already_shared":true,"jetpack_social_options":{"image_generator_settings":{"template":"highway","default_image_id":0,"font":"","enabled":false},"version":2},"jetpack_post_was_ever_published":false},"categories":[20],"tags":[],"class_list":["post-552","post","type-post","status-publish","format-standard","has-post-thumbnail","category-regiao"],"jetpack_publicize_connections":[],"jetpack-related-posts":[],"jetpack_shortlink":"https:\/\/wp.me\/p7Eq1F-8U","jetpack_sharing_enabled":true,"jetpack_featured_media_url":"https:\/\/i0.wp.com\/guialimeira.com.br\/news\/wp-content\/uploads\/2024\/03\/Tinta-utilizada-permite-melhor-visualizacao-por-refletir-a-luz-dos-veiculos-Foto-Justino-Lucente-1024x682.jpg?fit=1024%2C682&ssl=1","_links":{"self":[{"href":"https:\/\/guialimeira.com.br\/news\/wp-json\/wp\/v2\/posts\/552","targetHints":{"allow":["GET"]}}],"collection":[{"href":"https:\/\/guialimeira.com.br\/news\/wp-json\/wp\/v2\/posts"}],"about":[{"href":"https:\/\/guialimeira.com.br\/news\/wp-json\/wp\/v2\/types\/post"}],"author":[{"embeddable":true,"href":"https:\/\/guialimeira.com.br\/news\/wp-json\/wp\/v2\/users\/1"}],"replies":[{"embeddable":true,"href":"https:\/\/guialimeira.com.br\/news\/wp-json\/wp\/v2\/comments?post=552"}],"version-history":[{"count":0,"href":"https:\/\/guialimeira.com.br\/news\/wp-json\/wp\/v2\/posts\/552\/revisions"}],"wp:featuredmedia":[{"embeddable":true,"href":"https:\/\/guialimeira.com.br\/news\/wp-json\/wp\/v2\/media\/553"}],"wp:attachment":[{"href":"https:\/\/guialimeira.com.br\/news\/wp-json\/wp\/v2\/media?parent=552"}],"wp:term":[{"taxonomy":"category","embeddable":true,"href":"https:\/\/guialimeira.com.br\/news\/wp-json\/wp\/v2\/categories?post=552"},{"taxonomy":"post_tag","embeddable":true,"href":"https:\/\/guialimeira.com.br\/news\/wp-json\/wp\/v2\/tags?post=552"}],"curies":[{"name":"wp","href":"https:\/\/api.w.org\/{rel}","templated":true}]}}