{"id":55102,"date":"2026-02-12T12:41:14","date_gmt":"2026-02-12T15:41:14","guid":{"rendered":"https:\/\/guialimeira.com.br\/?p=55102"},"modified":"2026-02-12T12:41:14","modified_gmt":"2026-02-12T15:41:14","slug":"carna-cordeiro-comeca-nesta-sexta-13-com-desfile-e-shows-na-av-presidente-vargas-prefeitura-municipal-de-cordeiropolis","status":"publish","type":"post","link":"https:\/\/guialimeira.com.br\/news\/carna-cordeiro-comeca-nesta-sexta-13-com-desfile-e-shows-na-av-presidente-vargas-prefeitura-municipal-de-cordeiropolis\/","title":{"rendered":"Carna Cordeiro come\u00e7a nesta sexta (13) com desfile e shows na Av. Presidente Vargas \u2013 Prefeitura Municipal de Cordeir\u00f3polis"},"content":{"rendered":"<p> <br \/>\n<\/p>\n<div>\n<p>O Carna Cordeiro 2026 come\u00e7a nesta sexta-feira (13), em Cordeir\u00f3polis. O primeiro dia ter\u00e1 o desfile da Escola de Samba Samuca, de Rio Claro, seguido pelos shows que acontecem no palco principal, instalado na Avenida Presidente Vargas. A entrada \u00e9 gratuita. A abertura dos port\u00f5es ser\u00e1 \u00e0s 19h. Haver\u00e1 revista nos acessos.<\/p>\n<p>A programa\u00e7\u00e3o do Carnaval segue at\u00e9 segunda-feira (16), com desfiles das escolas de samba e apresenta\u00e7\u00f5es musicais todas as noites. Os desfiles acontecem a partir da Rua Domingos Martins em dire\u00e7\u00e3o ao palco principal, onde os shows come\u00e7am na sequ\u00eancia. O p\u00fablico poder\u00e1 acompanhar gratuitamente das arquibancadas.<\/p>\n<p>Para garantir a seguran\u00e7a dos foli\u00f5es, o evento contar\u00e1 com ambulat\u00f3rio de emerg\u00eancia m\u00e9dica durante toda a festa \u2013 que tamb\u00e9m poder\u00e1 acolher mulheres em situa\u00e7\u00e3o vulner\u00e1vel \u2013, al\u00e9m de refor\u00e7o na seguran\u00e7a com atua\u00e7\u00e3o da Guarda Civil Municipal (GCM) e da Pol\u00edcia Militar (PM) em toda a regi\u00e3o do Carnaval.<\/p>\n<p>Tamb\u00e9m haver\u00e1 revista na entrada do evento, como medida preventiva. Menores de idade s\u00f3 poder\u00e3o acessar o evento acompanhados de um pai ou respons\u00e1vel legal. O Conselho Tutelar atuar\u00e1 durante o Carnaval. A venda de bebidas alco\u00f3licas \u00e9 proibida para menores de idade.<\/p>\n<p>A estrutura do Carna Cordeiro inclui palco principal, banheiros qu\u00edmicos, monitoramento e pra\u00e7a de alimenta\u00e7\u00e3o, que ficar\u00e1 sob responsabilidade da empresa terceirizada contratada para a realiza\u00e7\u00e3o do Carnaval. A entrada principal do p\u00fablico ser\u00e1 pela Avenida Presidente Vargas, na esquina com a Rua Domingos Martins.<\/p>\n<p>A Avenida Presidente Vargas permanece interditada no trecho onde ocorrem os desfiles e a montagem da estrutura, garantindo a organiza\u00e7\u00e3o e a seguran\u00e7a durante os dias de folia.<\/p>\n<p>O Carna Cordeiro 2026 \u00e9 realizado pela Prefeitura de Cordeir\u00f3polis, por meio da Secretaria de Cultura, Turismo e Eventos, com apoio das demais secretarias municipais. A programa\u00e7\u00e3o completa do Carna Cordeiro 2026 pode ser conferida nas redes oficiais da prefeitura.<\/p>\n<\/p><\/div>\n<p><br \/>\n<br \/><a href=\"https:\/\/www.cordeiropolis.sp.gov.br\/carna-cordeiro-comeca-nesta-sexta-13-com-desfile-e-shows-na-av-presidente-vargas\/\" rel=\"noopener\">Informa\u00e7\u00f5es Cordeir\u00f3polis <\/a><\/p>\n","protected":false},"excerpt":{"rendered":"<p>O Carna Cordeiro 2026 come\u00e7a nesta sexta-feira (13), em Cordeir\u00f3polis. O primeiro dia ter\u00e1 o desfile da Escola de Samba Samuca, de Rio Claro, seguido pelos shows que acontecem no palco principal, instalado na Avenida Presidente Vargas. A entrada \u00e9 gratuita. A abertura dos port\u00f5es ser\u00e1 \u00e0s 19h. Haver\u00e1 revista nos acessos. A programa\u00e7\u00e3o do [&hellip;]<\/p>\n","protected":false},"author":1,"featured_media":0,"comment_status":"closed","ping_status":"open","sticky":false,"template":"","format":"standard","meta":{"_jetpack_newsletter_access":"","_jetpack_dont_email_post_to_subs":false,"_jetpack_newsletter_tier_id":0,"_jetpack_memberships_contains_paywalled_content":false,"_mbp_banners":[],"_jetpack_feature_clip_id":0,"_jetpack_memberships_contains_paid_content":false,"footnotes":"","jetpack_publicize_message":"","jetpack_publicize_feature_enabled":true,"jetpack_social_post_already_shared":true,"jetpack_social_options":{"image_generator_settings":{"template":"highway","default_image_id":0,"font":"","enabled":false},"version":2},"jetpack_post_was_ever_published":false},"categories":[20],"tags":[],"class_list":["post-55102","post","type-post","status-publish","format-standard","category-regiao"],"jetpack_publicize_connections":[],"jetpack-related-posts":[],"jetpack_shortlink":"https:\/\/wp.me\/p7Eq1F-ekK","jetpack_sharing_enabled":true,"jetpack_featured_media_url":"","_links":{"self":[{"href":"https:\/\/guialimeira.com.br\/news\/wp-json\/wp\/v2\/posts\/55102","targetHints":{"allow":["GET"]}}],"collection":[{"href":"https:\/\/guialimeira.com.br\/news\/wp-json\/wp\/v2\/posts"}],"about":[{"href":"https:\/\/guialimeira.com.br\/news\/wp-json\/wp\/v2\/types\/post"}],"author":[{"embeddable":true,"href":"https:\/\/guialimeira.com.br\/news\/wp-json\/wp\/v2\/users\/1"}],"replies":[{"embeddable":true,"href":"https:\/\/guialimeira.com.br\/news\/wp-json\/wp\/v2\/comments?post=55102"}],"version-history":[{"count":1,"href":"https:\/\/guialimeira.com.br\/news\/wp-json\/wp\/v2\/posts\/55102\/revisions"}],"predecessor-version":[{"id":55103,"href":"https:\/\/guialimeira.com.br\/news\/wp-json\/wp\/v2\/posts\/55102\/revisions\/55103"}],"wp:attachment":[{"href":"https:\/\/guialimeira.com.br\/news\/wp-json\/wp\/v2\/media?parent=55102"}],"wp:term":[{"taxonomy":"category","embeddable":true,"href":"https:\/\/guialimeira.com.br\/news\/wp-json\/wp\/v2\/categories?post=55102"},{"taxonomy":"post_tag","embeddable":true,"href":"https:\/\/guialimeira.com.br\/news\/wp-json\/wp\/v2\/tags?post=55102"}],"curies":[{"name":"wp","href":"https:\/\/api.w.org\/{rel}","templated":true}]}}