{"id":550,"date":"2024-03-30T10:09:42","date_gmt":"2024-03-30T13:09:42","guid":{"rendered":"https:\/\/guialimeira.com.br\/2024\/03\/30\/tem-inicio-os-projetos-em-parcerias-nas\/"},"modified":"2024-03-30T10:09:42","modified_gmt":"2024-03-30T13:09:42","slug":"tem-inicio-os-projetos-em-parcerias-nas","status":"publish","type":"post","link":"https:\/\/guialimeira.com.br\/news\/tem-inicio-os-projetos-em-parcerias-nas\/","title":{"rendered":"Tem in\u00edcio os projetos em parcerias nas&#8230;"},"content":{"rendered":"<p> <br \/>\n<br \/><img data-recalc-dims=\"1\" decoding=\"async\" src=\"https:\/\/i0.wp.com\/www.iracemapolis.sp.gov.br\/fotos\/a02037b63d6fb604dd270209c2cf495c.jpg?w=696&#038;ssl=1\" \/><\/p>\n<div>\n<p>Os professores da rede municipal de ensino participaram de oficinas na \u00faltima sexta-feira, dia 15 de mar\u00e7o. Desta vez, as oficinas foram sobre o Projeto Uni\u00e3o faz a Vida, que acontece em parceria com a Sicredi.<\/p>\n<p>A diretora de Departamento da Educa\u00e7\u00e3o, Vilc\u00e9ia Salvino, informou que desde do dia 02 de fevereiro, toda a rede vem recebendo capacita\u00e7\u00f5es em v\u00e1rios \u00e2mbitos, como a forma\u00e7\u00e3o \u201cFonoaudiologia e aten\u00e7\u00e3o ao escolar\u201d que foi realizada em parceria com a Secretaria de Sa\u00fade. No \u00e2mbito acolhedor como a palestrante Helo\u00edsa Proen\u00e7a (Set Brasil) e uma oficina sobre o Compromisso Nacional Crian\u00e7a Alfabetizada.<\/p>\n<p>\u201c\u00c9 importante mantermos sempre o avan\u00e7o no aprendizado dos alunos, e essas parcerias somam ao trabalho dos professores, que exercem com muito profissionalismo seu trabalho\u201d finalizou a diretora.<\/p>\n<\/p><\/div>\n<p><br \/>\n<br \/><a href=\"https:\/\/www.iracemapolis.sp.gov.br\/portal\/noticias\/0\/3\/2115\/tem-inicio-os-projetos-em-parcerias-nas-escolas-da-rede-municipal\/\" rel=\"noopener\">Informa\u00e7\u00f5es PMI<\/a><\/p>\n","protected":false},"excerpt":{"rendered":"<p>Os professores da rede municipal de ensino participaram de oficinas na \u00faltima sexta-feira, dia 15 de mar\u00e7o. Desta vez, as oficinas foram sobre o Projeto Uni\u00e3o faz a Vida, que acontece em parceria com a Sicredi. A diretora de Departamento da Educa\u00e7\u00e3o, Vilc\u00e9ia Salvino, informou que desde do dia 02 de fevereiro, toda a rede [&hellip;]<\/p>\n","protected":false},"author":1,"featured_media":551,"comment_status":"open","ping_status":"open","sticky":false,"template":"","format":"standard","meta":{"_jetpack_newsletter_access":"","_jetpack_dont_email_post_to_subs":false,"_jetpack_newsletter_tier_id":0,"_jetpack_memberships_contains_paywalled_content":false,"_mbp_banners":[],"_jetpack_feature_clip_id":0,"_jetpack_memberships_contains_paid_content":false,"footnotes":"","jetpack_publicize_message":"","jetpack_publicize_feature_enabled":true,"jetpack_social_post_already_shared":true,"jetpack_social_options":{"image_generator_settings":{"template":"highway","default_image_id":0,"font":"","enabled":false},"version":2},"jetpack_post_was_ever_published":false},"categories":[20],"tags":[],"class_list":["post-550","post","type-post","status-publish","format-standard","has-post-thumbnail","category-regiao"],"jetpack_publicize_connections":[],"jetpack-related-posts":[],"jetpack_shortlink":"https:\/\/wp.me\/p7Eq1F-8S","jetpack_sharing_enabled":true,"jetpack_featured_media_url":"https:\/\/i0.wp.com\/guialimeira.com.br\/news\/wp-content\/uploads\/2024\/03\/a02037b63d6fb604dd270209c2cf495c.jpg?fit=800%2C600&ssl=1","_links":{"self":[{"href":"https:\/\/guialimeira.com.br\/news\/wp-json\/wp\/v2\/posts\/550","targetHints":{"allow":["GET"]}}],"collection":[{"href":"https:\/\/guialimeira.com.br\/news\/wp-json\/wp\/v2\/posts"}],"about":[{"href":"https:\/\/guialimeira.com.br\/news\/wp-json\/wp\/v2\/types\/post"}],"author":[{"embeddable":true,"href":"https:\/\/guialimeira.com.br\/news\/wp-json\/wp\/v2\/users\/1"}],"replies":[{"embeddable":true,"href":"https:\/\/guialimeira.com.br\/news\/wp-json\/wp\/v2\/comments?post=550"}],"version-history":[{"count":0,"href":"https:\/\/guialimeira.com.br\/news\/wp-json\/wp\/v2\/posts\/550\/revisions"}],"wp:featuredmedia":[{"embeddable":true,"href":"https:\/\/guialimeira.com.br\/news\/wp-json\/wp\/v2\/media\/551"}],"wp:attachment":[{"href":"https:\/\/guialimeira.com.br\/news\/wp-json\/wp\/v2\/media?parent=550"}],"wp:term":[{"taxonomy":"category","embeddable":true,"href":"https:\/\/guialimeira.com.br\/news\/wp-json\/wp\/v2\/categories?post=550"},{"taxonomy":"post_tag","embeddable":true,"href":"https:\/\/guialimeira.com.br\/news\/wp-json\/wp\/v2\/tags?post=550"}],"curies":[{"name":"wp","href":"https:\/\/api.w.org\/{rel}","templated":true}]}}