{"id":54851,"date":"2026-02-10T10:40:13","date_gmt":"2026-02-10T13:40:13","guid":{"rendered":"https:\/\/guialimeira.com.br\/?p=54851"},"modified":"2026-02-10T10:40:13","modified_gmt":"2026-02-10T13:40:13","slug":"carna-cordeiro-2026-tera-desfiles-das-escolas-de-samba-e-shows-todas-as-noites-prefeitura-municipal-de-cordeiropolis","status":"publish","type":"post","link":"https:\/\/guialimeira.com.br\/news\/carna-cordeiro-2026-tera-desfiles-das-escolas-de-samba-e-shows-todas-as-noites-prefeitura-municipal-de-cordeiropolis\/","title":{"rendered":"Carna Cordeiro 2026 ter\u00e1 desfiles das escolas de samba e shows todas as noites \u2013 Prefeitura Municipal de Cordeir\u00f3polis"},"content":{"rendered":"<p> <br \/>\n<\/p>\n<div>\n<p>O Carna Cordeiro 2026 come\u00e7a na pr\u00f3xima sexta-feira (13) em Cordeir\u00f3polis. O evento ser\u00e1 realizado na Avenida Presidente Vargas, at\u00e9 segunda-feira (16), sempre a partir das 19h. A entrada \u00e9 gratuita. Os principais shows s\u00e3o de Lucas Morato, Boka Loka, Sem Reznha, O Cl\u00e3, Batuque da Nega e Lesco. Tamb\u00e9m haver\u00e1 desfile das escolas de samba.<\/p>\n<p>O lan\u00e7amento do Carnaval de Cordeir\u00f3polis foi realizado no \u00faltimo domingo (8) no Clube Princesa Isabel, no lugar conhecido, historicamente, como Beco. Durante o evento, a Corte do Carna Cordeiro foi apresentada: C\u00e1ssio Boteon Martins como Rei Momo \u2013 \u00e9 o d\u00e9cimo reinado dele \u2013 e Tatiane dos Santos Silva, como Rainha do Carnaval 2026.<\/p>\n<p>Tamb\u00e9m se apresentaram as principais escolas de samba da festa popular: Cachasamba, com o enredo \u201cUtopias, Hist\u00f3rias e Magias da Floresta\u201d; Le\u00e3o Dourado, com enredo \u201cFor\u00e7a Baiana, For\u00e7a Africana, For\u00e7a Divina\u201d; e Carga Pesada, com o enredo \u201cCordeir\u00f3polis: No Trilho da Hist\u00f3ria, na Trilha da F\u00e9\u201d, que v\u00e3o desfilar, alternadamente, entre s\u00e1bado e segunda-feira.<\/p>\n<p>Os desfiles das escolas de samba ter\u00e3o in\u00edcio na Rua Domingos Martins e seguir\u00e3o at\u00e9 o espa\u00e7o do palco principal (ou seja, sentido Centro-Bairro). A popula\u00e7\u00e3o poder\u00e1 acompanhar gratuitamente das arquibancadas. Ap\u00f3s os desfiles, acontecem os shows no palco principal.<\/p>\n<p>Na sexta-feira, primeiro dia do Carnaval, desfila a Escola de Samba Samuca, de Rio Claro. Na sequ\u00eancia, tocam: Banda Lesco, O Cl\u00e3 e Batuque da Nega. No s\u00e1bado (14), \u00e9 a vez das escolas Carga Pesada e Cachasamba desfilarem para o p\u00fablico. No mesmo dia, tem Bloco Folia dos Brahmeiros, Lesco, Sem Reznha e DJ Guetto.<\/p>\n<p>No domingo (15), desfilam as escolas Le\u00e3o Dourado e Carga Pesada. Depois, o p\u00fablico acompanha os shows de Lesco, Boka Loka e o DJ Baba. Para fechar o Carna Cordeiro 2026, a segunda-feira (16) ter\u00e1 os desfiles da Cachasamba e da Le\u00e3o Dourado e o Bloco Folia dos Brahmeiros. Na sequ\u00eancia, se apresentam Lesco, Lucas Morato e Vov\u00f4 do Funk.<\/p>\n<p><strong>Estrutura<\/strong><\/p>\n<p>O palco principal do Carna Cordeiro ficar\u00e1 instalado na primeira rotat\u00f3ria da Avenida Presidente Vargas, sentido Jardim Eldorado. Haver\u00e1, tamb\u00e9m, a Balada VIP, com shows de DJs e entrada gratuita. Esse espa\u00e7o ficar\u00e1 na segunda rotat\u00f3ria da via. O evento contar\u00e1 com pra\u00e7a de alimenta\u00e7\u00e3o, de responsabilidade da empresa terceirizada para realizar o Carnaval.<\/p>\n<p>A estrutura contar\u00e1 ainda com banheiros qu\u00edmicos, monitoramento, seguran\u00e7a e revista. Ser\u00e1 proibida a entrada com coolers e outros itens, conforme orienta\u00e7\u00e3o que ser\u00e1 informada no acesso do evento. A entrada principal do p\u00fablico ser\u00e1 pela Avenida Presidente Vargas, na esquina com a Rua Domingos Martins. Ingressos para Camarote e \u00c1rea VIP podem ser adquiridos on-line (https:\/\/q2ingressos.com.br\/eventgroup\/carnacordeiro2026).<\/p>\n<p>Para garantir a seguran\u00e7a e organiza\u00e7\u00e3o, a Avenida Presidente Vargas ser\u00e1 interditada no trecho da esquina com a Rua Adhemar Pereira de Barros para os desfiles. O local permanecer\u00e1 fechado at\u00e9 o t\u00e9rmino dos desfiles. Neste momento, a via j\u00e1 est\u00e1 interditada a partir da Rua Dino Boldrini para montagem da estrutura do carnaval.<\/p>\n<p>De acordo com a Secretaria de Seguran\u00e7a P\u00fablica e Tr\u00e2nsito, haver\u00e1 refor\u00e7o na seguran\u00e7a pela Guarda Civil Municipal (GCM) e Pol\u00edcia Militar (PM) durante os dias de Carnaval, conforme alinhado na \u00faltima reuni\u00e3o do Conselho Comunit\u00e1rio de Seguran\u00e7a (Conseg). A realiza\u00e7\u00e3o do Carna Cordeiro 2026 \u00e9 da Secretaria de Cultura, Turismo e Eventos, com apoio das demais secretarias.<\/p>\n<\/p><\/div>\n<p><br \/>\n<br \/><a href=\"https:\/\/www.cordeiropolis.sp.gov.br\/carna-cordeiro-2026-tera-desfiles-das-escolas-de-samba-e-shows-todas-as-noites\/\" rel=\"noopener\">Informa\u00e7\u00f5es Cordeir\u00f3polis <\/a><\/p>\n","protected":false},"excerpt":{"rendered":"<p>O Carna Cordeiro 2026 come\u00e7a na pr\u00f3xima sexta-feira (13) em Cordeir\u00f3polis. O evento ser\u00e1 realizado na Avenida Presidente Vargas, at\u00e9 segunda-feira (16), sempre a partir das 19h. A entrada \u00e9 gratuita. Os principais shows s\u00e3o de Lucas Morato, Boka Loka, Sem Reznha, O Cl\u00e3, Batuque da Nega e Lesco. Tamb\u00e9m haver\u00e1 desfile das escolas de [&hellip;]<\/p>\n","protected":false},"author":1,"featured_media":0,"comment_status":"closed","ping_status":"open","sticky":false,"template":"","format":"standard","meta":{"_jetpack_newsletter_access":"","_jetpack_dont_email_post_to_subs":false,"_jetpack_newsletter_tier_id":0,"_jetpack_memberships_contains_paywalled_content":false,"_mbp_banners":[],"_jetpack_feature_clip_id":0,"_jetpack_memberships_contains_paid_content":false,"footnotes":"","jetpack_publicize_message":"","jetpack_publicize_feature_enabled":true,"jetpack_social_post_already_shared":true,"jetpack_social_options":{"image_generator_settings":{"template":"highway","default_image_id":0,"font":"","enabled":false},"version":2},"jetpack_post_was_ever_published":false},"categories":[20],"tags":[],"class_list":["post-54851","post","type-post","status-publish","format-standard","category-regiao"],"jetpack_publicize_connections":[],"jetpack-related-posts":[],"jetpack_shortlink":"https:\/\/wp.me\/p7Eq1F-egH","jetpack_sharing_enabled":true,"jetpack_featured_media_url":"","_links":{"self":[{"href":"https:\/\/guialimeira.com.br\/news\/wp-json\/wp\/v2\/posts\/54851","targetHints":{"allow":["GET"]}}],"collection":[{"href":"https:\/\/guialimeira.com.br\/news\/wp-json\/wp\/v2\/posts"}],"about":[{"href":"https:\/\/guialimeira.com.br\/news\/wp-json\/wp\/v2\/types\/post"}],"author":[{"embeddable":true,"href":"https:\/\/guialimeira.com.br\/news\/wp-json\/wp\/v2\/users\/1"}],"replies":[{"embeddable":true,"href":"https:\/\/guialimeira.com.br\/news\/wp-json\/wp\/v2\/comments?post=54851"}],"version-history":[{"count":1,"href":"https:\/\/guialimeira.com.br\/news\/wp-json\/wp\/v2\/posts\/54851\/revisions"}],"predecessor-version":[{"id":54852,"href":"https:\/\/guialimeira.com.br\/news\/wp-json\/wp\/v2\/posts\/54851\/revisions\/54852"}],"wp:attachment":[{"href":"https:\/\/guialimeira.com.br\/news\/wp-json\/wp\/v2\/media?parent=54851"}],"wp:term":[{"taxonomy":"category","embeddable":true,"href":"https:\/\/guialimeira.com.br\/news\/wp-json\/wp\/v2\/categories?post=54851"},{"taxonomy":"post_tag","embeddable":true,"href":"https:\/\/guialimeira.com.br\/news\/wp-json\/wp\/v2\/tags?post=54851"}],"curies":[{"name":"wp","href":"https:\/\/api.w.org\/{rel}","templated":true}]}}