{"id":5469,"date":"2024-05-17T22:14:14","date_gmt":"2024-05-18T01:14:14","guid":{"rendered":"https:\/\/guialimeira.com.br\/2024\/05\/17\/festival-de-agricultores-do-mundo-abre-espaco-para-produtores-artesanais\/"},"modified":"2024-05-17T22:14:14","modified_gmt":"2024-05-18T01:14:14","slug":"festival-de-agricultores-do-mundo-abre-espaco-para-produtores-artesanais","status":"publish","type":"post","link":"https:\/\/guialimeira.com.br\/news\/festival-de-agricultores-do-mundo-abre-espaco-para-produtores-artesanais\/","title":{"rendered":"Festival de agricultores do mundo abre espa\u00e7o para produtores artesanais"},"content":{"rendered":"<p> <br \/>\n<\/p>\n<div id=\"\">&#13;<br \/>\n                                <!-- Title -->&#13;<br \/>\n                                &#13;<br \/>\n&#13;<br \/>\n                                <!-- Excerpt -->&#13;<\/p>\n<p class=\"excerpt\">O Gafff, evento que apoia os agricultores familiares a participarem da feira, acontece em junho, no Allianz Parque, zona oeste de SP<\/p>\n<p>&#13;<br \/>\n&#13;<br \/>\n                                &#13;\n                            <\/p><\/div>\n<div id=\"\">&#13;<\/p>\n<figure id=\"attachment_5885882\" style=\"width: 100%;max-width: 733px\" class=\"wp-caption alignnone\"><img data-recalc-dims=\"1\" decoding=\"async\" loading=\"lazy\" class=\" wp-image-5885882\" src=\"https:\/\/i0.wp.com\/www.saopaulo.sp.gov.br\/wp-content\/uploads\/2024\/05\/WhatsApp-Image-2024-05-16-at-11.11.32-300x216.jpg?resize=696%2C501&#038;ssl=1\" alt=\"\" width=\"696\" height=\"501\" srcset=\"https:\/\/www.saopaulo.sp.gov.br\/wp-content\/uploads\/2024\/05\/WhatsApp-Image-2024-05-16-at-11.11.32-300x216.jpg 300w, https:\/\/www.saopaulo.sp.gov.br\/wp-content\/uploads\/2024\/05\/WhatsApp-Image-2024-05-16-at-11.11.32-768x553.jpg 768w, https:\/\/www.saopaulo.sp.gov.br\/wp-content\/uploads\/2024\/05\/WhatsApp-Image-2024-05-16-at-11.11.32.jpg 1000w\" sizes=\"auto, (max-width: 733px) 100vw, 733px\"\/><figcaption class=\"wp-caption-text\">Os produtores que tiverem interesse em participar deste evento devem realizar a inscri\u00e7\u00e3o<\/figcaption><\/figure>\n<p>Nos dias 27 e 28 de junho, o Allianz Parque, zona oeste da capital paulista, ser\u00e1 palco do maior encontro de cultura agro do mundo, o Global Agribusiness Festival (GAFFFF). O evento, uma vers\u00e3o ampliada do tradicional Global Agribusiness Forum (GAF), organizado pela consultoria Datagro, em parceria com a empresa do setor financeiro XP, reunir\u00e1 o melhor do mundo de neg\u00f3cios e entretenimento do setor agro.<\/p>\n<div data-embed-id=\"6Pt5zRAKjm4\" data-styles=\"{&quot;display&quot;:&quot;block&quot;,&quot;margin-left&quot;:&quot;auto&quot;,&quot;margin-right&quot;:&quot;auto&quot;,&quot;width&quot;:&quot;75%&quot;}\">\n<p><span class=\"embed-youtube\" style=\"text-align:center; display: block;\"><iframe loading=\"lazy\" class=\"youtube-player\" width=\"696\" height=\"392\" src=\"https:\/\/www.youtube.com\/embed\/6Pt5zRAKjm4?version=3&#038;rel=1&#038;showsearch=0&#038;showinfo=1&#038;iv_load_policy=1&#038;fs=1&#038;hl=pt-BR&#038;autohide=2&#038;wmode=transparent\" allowfullscreen=\"true\" style=\"border:0;\" sandbox=\"allow-scripts allow-same-origin allow-popups allow-presentation allow-popups-to-escape-sandbox\"><\/iframe><\/span><\/p>\n<p>\u00a0<\/p>\n<p>E a nova vers\u00e3o conta com mais uma novidade este ano, a parceria com a Secretaria de Agricultura e Abastecimento de S\u00e3o Paulo que, por meio das C\u00e2maras Setoriais e APLs (Arranjos Produtivos Locais), vai apoiar pequenos agricultores para participar do evento, expondo seus produtos que ser\u00e3o comercializados em uma \u00e1rea totalmente dedicada aos artesanais.<\/p>\n<\/div>\n<p>Al\u00e9m disso, a Secretaria de Agricultura apoia a feira com curadoria t\u00e9cnica e cient\u00edfica, por meio de seus institutos de pesquisa nos diversos pain\u00e9is e f\u00f3runs realizados durante o evento.<\/p>\n<p>Os produtores que tiverem interesse em participar deste evento no estado de S\u00e3o Paulo podem realizar a inscri\u00e7\u00e3o no <a href=\"https:\/\/docs.google.com\/forms\/d\/e\/1FAIpQLSdMFde1zvLTd0yAFkGOWWWQCqYizT9g3WkP-vv_lXrQXM46Yw\/viewform\" target=\"_blank\" rel=\"noopener noreferrer\">link<\/a>.<\/p>\n<p>Siga o canal \u201cGoverno de S\u00e3o Paulo\u201d no WhatsApp:<br \/><a href=\"https:\/\/bit.ly\/govspnozap\" target=\"_blank\" rel=\"noopener noreferrer\">https:\/\/bit.ly\/govspnozap<\/a><\/p>\n<\/p><\/div>\n<p><br \/>\n<br \/><a href=\"https:\/\/www.saopaulo.sp.gov.br\/spnoticias\/ultimas-noticias\/maior-festival-de-cultura-agro-do-mundo-abre-espaco-para-produtores-artesanais-de-sp\/\" rel=\"noopener\">Informa\u00e7\u00f5es GOV.SP<\/a><\/p>\n","protected":false},"excerpt":{"rendered":"<p>&#13; &#13; &#13; &#13; &#13; O Gafff, evento que apoia os agricultores familiares a participarem da feira, acontece em junho, no Allianz Parque, zona oeste de SP &#13; &#13; &#13; &#13; Os produtores que tiverem interesse em participar deste evento devem realizar a inscri\u00e7\u00e3o Nos dias 27 e 28 de junho, o Allianz Parque, zona [&hellip;]<\/p>\n","protected":false},"author":1,"featured_media":5470,"comment_status":"open","ping_status":"open","sticky":false,"template":"","format":"standard","meta":{"_jetpack_newsletter_access":"","_jetpack_dont_email_post_to_subs":false,"_jetpack_newsletter_tier_id":0,"_jetpack_memberships_contains_paywalled_content":false,"_mbp_banners":[],"_jetpack_feature_clip_id":0,"_jetpack_memberships_contains_paid_content":false,"footnotes":"","jetpack_publicize_message":"","jetpack_publicize_feature_enabled":true,"jetpack_social_post_already_shared":true,"jetpack_social_options":{"image_generator_settings":{"template":"highway","default_image_id":0,"font":"","enabled":false},"version":2},"jetpack_post_was_ever_published":false},"categories":[21],"tags":[],"class_list":["post-5469","post","type-post","status-publish","format-standard","has-post-thumbnail","category-sp-news"],"jetpack_publicize_connections":[],"jetpack-related-posts":[],"jetpack_shortlink":"https:\/\/wp.me\/p7Eq1F-1qd","jetpack_sharing_enabled":true,"jetpack_featured_media_url":"https:\/\/i0.wp.com\/guialimeira.com.br\/news\/wp-content\/uploads\/2024\/05\/Festival-de-agricultores-do-mundo-abre-espaco-para-produtores-artesanais.jpg?fit=300%2C216&ssl=1","_links":{"self":[{"href":"https:\/\/guialimeira.com.br\/news\/wp-json\/wp\/v2\/posts\/5469","targetHints":{"allow":["GET"]}}],"collection":[{"href":"https:\/\/guialimeira.com.br\/news\/wp-json\/wp\/v2\/posts"}],"about":[{"href":"https:\/\/guialimeira.com.br\/news\/wp-json\/wp\/v2\/types\/post"}],"author":[{"embeddable":true,"href":"https:\/\/guialimeira.com.br\/news\/wp-json\/wp\/v2\/users\/1"}],"replies":[{"embeddable":true,"href":"https:\/\/guialimeira.com.br\/news\/wp-json\/wp\/v2\/comments?post=5469"}],"version-history":[{"count":0,"href":"https:\/\/guialimeira.com.br\/news\/wp-json\/wp\/v2\/posts\/5469\/revisions"}],"wp:featuredmedia":[{"embeddable":true,"href":"https:\/\/guialimeira.com.br\/news\/wp-json\/wp\/v2\/media\/5470"}],"wp:attachment":[{"href":"https:\/\/guialimeira.com.br\/news\/wp-json\/wp\/v2\/media?parent=5469"}],"wp:term":[{"taxonomy":"category","embeddable":true,"href":"https:\/\/guialimeira.com.br\/news\/wp-json\/wp\/v2\/categories?post=5469"},{"taxonomy":"post_tag","embeddable":true,"href":"https:\/\/guialimeira.com.br\/news\/wp-json\/wp\/v2\/tags?post=5469"}],"curies":[{"name":"wp","href":"https:\/\/api.w.org\/{rel}","templated":true}]}}