{"id":5460,"date":"2024-05-17T21:12:53","date_gmt":"2024-05-18T00:12:53","guid":{"rendered":"https:\/\/guialimeira.com.br\/2024\/05\/17\/turismo-de-sp-marca-presenca-em-evento-de-observacao-de-aves\/"},"modified":"2024-05-17T21:12:53","modified_gmt":"2024-05-18T00:12:53","slug":"turismo-de-sp-marca-presenca-em-evento-de-observacao-de-aves","status":"publish","type":"post","link":"https:\/\/guialimeira.com.br\/news\/turismo-de-sp-marca-presenca-em-evento-de-observacao-de-aves\/","title":{"rendered":"Turismo de SP marca presen\u00e7a em evento de observa\u00e7\u00e3o de aves"},"content":{"rendered":"<p> <br \/>\n<\/p>\n<div id=\"\">&#13;<br \/>\n                                <!-- Title -->&#13;<br \/>\n                                &#13;<br \/>\n&#13;<br \/>\n                                <!-- Excerpt -->&#13;<\/p>\n<p class=\"excerpt\">Com crescimento de mais de 20% ao ano, atividade apoia o desenvolvimento de dezenas de munic\u00edpios com atributos ambientais<\/p>\n<p>&#13;<br \/>\n&#13;<br \/>\n                                &#13;\n                            <\/p><\/div>\n<div id=\"\">&#13;<\/p>\n<figure id=\"attachment_5886311\" style=\"width: 100%;max-width: 649px\" class=\"wp-caption alignnone\"><img data-recalc-dims=\"1\" decoding=\"async\" loading=\"lazy\" class=\"size-full wp-image-5886311\" src=\"https:\/\/i0.wp.com\/www.saopaulo.sp.gov.br\/wp-content\/uploads\/2024\/05\/8234.jpeg?resize=649%2C431&#038;ssl=1\" alt=\"\" width=\"649\" height=\"431\" srcset=\"https:\/\/www.saopaulo.sp.gov.br\/wp-content\/uploads\/2024\/05\/8234.jpeg 649w, https:\/\/www.saopaulo.sp.gov.br\/wp-content\/uploads\/2024\/05\/8234-300x199.jpeg 300w\" sizes=\"auto, (max-width: 649px) 100vw, 649px\"\/><figcaption class=\"wp-caption-text\">Ave end\u00eamica da Mata Atl\u00e2ntica consta no guia de destinos para a observa\u00e7\u00e3o de aves<\/figcaption><\/figure>\n<p>A Secretaria de Turismo e Viagens do Estado de S\u00e3o Paulo (Setur-SP) participa nesta semana do maior evento de observa\u00e7\u00e3o de aves do Brasil, a 17\u00ba Avistar Brasil 2024, de 17 a 19 de maio, em S\u00e3o Paulo, e refor\u00e7a a import\u00e2ncia da atividade para o crescimento do turismo paulista.<\/p>\n<p>Com estande provendo 11 regi\u00f5es tur\u00edsticas do estado e participa\u00e7\u00e3o no F\u00f3rum Nacional de Turismo de Observa\u00e7\u00e3o de Aves, que acontece durante a feira, a Setur-SP aposta no turismo de experi\u00eancia ligado ao ecoturismo, segmento que mais cresce no pa\u00eds e acrescenta novos fluxos de visitantes a munic\u00edpios do litoral e interior.<\/p>\n<p>\u201cO turismo de observa\u00e7\u00e3o de aves \u00e9 uma atividade sustent\u00e1vel que tem se tornado aliada na conserva\u00e7\u00e3o dos recursos naturais, al\u00e9m de apoiar o desenvolvimento de munic\u00edpios com atributos ambientais\u201d, afirma Roberto de Lucena, secret\u00e1rio de Turismo e Viagens de SP.\u00a0 O birdwatching, como \u00e9 chamado, j\u00e1 atrai mais de 15 mil viajantes para destinos paulistas, parte deles estrangeiros, monitorados pela organiza\u00e7\u00e3o Wikiaves.<\/p>\n<p>O estado de S\u00e3o Paulo atrai observadores de aves n\u00e3o apenas pela biodiversidade \u2013 h\u00e1 munic\u00edpios com mais de 500 esp\u00e9cies catalogadas, como Ubatuba \u2013 mas tamb\u00e9m pela forma como alguns destinos se organizaram para receber um p\u00fablico que cresce cerca de 20% ao ano, com atividades monitoradas e pacotes em ag\u00eancias de viagem e operadoras de turismo.<\/p>\n<p>\u00c9 o caso de S\u00e3o Francisco Xavier, um distrito de S\u00e3o Jos\u00e9 dos Campos que realiza festivais sobre o tema e oferece roteiros para um tipo especial de turista: os birdwatchers. O relevo acidentado e a perman\u00eancia de extensos remanescentes florestais na regi\u00e3o favorece a vis\u00e3o de esp\u00e9cies amea\u00e7adas de extin\u00e7\u00e3o como o sabi\u00e1-cica e o papagaio-de-peito-roxo, na presen\u00e7a de guias bi\u00f3logos e trilhas consolidadas.<\/p>\n<p>At\u00e9 a cidade de S\u00e3o Paulo conhecida pelos arranha-c\u00e9us abriga mais tipos de aves que todo o Chile ou Portugal. S\u00e3o 506 esp\u00e9cies catalogadas, segundo o Invent\u00e1rio da Fauna Silvestre do Munic\u00edpio de S\u00e3o Paulo. A variedade se deve a dois corredores verdes que passam pela cidade: as serras da Cantareira e do Mar, al\u00e9m dos mais de 100 parques urbanos espalhados por seu territ\u00f3rio.<\/p>\n<p>Recentemente, a Setur-SP lan\u00e7ou um guia virtual\u00a0 (<a href=\"https:\/\/www.turismo.sp.gov.br\/publico\/include\/download.php?file=112\" target=\"_blank\" rel=\"noopener noreferrer\">https:\/\/www.turismo.sp.gov.br\/publico\/include\/download.php?file=112<\/a>) com os principais destinos de observa\u00e7\u00e3o de aves do estado, al\u00e9m de imagens de p\u00e1ssaros end\u00eamicos, dicas de parques e \u00e1reas verdes onde podem ser observados e principais atrativos tur\u00edsticos do munic\u00edpio, incluindo arte, cultura e gastronomia, tornando a experi\u00eancia de viagem ainda mais atraente. Tamb\u00e9m trabalha com um guia tem\u00e1tico de observa\u00e7\u00e3o da vida silvestre (<a href=\"https:\/\/www.turismo.sp.gov.br\/guia-tematico-de-vida-silvestre\" target=\"_blank\" rel=\"noopener noreferrer\">https:\/\/www.turismo.sp.gov.br\/guia-tematico-de-vida-silvestre<\/a>).<\/p>\n<p>Com mais de 50 expositores, a expectativa da Avistar \u00e9 atrair cerca de 10 mil visitantes, fomentar o debate acad\u00eamico e a discuss\u00e3o do tema com mais de 80 palestras. Assim como na edi\u00e7\u00e3o do ano passado, espera-se que mais da metade do p\u00fablico visite o evento pela primeira vez.<\/p>\n<p>Siga o canal \u201cGoverno de S\u00e3o Paulo\u201d no WhatsApp:<br \/><a href=\"https:\/\/bit.ly\/govspnozap\" target=\"_blank\" rel=\"noopener noreferrer\">https:\/\/bit.ly\/govspnozap<\/a><\/p>\n<\/p><\/div>\n<p><br \/>\n<br \/><a href=\"https:\/\/www.saopaulo.sp.gov.br\/spnoticias\/ultimas-noticias\/turismo-de-sp-marca-presenca-em-evento-de-observacao-de-aves\/\" rel=\"noopener\">Informa\u00e7\u00f5es GOV.SP<\/a><\/p>\n","protected":false},"excerpt":{"rendered":"<p>&#13; &#13; &#13; &#13; &#13; Com crescimento de mais de 20% ao ano, atividade apoia o desenvolvimento de dezenas de munic\u00edpios com atributos ambientais &#13; &#13; &#13; &#13; Ave end\u00eamica da Mata Atl\u00e2ntica consta no guia de destinos para a observa\u00e7\u00e3o de aves A Secretaria de Turismo e Viagens do Estado de S\u00e3o Paulo (Setur-SP) [&hellip;]<\/p>\n","protected":false},"author":1,"featured_media":5461,"comment_status":"open","ping_status":"open","sticky":false,"template":"","format":"standard","meta":{"_jetpack_newsletter_access":"","_jetpack_dont_email_post_to_subs":false,"_jetpack_newsletter_tier_id":0,"_jetpack_memberships_contains_paywalled_content":false,"_mbp_banners":[],"_jetpack_feature_clip_id":0,"_jetpack_memberships_contains_paid_content":false,"footnotes":"","jetpack_publicize_message":"","jetpack_publicize_feature_enabled":true,"jetpack_social_post_already_shared":true,"jetpack_social_options":{"image_generator_settings":{"template":"highway","default_image_id":0,"font":"","enabled":false},"version":2},"jetpack_post_was_ever_published":false},"categories":[21],"tags":[],"class_list":["post-5460","post","type-post","status-publish","format-standard","has-post-thumbnail","category-sp-news"],"jetpack_publicize_connections":[],"jetpack-related-posts":[],"jetpack_shortlink":"https:\/\/wp.me\/p7Eq1F-1q4","jetpack_sharing_enabled":true,"jetpack_featured_media_url":"https:\/\/i0.wp.com\/guialimeira.com.br\/news\/wp-content\/uploads\/2024\/05\/Turismo-de-SP-marca-presenca-em-evento-de-observacao-de.jpeg?fit=649%2C431&ssl=1","_links":{"self":[{"href":"https:\/\/guialimeira.com.br\/news\/wp-json\/wp\/v2\/posts\/5460","targetHints":{"allow":["GET"]}}],"collection":[{"href":"https:\/\/guialimeira.com.br\/news\/wp-json\/wp\/v2\/posts"}],"about":[{"href":"https:\/\/guialimeira.com.br\/news\/wp-json\/wp\/v2\/types\/post"}],"author":[{"embeddable":true,"href":"https:\/\/guialimeira.com.br\/news\/wp-json\/wp\/v2\/users\/1"}],"replies":[{"embeddable":true,"href":"https:\/\/guialimeira.com.br\/news\/wp-json\/wp\/v2\/comments?post=5460"}],"version-history":[{"count":0,"href":"https:\/\/guialimeira.com.br\/news\/wp-json\/wp\/v2\/posts\/5460\/revisions"}],"wp:featuredmedia":[{"embeddable":true,"href":"https:\/\/guialimeira.com.br\/news\/wp-json\/wp\/v2\/media\/5461"}],"wp:attachment":[{"href":"https:\/\/guialimeira.com.br\/news\/wp-json\/wp\/v2\/media?parent=5460"}],"wp:term":[{"taxonomy":"category","embeddable":true,"href":"https:\/\/guialimeira.com.br\/news\/wp-json\/wp\/v2\/categories?post=5460"},{"taxonomy":"post_tag","embeddable":true,"href":"https:\/\/guialimeira.com.br\/news\/wp-json\/wp\/v2\/tags?post=5460"}],"curies":[{"name":"wp","href":"https:\/\/api.w.org\/{rel}","templated":true}]}}