{"id":54575,"date":"2026-02-07T15:07:09","date_gmt":"2026-02-07T18:07:09","guid":{"rendered":"https:\/\/guialimeira.com.br\/?p=54575"},"modified":"2026-02-07T15:07:09","modified_gmt":"2026-02-07T18:07:09","slug":"interdicao-na-av-presidente-vargas-comeca-nesta-segunda-para-montagem-do-carnaval-2026-prefeitura-municipal-de-cordeiropolis","status":"publish","type":"post","link":"https:\/\/guialimeira.com.br\/news\/interdicao-na-av-presidente-vargas-comeca-nesta-segunda-para-montagem-do-carnaval-2026-prefeitura-municipal-de-cordeiropolis\/","title":{"rendered":"Interdi\u00e7\u00e3o na Av. Presidente Vargas come\u00e7a nesta segunda para montagem do Carnaval 2026 \u2013 Prefeitura Municipal de Cordeir\u00f3polis"},"content":{"rendered":"<p> <br \/>\n<\/p>\n<div>\n<p>A Prefeitura de Cordeir\u00f3polis informa que, em raz\u00e3o da montagem da estrutura do Carna Cordeiro 2026, haver\u00e1 interdi\u00e7\u00f5es no tr\u00e2nsito da Avenida Presidente Vargas, no trecho onde acontecer\u00e1 o evento. A partir das 7h desta segunda-feira (9), ser\u00e1 realizada interdi\u00e7\u00e3o parcial da via, para instala\u00e7\u00e3o do palco principal, na primeira rotat\u00f3ria sentido Jd. Eldorado. O trecho estar\u00e1 sinalizado.<\/p>\n<p>J\u00e1 a partir de ter\u00e7a-feira (10), a avenida ter\u00e1 interdi\u00e7\u00e3o total nesse trecho, que seguir\u00e1 at\u00e9 o final do Carnaval, na quarta-feira (18). Al\u00e9m da sinaliza\u00e7\u00e3o, a equipe de Tr\u00e2nsito far\u00e1 o monitoramento da regi\u00e3o. Os motoristas devem dirigir com aten\u00e7\u00e3o redobrada nesses locais.<\/p>\n<p>Durante esse per\u00edodo, a Secretaria de Seguran\u00e7a P\u00fablica e Tr\u00e2nsito orienta os motoristas a utilizarem rotas alternativas. Quem estiver na Avenida Presidente Vargas e precisar acessar os bairros Jardim Eldorado, Jardim Cordeiro ou a Rodovia Washington Lu\u00eds dever\u00e1 utilizar a Rua Doutor Adhemar Pereira de Barros e acessar, em seguida, a Rua Francisco Minatel.<\/p>\n<p>No sentido contr\u00e1rio, motoristas que estiverem nos bairros Jardim Eldorado ou Jardim Cordeiro e precisarem acessar a Avenida Presidente Vargas devem utilizar a Rua Francisco Minatel, com acesso pela Rua Doutor Adhemar Pereira de Barros.<\/p>\n<\/p><\/div>\n<p><br \/>\n<br \/><a href=\"https:\/\/www.cordeiropolis.sp.gov.br\/interdicao-na-av-presidente-vargas-comeca-nesta-segunda-para-montagem-do-carnaval-2026\/\" rel=\"noopener\">Informa\u00e7\u00f5es Cordeir\u00f3polis <\/a><\/p>\n","protected":false},"excerpt":{"rendered":"<p>A Prefeitura de Cordeir\u00f3polis informa que, em raz\u00e3o da montagem da estrutura do Carna Cordeiro 2026, haver\u00e1 interdi\u00e7\u00f5es no tr\u00e2nsito da Avenida Presidente Vargas, no trecho onde acontecer\u00e1 o evento. A partir das 7h desta segunda-feira (9), ser\u00e1 realizada interdi\u00e7\u00e3o parcial da via, para instala\u00e7\u00e3o do palco principal, na primeira rotat\u00f3ria sentido Jd. Eldorado. O [&hellip;]<\/p>\n","protected":false},"author":1,"featured_media":0,"comment_status":"closed","ping_status":"open","sticky":false,"template":"","format":"standard","meta":{"_jetpack_newsletter_access":"","_jetpack_dont_email_post_to_subs":false,"_jetpack_newsletter_tier_id":0,"_jetpack_memberships_contains_paywalled_content":false,"_mbp_banners":[],"_jetpack_feature_clip_id":0,"_jetpack_memberships_contains_paid_content":false,"footnotes":"","jetpack_publicize_message":"","jetpack_publicize_feature_enabled":true,"jetpack_social_post_already_shared":true,"jetpack_social_options":{"image_generator_settings":{"template":"highway","default_image_id":0,"font":"","enabled":false},"version":2},"jetpack_post_was_ever_published":false},"categories":[20],"tags":[],"class_list":["post-54575","post","type-post","status-publish","format-standard","category-regiao"],"jetpack_publicize_connections":[],"jetpack-related-posts":[],"jetpack_shortlink":"https:\/\/wp.me\/p7Eq1F-ecf","jetpack_sharing_enabled":true,"jetpack_featured_media_url":"","_links":{"self":[{"href":"https:\/\/guialimeira.com.br\/news\/wp-json\/wp\/v2\/posts\/54575","targetHints":{"allow":["GET"]}}],"collection":[{"href":"https:\/\/guialimeira.com.br\/news\/wp-json\/wp\/v2\/posts"}],"about":[{"href":"https:\/\/guialimeira.com.br\/news\/wp-json\/wp\/v2\/types\/post"}],"author":[{"embeddable":true,"href":"https:\/\/guialimeira.com.br\/news\/wp-json\/wp\/v2\/users\/1"}],"replies":[{"embeddable":true,"href":"https:\/\/guialimeira.com.br\/news\/wp-json\/wp\/v2\/comments?post=54575"}],"version-history":[{"count":1,"href":"https:\/\/guialimeira.com.br\/news\/wp-json\/wp\/v2\/posts\/54575\/revisions"}],"predecessor-version":[{"id":54576,"href":"https:\/\/guialimeira.com.br\/news\/wp-json\/wp\/v2\/posts\/54575\/revisions\/54576"}],"wp:attachment":[{"href":"https:\/\/guialimeira.com.br\/news\/wp-json\/wp\/v2\/media?parent=54575"}],"wp:term":[{"taxonomy":"category","embeddable":true,"href":"https:\/\/guialimeira.com.br\/news\/wp-json\/wp\/v2\/categories?post=54575"},{"taxonomy":"post_tag","embeddable":true,"href":"https:\/\/guialimeira.com.br\/news\/wp-json\/wp\/v2\/tags?post=54575"}],"curies":[{"name":"wp","href":"https:\/\/api.w.org\/{rel}","templated":true}]}}