{"id":5445,"date":"2024-05-17T20:07:48","date_gmt":"2024-05-17T23:07:48","guid":{"rendered":"https:\/\/guialimeira.com.br\/2024\/05\/17\/procon-sp-monitora-precos-do-arroz-para-evitar-especulacao\/"},"modified":"2024-05-17T20:07:48","modified_gmt":"2024-05-17T23:07:48","slug":"procon-sp-monitora-precos-do-arroz-para-evitar-especulacao","status":"publish","type":"post","link":"https:\/\/guialimeira.com.br\/news\/procon-sp-monitora-precos-do-arroz-para-evitar-especulacao\/","title":{"rendered":"Procon-SP monitora pre\u00e7os do arroz para evitar especula\u00e7\u00e3o"},"content":{"rendered":"<p> <br \/>\n<\/p>\n<div>\n<p>A Funda\u00e7\u00e3o de Prote\u00e7\u00e3o e Defesa do Consumidor (Procon-SP) Come\u00e7ou a monitorar o pre\u00e7o do arroz para identificar eventual especula\u00e7\u00e3o no valor do produto no estado de S\u00e3o Paulo. A oferta do alimento nos mercados, assim como a varia\u00e7\u00e3o dos pre\u00e7os, ser\u00e1 analisada semanalmente pela entidade.<\/p>\n<p>Na primeira medi\u00e7\u00e3o, realizada no dia 15 deste m\u00eas na capital paulista, o pre\u00e7o do saco de arroz com um quilo variou de R$ 7,51 a R$ 8,38. J\u00e1 o quilo do arroz integral variou de R$ 7,92 a R$ 8,44.<img data-recalc-dims=\"1\" decoding=\"async\" src=\"https:\/\/i0.wp.com\/agenciabrasil.ebc.com.br\/ebc.png?w=696&#038;ssl=1\" style=\"width:1px; height:1px; display:inline;\"\/><img data-recalc-dims=\"1\" decoding=\"async\" src=\"https:\/\/i0.wp.com\/agenciabrasil.ebc.com.br\/ebc.gif?w=696&#038;ssl=1\" style=\"width:1px; height:1px; display:inline;\"\/><\/p>\n<p>Sobre a possibilidade de racionamento do produto, o Procon-SP ressalta que o C\u00f3digo de Defesa do Consumidor estabelece que \u00e9 pr\u00e1tica abusiva condicionar o fornecimento de produto a limites quantitativos sem justa causa.<\/p>\n<p>\u201cNo entanto, face a gravidade da trag\u00e9dia amplamente conhecida no Rio Grande do Sul, o Procon-SP entende que \u00e9 justific\u00e1vel que fornecedores disponibilizem os produtos com alguma restri\u00e7\u00e3o quantitativa, com o objetivo de atender ao maior n\u00famero poss\u00edvel de consumidores e, assim, ajudar no combate \u00e0 especula\u00e7\u00e3o\u201d, diz nota da entidade.<\/p>\n<p>Maior produtor de arroz do Brasil, o estado do Rio Grande do Sul vem sendo atingido por chuvas fortes desde o fim de abril.<\/p>\n<h2>Situa\u00e7\u00f5es abusivas<\/h2>\n<p>Segundo o diretor executivo do Procon-SP, Luiz Orsatti Filho, os consumidores devem denunciar situa\u00e7\u00f5es que considerem abusivas. \u201cA informa\u00e7\u00e3o \u00e9 a ferramenta mais adequada para os consumidores identificarem pr\u00e1ticas contraindicadas, como a forma\u00e7\u00e3o de estoques sem necessidade, que causam aumento de pre\u00e7o e falta do produto\u201d, disse Orartti.<\/p>\n<p>O Procon-SP destaca que, apesar de o pre\u00e7o dos produtos n\u00e3o ser tabelado, situa\u00e7\u00f5es que consideradas abusivas devem ser denunciadas. As den\u00fancias podem ser feitas pelo <a href=\"https:\/\/www.procon.sp.gov.br\" target=\"_blank\" rel=\"noopener\"><em>site <\/em>da institui\u00e7\u00e3o<\/a>.<\/p>\n<p>Sobre a possibilidade de racionamento do produto, o Procon-SP ressalta que o C\u00f3digo de Defesa do Consumidor estabelece que \u00e9 pr\u00e1tica abusiva condicionar o fornecimento de produto a limites quantitativos sem justa causa.<\/p>\n<p>\u201cNo entanto, face a gravidade da trag\u00e9dia amplamente conhecida no Rio Grande do Sul, o Procon-SP entende que \u00e9 justific\u00e1vel que fornecedores disponibilizem os produtos com alguma restri\u00e7\u00e3o quantitativa, com o objetivo de atender ao maior n\u00famero poss\u00edvel de consumidores e, assim, ajudar no combate \u00e0 especula\u00e7\u00e3o\u201d, diz nota da entidade.<\/p>\n<\/p><\/div>\n<p><br \/>\n<br \/><a href=\"https:\/\/agenciabrasil.ebc.com.br\/economia\/noticia\/2024-05\/procon-sp-monitora-precos-do-arroz-para-evitar-especulacao\" rel=\"noopener\">Ag\u00eancia Brasil<\/a><\/p>\n","protected":false},"excerpt":{"rendered":"<p>A Funda\u00e7\u00e3o de Prote\u00e7\u00e3o e Defesa do Consumidor (Procon-SP) Come\u00e7ou a monitorar o pre\u00e7o do arroz para identificar eventual especula\u00e7\u00e3o no valor do produto no estado de S\u00e3o Paulo. A oferta do alimento nos mercados, assim como a varia\u00e7\u00e3o dos pre\u00e7os, ser\u00e1 analisada semanalmente pela entidade. Na primeira medi\u00e7\u00e3o, realizada no dia 15 deste m\u00eas [&hellip;]<\/p>\n","protected":false},"author":1,"featured_media":4514,"comment_status":"open","ping_status":"open","sticky":false,"template":"","format":"standard","meta":{"_jetpack_newsletter_access":"","_jetpack_dont_email_post_to_subs":false,"_jetpack_newsletter_tier_id":0,"_jetpack_memberships_contains_paywalled_content":false,"_mbp_banners":[],"_jetpack_feature_clip_id":0,"_jetpack_memberships_contains_paid_content":false,"footnotes":"","jetpack_publicize_message":"","jetpack_publicize_feature_enabled":true,"jetpack_social_post_already_shared":true,"jetpack_social_options":{"image_generator_settings":{"template":"highway","default_image_id":0,"font":"","enabled":false},"version":2},"jetpack_post_was_ever_published":false},"categories":[24],"tags":[],"class_list":["post-5445","post","type-post","status-publish","format-standard","has-post-thumbnail","category-economia"],"jetpack_publicize_connections":[],"jetpack-related-posts":[],"jetpack_shortlink":"https:\/\/wp.me\/p7Eq1F-1pP","jetpack_sharing_enabled":true,"jetpack_featured_media_url":"https:\/\/i0.wp.com\/guialimeira.com.br\/news\/wp-content\/uploads\/2024\/05\/arroz_1009201525.jpg?fit=1600%2C800&ssl=1","_links":{"self":[{"href":"https:\/\/guialimeira.com.br\/news\/wp-json\/wp\/v2\/posts\/5445","targetHints":{"allow":["GET"]}}],"collection":[{"href":"https:\/\/guialimeira.com.br\/news\/wp-json\/wp\/v2\/posts"}],"about":[{"href":"https:\/\/guialimeira.com.br\/news\/wp-json\/wp\/v2\/types\/post"}],"author":[{"embeddable":true,"href":"https:\/\/guialimeira.com.br\/news\/wp-json\/wp\/v2\/users\/1"}],"replies":[{"embeddable":true,"href":"https:\/\/guialimeira.com.br\/news\/wp-json\/wp\/v2\/comments?post=5445"}],"version-history":[{"count":0,"href":"https:\/\/guialimeira.com.br\/news\/wp-json\/wp\/v2\/posts\/5445\/revisions"}],"wp:featuredmedia":[{"embeddable":true,"href":"https:\/\/guialimeira.com.br\/news\/wp-json\/wp\/v2\/media\/4514"}],"wp:attachment":[{"href":"https:\/\/guialimeira.com.br\/news\/wp-json\/wp\/v2\/media?parent=5445"}],"wp:term":[{"taxonomy":"category","embeddable":true,"href":"https:\/\/guialimeira.com.br\/news\/wp-json\/wp\/v2\/categories?post=5445"},{"taxonomy":"post_tag","embeddable":true,"href":"https:\/\/guialimeira.com.br\/news\/wp-json\/wp\/v2\/tags?post=5445"}],"curies":[{"name":"wp","href":"https:\/\/api.w.org\/{rel}","templated":true}]}}