{"id":5441,"date":"2024-05-17T19:20:49","date_gmt":"2024-05-17T22:20:49","guid":{"rendered":"https:\/\/guialimeira.com.br\/2024\/05\/17\/indice-de-alfabetizacao-em-limeira-atinge-972-e-supera-medias-estadual-e-nacional-resultado-reflete-acoes-adotadas-pela-educacao\/"},"modified":"2024-05-17T19:20:49","modified_gmt":"2024-05-17T22:20:49","slug":"indice-de-alfabetizacao-em-limeira-atinge-972-e-supera-medias-estadual-e-nacional-resultado-reflete-acoes-adotadas-pela-educacao","status":"publish","type":"post","link":"https:\/\/guialimeira.com.br\/news\/indice-de-alfabetizacao-em-limeira-atinge-972-e-supera-medias-estadual-e-nacional-resultado-reflete-acoes-adotadas-pela-educacao\/","title":{"rendered":"\u00cdndice de alfabetiza\u00e7\u00e3o em Limeira atinge\u00a097,2% e supera m\u00e9dias estadual e nacional; resultado reflete a\u00e7\u00f5es adotadas pela Educa\u00e7\u00e3o"},"content":{"rendered":"<p> <br \/>\n<\/p>\n<div id=\"\">&#13;<br \/>\n                &#13;<br \/>\n&#13;<br \/>\n&#13;<br \/>\n&#13;<br \/>\n    <img data-recalc-dims=\"1\" decoding=\"async\" src=\"https:\/\/i0.wp.com\/ecrie.com.br\/sistema\/conteudos\/imagem\/m_137_0_1_17052024172349.jpg?w=696&#038;ssl=1\" alt=\"\u00cdndice de alfabetiza\u00e7\u00e3o em Limeira atinge\u00a097,2% e supera m\u00e9dias estadual e nacional; resultado reflete a\u00e7\u00f5es adotadas pela Educa\u00e7\u00e3o\"\/>&#13;<br \/>\n&#13;<\/p>\n<p>Limeira \u00e9 o 282\u00ba munic\u00edpio brasileiro com a maior taxa de alfabetiza\u00e7\u00e3o, segundo dados do Censo 2022 divulgados pelo IBGE nesta sexta-feira (17). O Censo pesquisou todas as 5.570 cidades do pa\u00eds.\u00a0O \u00edndice, que considera a popula\u00e7\u00e3o a partir dos 15 anos, \u00e9 de 97,2%, porcentual acima do verificado no \u00e2mbito nacional, de 93%, e no estado de S\u00e3o Paulo, de 96,89%. Vale ressaltar que, na faixa et\u00e1ria de 15 a 19 anos, quase toda popula\u00e7\u00e3o limeirense \u00e9 alfabetizada, ou seja, 99,09% dos habitantes sabem ler e escrever.\u00a0<\/p>\n<p>&#13;<\/p>\n<p>O prefeito Mario Botion destacou que os resultados positivos &#8211; e inclusive acima das m\u00e9dias nacional e estadual &#8211; s\u00e3o fruto de uma educa\u00e7\u00e3o de qualidade. &#8220;Limeira \u00e9 reconhecida pelo \u00f3timo ensino. A nossa gest\u00e3o colocou \u00e0 disposi\u00e7\u00e3o da Rede Municipal ferramentas e equipamentos tecnol\u00f3gicos que aprimoram e contribuem na busca do conhecimento. E esses resultados positivos s\u00e3o atribu\u00eddos principalmente aos profissionais dedicados e qualificados, a quem agradecemos sempre pelo empenho&#8221;, disse.<\/p>\n<p>&#13;<\/p>\n<p>Erika Tank\u00a0tamb\u00e9m comentou a divulga\u00e7\u00e3o da pesquisa. \u201cO comprometimento do nosso munic\u00edpio com a Educa\u00e7\u00e3o \u00e9 claramente evidenciado pelos novos dados do IBGE, refletindo compromisso s\u00e9rio e cont\u00ednuo\u201d, enfatizou. \u201cSeguimos firmes na valoriza\u00e7\u00e3o da alfabetiza\u00e7\u00e3o nas escolas municipais, dedicando esfor\u00e7os para melhorar a qualidade do ensino\u201d, completou.<\/p>\n<p>&#13;<\/p>\n<p>Os resultados, que demonstram a efic\u00e1cia das Pol\u00edticas P\u00fablicas do atual governo, foram comemorados pelo secret\u00e1rio de Educa\u00e7\u00e3o, Andr\u00e9 De Francesco. Ele pontuou os esfor\u00e7os da pasta para universalizar o acesso \u00e0 educa\u00e7\u00e3o, a exemplo da Educa\u00e7\u00e3o de Jovens e Adultos (EJA), voltada a pessoas de 15 anos ou mais, que n\u00e3o ingressaram nos bancos escolares ou abandonaram a escola. \u201cAcabamos de lan\u00e7ar nas redes sociais da prefeitura uma nova campanha para incentivar essas pessoas a come\u00e7arem ou retomarem os estudos\u201d, salientou Francesco. Para mais informa\u00e7\u00f5es sobre a EJA, clique <a href=\"https:\/\/www.limeira.sp.gov.br\/imprensa\/noticias\/educacao\/eja-recebe-inscricoes-de-pessoas-interessadas-em-fazer-ou-concluir-ensino-fundamental\" target=\"_blank\" rel=\"noopener\">aqui<\/a>.<\/p>\n<p>&#13;<\/p>\n<p>Outra iniciativa citada por Francesco \u00e9 o programa de busca-ativa de crian\u00e7as que j\u00e1 completaram 4 anos e que, pela lei, devem frequentar a escola. \u201cA experi\u00eancia\u00a0reduziu a evas\u00e3o escolar em 91% durante o per\u00edodo de pandemia\u201d, disse.<\/p>\n<p>&#13;<\/p>\n<p>A chefe de Servi\u00e7o Social da Secretaria de Educa\u00e7\u00e3o, Maria Helvira Arantes Andrade, destacou que as a\u00e7\u00f5es de busca-ativa\u00a0envolvem a identifica\u00e7\u00e3o, localiza\u00e7\u00e3o, registro e matr\u00edcula de crian\u00e7as e adolescentes com baixa frequ\u00eancia ou evas\u00e3o escolar. \u201cEsse \u00a0trabalho rendeu duas premia\u00e7\u00f5es a nosso munic\u00edpio, o Programa de Valoriza\u00e7\u00e3o da Educa\u00e7\u00e3o (PVE), na esfera nacional, e o programa Parcerias Municipais \u2013 Cases Inovadores 2022, no \u00e2mbito estadual\u201d, observou Helvira.\u00a0<\/p>\n<p>&#13;<\/p>\n<p>\u00a0<\/p>\n<p>&#13;<\/p>\n<p>\u00a0<\/p>\n<p>&#13;<br \/>\n&#13;<br \/>\n&#13;<br \/>\n&#13;<\/p>\n<aside class=\"list-related no-print\">&#13;<br \/>\n        &#13;<br \/>\n&#13;<\/p>\n<article class=\"list-item noticias \">&#13;<br \/>\n                    <a class=\"list-item__img\" href=\"https:\/\/limeira.sp.gov.br\/imprensa\/noticias\/gabinete-do-prefeito\/vice-prefeita-participa-de-acao-que-sensibiliza-sobre-combate-a-abuso-de-criancas-e-adolescentes\" tabindex=\"-1\" aria-hidden=\"true\" rel=\"noopener\">&#13;<br \/>\n                        <img data-recalc-dims=\"1\" decoding=\"async\" src=\"https:\/\/i0.wp.com\/ecrie.com.br\/sistema\/conteudos\/imagem\/m_137_1_1_17052024174333.jpg?w=696&#038;ssl=1\" alt=\"Vice-prefeita participa de a\u00e7\u00e3o que sensibiliza sobre combate a abuso de crian\u00e7as e adolescentes\"\/>&#13;<br \/>\n                    <\/a>&#13;<br \/>\n&#13;<br \/>\n                &#13;<br \/>\n            <\/article>\n<p>&#13;<\/p>\n<article class=\"list-item noticias \">&#13;<br \/>\n                    <a class=\"list-item__img\" href=\"https:\/\/limeira.sp.gov.br\/imprensa\/noticias\/gabinete-do-prefeito\/prefeitura-de-limeira-aguardara-novas-orientacoes-sobre-arrecadacao-para-o-sul\" tabindex=\"-1\" aria-hidden=\"true\" rel=\"noopener\">&#13;<br \/>\n                        <img data-recalc-dims=\"1\" decoding=\"async\" src=\"https:\/\/i0.wp.com\/ecrie.com.br\/sistema\/conteudos\/imagem\/m_137_0_1_17052024170753.jpg?w=696&#038;ssl=1\" alt=\"Prefeitura de Limeira aguardar\u00e1 novas orienta\u00e7\u00f5es sobre arrecada\u00e7\u00e3o para o Sul\"\/>&#13;<br \/>\n                    <\/a>&#13;<br \/>\n&#13;<br \/>\n                &#13;<br \/>\n            <\/article>\n<p>&#13;<\/p>\n<article class=\"list-item noticias \">&#13;<br \/>\n                    <a class=\"list-item__img\" href=\"https:\/\/limeira.sp.gov.br\/imprensa\/noticias\/educacao\/eja-recebe-inscricoes-de-pessoas-interessadas-em-fazer-ou-concluir-ensino-fundamental\" tabindex=\"-1\" aria-hidden=\"true\" rel=\"noopener\">&#13;<br \/>\n                        <img data-recalc-dims=\"1\" decoding=\"async\" src=\"https:\/\/i0.wp.com\/ecrie.com.br\/sistema\/conteudos\/imagem\/m_137_0_1_16052024131000.png?w=696&#038;ssl=1\" alt=\"EJA recebe inscri\u00e7\u00f5es de pessoas interessadas em fazer ou concluir Ensino Fundamental\"\/>&#13;<br \/>\n                    <\/a>&#13;<br \/>\n&#13;<br \/>\n                &#13;<br \/>\n            <\/article>\n<p>&#13;<br \/>\n    <\/aside>\n<p>&#13;<br \/>\n&#13;\n            <\/p><\/div>\n<p><br \/>\n<br \/><a href=\"https:\/\/limeira.sp.gov.br\/indice-de-alfabetizacao-em-limeira-atinge972-e-supera-medias-estadual-e-nacional-resultado-reflete-acoes-adotadas-pela-educacao\" rel=\"noopener\">Informa\u00e7\u00f5es da PML <\/a><\/p>\n","protected":false},"excerpt":{"rendered":"<p>&#13; &#13; &#13; &#13; &#13; &#13; &#13; Limeira \u00e9 o 282\u00ba munic\u00edpio brasileiro com a maior taxa de alfabetiza\u00e7\u00e3o, segundo dados do Censo 2022 divulgados pelo IBGE nesta sexta-feira (17). O Censo pesquisou todas as 5.570 cidades do pa\u00eds.\u00a0O \u00edndice, que considera a popula\u00e7\u00e3o a partir dos 15 anos, \u00e9 de 97,2%, porcentual acima do [&hellip;]<\/p>\n","protected":false},"author":1,"featured_media":5442,"comment_status":"open","ping_status":"open","sticky":false,"template":"","format":"standard","meta":{"_jetpack_newsletter_access":"","_jetpack_dont_email_post_to_subs":false,"_jetpack_newsletter_tier_id":0,"_jetpack_memberships_contains_paywalled_content":false,"_mbp_banners":[],"_jetpack_feature_clip_id":0,"_jetpack_memberships_contains_paid_content":false,"footnotes":"","jetpack_publicize_message":"","jetpack_publicize_feature_enabled":true,"jetpack_social_post_already_shared":true,"jetpack_social_options":{"image_generator_settings":{"template":"highway","default_image_id":0,"font":"","enabled":false},"version":2},"jetpack_post_was_ever_published":false},"categories":[16],"tags":[],"class_list":["post-5441","post","type-post","status-publish","format-standard","has-post-thumbnail","category-local"],"jetpack_publicize_connections":[],"jetpack-related-posts":[],"jetpack_shortlink":"https:\/\/wp.me\/p7Eq1F-1pL","jetpack_sharing_enabled":true,"jetpack_featured_media_url":"https:\/\/i0.wp.com\/guialimeira.com.br\/news\/wp-content\/uploads\/2024\/05\/m_137_0_1_17052024172349.jpg?fit=740%2C493&ssl=1","_links":{"self":[{"href":"https:\/\/guialimeira.com.br\/news\/wp-json\/wp\/v2\/posts\/5441","targetHints":{"allow":["GET"]}}],"collection":[{"href":"https:\/\/guialimeira.com.br\/news\/wp-json\/wp\/v2\/posts"}],"about":[{"href":"https:\/\/guialimeira.com.br\/news\/wp-json\/wp\/v2\/types\/post"}],"author":[{"embeddable":true,"href":"https:\/\/guialimeira.com.br\/news\/wp-json\/wp\/v2\/users\/1"}],"replies":[{"embeddable":true,"href":"https:\/\/guialimeira.com.br\/news\/wp-json\/wp\/v2\/comments?post=5441"}],"version-history":[{"count":0,"href":"https:\/\/guialimeira.com.br\/news\/wp-json\/wp\/v2\/posts\/5441\/revisions"}],"wp:featuredmedia":[{"embeddable":true,"href":"https:\/\/guialimeira.com.br\/news\/wp-json\/wp\/v2\/media\/5442"}],"wp:attachment":[{"href":"https:\/\/guialimeira.com.br\/news\/wp-json\/wp\/v2\/media?parent=5441"}],"wp:term":[{"taxonomy":"category","embeddable":true,"href":"https:\/\/guialimeira.com.br\/news\/wp-json\/wp\/v2\/categories?post=5441"},{"taxonomy":"post_tag","embeddable":true,"href":"https:\/\/guialimeira.com.br\/news\/wp-json\/wp\/v2\/tags?post=5441"}],"curies":[{"name":"wp","href":"https:\/\/api.w.org\/{rel}","templated":true}]}}