{"id":5432,"date":"2024-05-17T18:19:47","date_gmt":"2024-05-17T21:19:47","guid":{"rendered":"https:\/\/guialimeira.com.br\/2024\/05\/17\/vice-prefeita-participa-de-acao-que-sensibiliza-sobre-combate-a-abuso-de-criancas-e-adolescentes\/"},"modified":"2024-05-17T18:19:47","modified_gmt":"2024-05-17T21:19:47","slug":"vice-prefeita-participa-de-acao-que-sensibiliza-sobre-combate-a-abuso-de-criancas-e-adolescentes","status":"publish","type":"post","link":"https:\/\/guialimeira.com.br\/news\/vice-prefeita-participa-de-acao-que-sensibiliza-sobre-combate-a-abuso-de-criancas-e-adolescentes\/","title":{"rendered":"Vice-prefeita participa de a\u00e7\u00e3o que sensibiliza sobre combate a abuso de crian\u00e7as e adolescentes"},"content":{"rendered":"<p> <br \/>\n<\/p>\n<div>\n            <main class=\"\">&#13;<br \/>\n                &#13;<br \/>\n&#13;<br \/>\n&#13;<br \/>\n&#13;<br \/>\n    <img data-recalc-dims=\"1\" decoding=\"async\" src=\"https:\/\/i0.wp.com\/ecrie.com.br\/sistema\/conteudos\/imagem\/m_137_1_1_17052024174333.jpg?w=696&#038;ssl=1\" alt=\"Vice-prefeita participa de a\u00e7\u00e3o que sensibiliza sobre combate a abuso de crian\u00e7as e adolescentes\"\/>&#13;<br \/>\n&#13;<\/p>\n<p style=\"text-align: justify;\" align=\"justify\">A vice-prefeita Erika Tank participou, na tarde desta sexta-feira (17), de uma a\u00e7\u00e3o de sensibiliza\u00e7\u00e3o sobre o 18 de maio \u2013 Dia Nacional de Combate ao Abuso e \u00e0 Explora\u00e7\u00e3o Sexual de Crian\u00e7as e Adolescentes. A iniciativa aconteceu no Ceief Gov. M\u00e1rio Covas e foi promovida pelo Pracinhas da Cultura\/CEU Geada \u2013 equipamento da Prefeitura de Limeira \u2013, Conselho Estadual da Condi\u00e7\u00e3o Feminina e Gera\u00e7\u00e3o Elite Thulany.<\/p>\n<p>&#13;<\/p>\n<p style=\"text-align: justify;\" align=\"justify\">Pela manh\u00e3, a a\u00e7\u00e3o ocorreu na E.E. Professora Leontina Silva Busch. \u201cA informa\u00e7\u00e3o \u00e9 a melhor arma contra esse tipo de abuso e a explora\u00e7\u00e3o sexual de nossas crian\u00e7as e adolescentes. Limeira se re\u00fane, por meio das secretarias de Educa\u00e7\u00e3o, de Sa\u00fade e de Cultura, com o Conselho da Condi\u00e7\u00e3o Feminina nessa luta\u201d, afirmou a vice-prefeita Erika Tank. \u201c\u00c9 importante entender para saber como ajudar e quem procurar\u201d, enfatizou.<\/p>\n<p>&#13;<\/p>\n<p style=\"text-align: justify;\" align=\"justify\">A atividade teve a presente da presidente da Associa\u00e7\u00e3o Afro Thulany, Cleusa Santos, da diretora do Ceief Gov. M\u00e1rio Covas, Silmara Barana, pais e alunos.<\/p>\n<p>&#13;<br \/>\n&#13;<br \/>\n    &#13;<\/p>\n<div class=\"gallery__container\">\n            <a class=\"gallery__item\" href=\"https:\/\/i0.wp.com\/ecrie.com.br\/sistema\/conteudos\/imagem\/g_137_0_2_17052024174333.jpg?ssl=1\" target=\"_blank\" title=\"02\" rel=\"noopener\">&#13;<br \/>\n                <img data-recalc-dims=\"1\" decoding=\"async\" class=\"gallery__img\" src=\"https:\/\/i0.wp.com\/ecrie.com.br\/sistema\/conteudos\/imagem\/p_137_0_2_17052024174333.jpg?w=696&#038;ssl=1\" alt=\"02\" onload=\"resizePhoto(this);\"\/>&#13;<br \/>\n            <\/a>\n    <\/div>\n<p>&#13;<br \/>\n&#13;<br \/>\n&#13;<\/p>\n<aside class=\"list-related no-print\">&#13;<br \/>\n        &#13;<br \/>\n&#13;<\/p>\n<article class=\"list-item noticias \">&#13;<br \/>\n                    <a class=\"list-item__img\" href=\"https:\/\/limeira.sp.gov.br\/imprensa\/noticias\/gabinete-do-prefeito\/indice-de-alfabetizacao-em-limeira-atinge972-e-supera-medias-estadual-e-nacional-resultado-reflete-acoes-adotadas-pela-educacao\" tabindex=\"-1\" aria-hidden=\"true\" rel=\"noopener\">&#13;<br \/>\n                        <img data-recalc-dims=\"1\" decoding=\"async\" src=\"https:\/\/i0.wp.com\/ecrie.com.br\/sistema\/conteudos\/imagem\/m_137_0_1_17052024172349.jpg?w=696&#038;ssl=1\" alt=\"\u00cdndice de alfabetiza\u00e7\u00e3o em Limeira atinge\u00a097,2% e supera m\u00e9dias estadual e nacional; resultado reflete a\u00e7\u00f5es adotadas pela Educa\u00e7\u00e3o\"\/>&#13;<br \/>\n                    <\/a>&#13;<br \/>\n&#13;<br \/>\n                &#13;<br \/>\n            <\/article>\n<p>&#13;<\/p>\n<article class=\"list-item noticias \">&#13;<br \/>\n                    <a class=\"list-item__img\" href=\"https:\/\/limeira.sp.gov.br\/imprensa\/noticias\/gabinete-do-prefeito\/prefeitura-de-limeira-aguardara-novas-orientacoes-sobre-arrecadacao-para-o-sul\" tabindex=\"-1\" aria-hidden=\"true\" rel=\"noopener\">&#13;<br \/>\n                        <img data-recalc-dims=\"1\" decoding=\"async\" src=\"https:\/\/i0.wp.com\/ecrie.com.br\/sistema\/conteudos\/imagem\/m_137_0_1_17052024170753.jpg?w=696&#038;ssl=1\" alt=\"Prefeitura de Limeira aguardar\u00e1 novas orienta\u00e7\u00f5es sobre arrecada\u00e7\u00e3o para o Sul\"\/>&#13;<br \/>\n                    <\/a>&#13;<br \/>\n&#13;<br \/>\n                &#13;<br \/>\n            <\/article>\n<p>&#13;<\/p>\n<article class=\"list-item noticias \">&#13;<br \/>\n                    <a class=\"list-item__img\" href=\"https:\/\/limeira.sp.gov.br\/imprensa\/noticias\/cultura\/retreta-com-banda-henrique-marques-e-neste-domingo-19-1\" tabindex=\"-1\" aria-hidden=\"true\" rel=\"noopener\">&#13;<br \/>\n                        <img data-recalc-dims=\"1\" decoding=\"async\" src=\"https:\/\/i0.wp.com\/ecrie.com.br\/sistema\/conteudos\/imagem\/m_137_0_1_22032024140354.jpeg?w=696&#038;ssl=1\" alt=\"Retreta com Banda Henrique Marques \u00e9 neste domingo (19)\"\/>&#13;<br \/>\n                    <\/a>&#13;<br \/>\n&#13;<br \/>\n                &#13;<br \/>\n            <\/article>\n<p>&#13;<br \/>\n    <\/aside>\n<p>&#13;<br \/>\n&#13;<br \/>\n            <\/main><\/p><\/div>\n<p><br \/>\n<br \/><a href=\"https:\/\/limeira.sp.gov.br\/vice-prefeita-participa-de-acao-que-sensibiliza-sobre-combate-a-abuso-de-criancas-e-adolescentes\" rel=\"noopener\">Informa\u00e7\u00f5es da PML <\/a><\/p>\n","protected":false},"excerpt":{"rendered":"<p>&#13; &#13; &#13; &#13; &#13; &#13; &#13; A vice-prefeita Erika Tank participou, na tarde desta sexta-feira (17), de uma a\u00e7\u00e3o de sensibiliza\u00e7\u00e3o sobre o 18 de maio \u2013 Dia Nacional de Combate ao Abuso e \u00e0 Explora\u00e7\u00e3o Sexual de Crian\u00e7as e Adolescentes. A iniciativa aconteceu no Ceief Gov. M\u00e1rio Covas e foi promovida pelo Pracinhas [&hellip;]<\/p>\n","protected":false},"author":1,"featured_media":5433,"comment_status":"open","ping_status":"open","sticky":false,"template":"","format":"standard","meta":{"_jetpack_newsletter_access":"","_jetpack_dont_email_post_to_subs":false,"_jetpack_newsletter_tier_id":0,"_jetpack_memberships_contains_paywalled_content":false,"_mbp_banners":[],"_jetpack_feature_clip_id":0,"_jetpack_memberships_contains_paid_content":false,"footnotes":"","jetpack_publicize_message":"","jetpack_publicize_feature_enabled":true,"jetpack_social_post_already_shared":true,"jetpack_social_options":{"image_generator_settings":{"template":"highway","default_image_id":0,"font":"","enabled":false},"version":2},"jetpack_post_was_ever_published":false},"categories":[16],"tags":[],"class_list":["post-5432","post","type-post","status-publish","format-standard","has-post-thumbnail","category-local"],"jetpack_publicize_connections":[],"jetpack-related-posts":[],"jetpack_shortlink":"https:\/\/wp.me\/p7Eq1F-1pC","jetpack_sharing_enabled":true,"jetpack_featured_media_url":"https:\/\/i0.wp.com\/guialimeira.com.br\/news\/wp-content\/uploads\/2024\/05\/m_137_1_1_17052024174333.jpg?fit=1280%2C852&ssl=1","_links":{"self":[{"href":"https:\/\/guialimeira.com.br\/news\/wp-json\/wp\/v2\/posts\/5432","targetHints":{"allow":["GET"]}}],"collection":[{"href":"https:\/\/guialimeira.com.br\/news\/wp-json\/wp\/v2\/posts"}],"about":[{"href":"https:\/\/guialimeira.com.br\/news\/wp-json\/wp\/v2\/types\/post"}],"author":[{"embeddable":true,"href":"https:\/\/guialimeira.com.br\/news\/wp-json\/wp\/v2\/users\/1"}],"replies":[{"embeddable":true,"href":"https:\/\/guialimeira.com.br\/news\/wp-json\/wp\/v2\/comments?post=5432"}],"version-history":[{"count":0,"href":"https:\/\/guialimeira.com.br\/news\/wp-json\/wp\/v2\/posts\/5432\/revisions"}],"wp:featuredmedia":[{"embeddable":true,"href":"https:\/\/guialimeira.com.br\/news\/wp-json\/wp\/v2\/media\/5433"}],"wp:attachment":[{"href":"https:\/\/guialimeira.com.br\/news\/wp-json\/wp\/v2\/media?parent=5432"}],"wp:term":[{"taxonomy":"category","embeddable":true,"href":"https:\/\/guialimeira.com.br\/news\/wp-json\/wp\/v2\/categories?post=5432"},{"taxonomy":"post_tag","embeddable":true,"href":"https:\/\/guialimeira.com.br\/news\/wp-json\/wp\/v2\/tags?post=5432"}],"curies":[{"name":"wp","href":"https:\/\/api.w.org\/{rel}","templated":true}]}}