{"id":54261,"date":"2026-02-04T17:40:23","date_gmt":"2026-02-04T20:40:23","guid":{"rendered":"https:\/\/guialimeira.com.br\/?p=54261"},"modified":"2026-02-04T17:40:23","modified_gmt":"2026-02-04T20:40:23","slug":"carnaval-2026-em-cordeiropolis-reduz-gastos-publicos-e-mantem-estrutura-completa-prefeitura-municipal-de-cordeiropolis","status":"publish","type":"post","link":"https:\/\/guialimeira.com.br\/news\/carnaval-2026-em-cordeiropolis-reduz-gastos-publicos-e-mantem-estrutura-completa-prefeitura-municipal-de-cordeiropolis\/","title":{"rendered":"Carnaval 2026 em Cordeir\u00f3polis reduz gastos p\u00fablicos e mant\u00e9m estrutura completa \u2013 Prefeitura Municipal de Cordeir\u00f3polis"},"content":{"rendered":"<p> <br \/>\n<\/p>\n<div>\n<p>O Carnaval de Cordeir\u00f3polis 2026 ser\u00e1 marcado por responsabilidade fiscal e estrutura completa da festa. A Prefeitura estima um investimento de R$ 1,5 milh\u00e3o, valor que representa uma economia superior a 50% em rela\u00e7\u00e3o ao \u00faltimo Carnaval, em 2024, que teve custo aproximado de R$ 3,2 milh\u00f5es, mesmo tamb\u00e9m tendo sido realizado por meio de terceiriza\u00e7\u00e3o.<\/p>\n<p>Para o Carna Cordeiro 2026, o investimento municipal contempla escolas de samba, os shows principais, seguran\u00e7a e banheiros qu\u00edmicos. J\u00e1 a empresa terceirizada contratada ser\u00e1 respons\u00e1vel por toda a estrutura geral do evento, incluindo outros shows, blocos de rua, identidade visual, al\u00e9m da implanta\u00e7\u00e3o e gest\u00e3o da pra\u00e7a de alimenta\u00e7\u00e3o.<\/p>\n<p>A empresa tamb\u00e9m ficar\u00e1 respons\u00e1vel pela comercializa\u00e7\u00e3o dos camarotes VIP, com venda antecipada e no pr\u00f3prio local durante os dias de evento. Os detalhes das vendas ser\u00e3o divulgados em breve. Como contrapartida ao contrato, a empresa assumir\u00e1 integralmente a opera\u00e7\u00e3o da pra\u00e7a de alimenta\u00e7\u00e3o, que n\u00e3o ter\u00e1 custo ou ger\u00eancia por parte do munic\u00edpio.<\/p>\n<p><strong>O Carnaval<\/strong><\/p>\n<p>O Carnaval ser\u00e1 realizado entre os dias 13 e 16 de fevereiro, das 19h \u00e0s 5h, na Avenida Presidente Vargas. O palco principal ficar\u00e1 instalado na primeira rotat\u00f3ria da avenida, sentido Jardim Eldorado, e contar\u00e1 com cinco atra\u00e7\u00f5es por noite. Al\u00e9m disso, haver\u00e1 a Balada VIP, com shows de DJs e entrada gratuita. Esse espa\u00e7o ficar\u00e1 na segunda rotat\u00f3ria da via.<\/p>\n<p>A estrutura contar\u00e1 ainda com banheiros qu\u00edmicos, monitoramento, seguran\u00e7a e revista na entrada. Ser\u00e1 proibido o acesso com coolers e outros itens, conforme orienta\u00e7\u00e3o que ser\u00e1 informada na entrada do evento. A entrada principal do p\u00fablico ser\u00e1 pela Avenida Presidente Vargas, na esquina com a Rua Domingos Martins.<\/p>\n<p>Os desfiles das escolas de samba ter\u00e3o in\u00edcio na Rua Domingos Martins e seguir\u00e3o at\u00e9 o espa\u00e7o do palco principal (ou seja, sentido Centro-Bairro). A popula\u00e7\u00e3o poder\u00e1 acompanhar gratuitamente das arquibancadas, com in\u00edcio previsto para 20h, todos os dias. Ap\u00f3s os desfiles, acontecem os shows no palco principal.<\/p>\n<p>Para garantir a seguran\u00e7a e organiza\u00e7\u00e3o, a Avenida Presidente Vargas ser\u00e1 interditada a partir das 18h30, no trecho da esquina com a Rua Adhemar Pereira de Barros. O local permanecer\u00e1 fechado at\u00e9 o t\u00e9rmino dos desfiles. A realiza\u00e7\u00e3o do Carna Cordeiro 2026 \u00e9 da Secretaria de Cultura, Turismo e Eventos, com apoio das demais secretarias.<\/p>\n<\/p><\/div>\n<p><br \/>\n<br \/><a href=\"https:\/\/www.cordeiropolis.sp.gov.br\/carnaval-2026-em-cordeiropolis-reduz-gastos-publicos-e-mantem-estrutura-completa\/\" rel=\"noopener\">Informa\u00e7\u00f5es Cordeir\u00f3polis <\/a><\/p>\n","protected":false},"excerpt":{"rendered":"<p>O Carnaval de Cordeir\u00f3polis 2026 ser\u00e1 marcado por responsabilidade fiscal e estrutura completa da festa. A Prefeitura estima um investimento de R$ 1,5 milh\u00e3o, valor que representa uma economia superior a 50% em rela\u00e7\u00e3o ao \u00faltimo Carnaval, em 2024, que teve custo aproximado de R$ 3,2 milh\u00f5es, mesmo tamb\u00e9m tendo sido realizado por meio de [&hellip;]<\/p>\n","protected":false},"author":1,"featured_media":0,"comment_status":"closed","ping_status":"open","sticky":false,"template":"","format":"standard","meta":{"_jetpack_newsletter_access":"","_jetpack_dont_email_post_to_subs":false,"_jetpack_newsletter_tier_id":0,"_jetpack_memberships_contains_paywalled_content":false,"_mbp_banners":[],"_jetpack_feature_clip_id":0,"_jetpack_memberships_contains_paid_content":false,"footnotes":"","jetpack_publicize_message":"","jetpack_publicize_feature_enabled":true,"jetpack_social_post_already_shared":true,"jetpack_social_options":{"image_generator_settings":{"template":"highway","default_image_id":0,"font":"","enabled":false},"version":2},"jetpack_post_was_ever_published":false},"categories":[20],"tags":[],"class_list":["post-54261","post","type-post","status-publish","format-standard","category-regiao"],"jetpack_publicize_connections":[],"jetpack-related-posts":[],"jetpack_shortlink":"https:\/\/wp.me\/p7Eq1F-e7b","jetpack_sharing_enabled":true,"jetpack_featured_media_url":"","_links":{"self":[{"href":"https:\/\/guialimeira.com.br\/news\/wp-json\/wp\/v2\/posts\/54261","targetHints":{"allow":["GET"]}}],"collection":[{"href":"https:\/\/guialimeira.com.br\/news\/wp-json\/wp\/v2\/posts"}],"about":[{"href":"https:\/\/guialimeira.com.br\/news\/wp-json\/wp\/v2\/types\/post"}],"author":[{"embeddable":true,"href":"https:\/\/guialimeira.com.br\/news\/wp-json\/wp\/v2\/users\/1"}],"replies":[{"embeddable":true,"href":"https:\/\/guialimeira.com.br\/news\/wp-json\/wp\/v2\/comments?post=54261"}],"version-history":[{"count":1,"href":"https:\/\/guialimeira.com.br\/news\/wp-json\/wp\/v2\/posts\/54261\/revisions"}],"predecessor-version":[{"id":54262,"href":"https:\/\/guialimeira.com.br\/news\/wp-json\/wp\/v2\/posts\/54261\/revisions\/54262"}],"wp:attachment":[{"href":"https:\/\/guialimeira.com.br\/news\/wp-json\/wp\/v2\/media?parent=54261"}],"wp:term":[{"taxonomy":"category","embeddable":true,"href":"https:\/\/guialimeira.com.br\/news\/wp-json\/wp\/v2\/categories?post=54261"},{"taxonomy":"post_tag","embeddable":true,"href":"https:\/\/guialimeira.com.br\/news\/wp-json\/wp\/v2\/tags?post=54261"}],"curies":[{"name":"wp","href":"https:\/\/api.w.org\/{rel}","templated":true}]}}