{"id":5424,"date":"2024-05-17T17:57:43","date_gmt":"2024-05-17T20:57:43","guid":{"rendered":"https:\/\/guialimeira.com.br\/2024\/05\/17\/saude-anuncia-pacote-de-r-665-milhoes-para-o-rio-grande-do-sul\/"},"modified":"2024-05-17T17:57:43","modified_gmt":"2024-05-17T20:57:43","slug":"saude-anuncia-pacote-de-r-665-milhoes-para-o-rio-grande-do-sul","status":"publish","type":"post","link":"https:\/\/guialimeira.com.br\/news\/saude-anuncia-pacote-de-r-665-milhoes-para-o-rio-grande-do-sul\/","title":{"rendered":"Sa\u00fade anuncia pacote de R$ 66,5 milh\u00f5es para o Rio Grande do Sul"},"content":{"rendered":"<p> <br \/>\n<\/p>\n<div>\n<p>O Minist\u00e9rio da Sa\u00fade publicou, nesta sexta-feira (17), portarias que destinam um total de R$ 66,5 milh\u00f5es para hospitais, vigil\u00e2ncia sanit\u00e1ria, leitos emergenciais e outras a\u00e7\u00f5es de sa\u00fade no Rio Grande do Sul, estado que vem sendo atingido por fortes chuvas desde o fim de abril. O an\u00fancio foi feito pelo ministro extraordin\u00e1rio para Reconstru\u00e7\u00e3o do Rio Grande do Sul, Paulo Pimenta.<img data-recalc-dims=\"1\" decoding=\"async\" src=\"https:\/\/i0.wp.com\/agenciabrasil.ebc.com.br\/ebc.png?w=696&#038;ssl=1\" style=\"width:1px; height:1px; display:inline;\"\/><img data-recalc-dims=\"1\" decoding=\"async\" src=\"https:\/\/i0.wp.com\/agenciabrasil.ebc.com.br\/ebc.gif?w=696&#038;ssl=1\" style=\"width:1px; height:1px; display:inline;\"\/><\/p>\n<p>Durante entrevista \u00e0 imprensa, o secret\u00e1rio de Aten\u00e7\u00e3o Especializada do Minist\u00e9rio da Sa\u00fade, Adriano Massuda, destacou que, do montante total, cerca de R$ 30 milh\u00f5es ser\u00e3o destinados ao custeio de servi\u00e7os de m\u00e9dia e alta complexidade no estado, incluindo leitos hospitalares e servi\u00e7os de emerg\u00eancia.<\/p>\n<p>De acordo com Massuda, os recursos ser\u00e3o destinados aos munic\u00edpios de Parob\u00e9, Estrela, Caxias do Sul, Rio Grande, Santana do Livramento, Igrejinha, Ven\u00e2ncio Aires e Torres, al\u00e9m da capital, Porto Alegre. \u201cEsses servi\u00e7os v\u00e3o ser habilitados, e os recursos v\u00e3o ser bastante importantes para ampliar as a\u00e7\u00f5es de servi\u00e7os de alta e m\u00e9dia complexidade\u201d, afirmou Massuda.<\/p>\n<\/p><\/div>\n<p><br \/>\n<br \/><a href=\"https:\/\/agenciabrasil.ebc.com.br\/saude\/noticia\/2024-05\/saude-anuncia-pacote-de-r-665-milhoes-para-o-rio-grande-do-sul\" rel=\"noopener\">Ag\u00eancia Brasil <\/a><\/p>\n","protected":false},"excerpt":{"rendered":"<p>O Minist\u00e9rio da Sa\u00fade publicou, nesta sexta-feira (17), portarias que destinam um total de R$ 66,5 milh\u00f5es para hospitais, vigil\u00e2ncia sanit\u00e1ria, leitos emergenciais e outras a\u00e7\u00f5es de sa\u00fade no Rio Grande do Sul, estado que vem sendo atingido por fortes chuvas desde o fim de abril. O an\u00fancio foi feito pelo ministro extraordin\u00e1rio para Reconstru\u00e7\u00e3o [&hellip;]<\/p>\n","protected":false},"author":1,"featured_media":5425,"comment_status":"open","ping_status":"open","sticky":false,"template":"","format":"standard","meta":{"_jetpack_newsletter_access":"","_jetpack_dont_email_post_to_subs":false,"_jetpack_newsletter_tier_id":0,"_jetpack_memberships_contains_paywalled_content":false,"_mbp_banners":[],"_jetpack_feature_clip_id":0,"_jetpack_memberships_contains_paid_content":false,"footnotes":"","jetpack_publicize_message":"","jetpack_publicize_feature_enabled":true,"jetpack_social_post_already_shared":true,"jetpack_social_options":{"image_generator_settings":{"template":"highway","default_image_id":0,"font":"","enabled":false},"version":2},"jetpack_post_was_ever_published":false},"categories":[15],"tags":[],"class_list":["post-5424","post","type-post","status-publish","format-standard","has-post-thumbnail","category-saude"],"jetpack_publicize_connections":[],"jetpack-related-posts":[],"jetpack_shortlink":"https:\/\/wp.me\/p7Eq1F-1pu","jetpack_sharing_enabled":true,"jetpack_featured_media_url":"https:\/\/i0.wp.com\/guialimeira.com.br\/news\/wp-content\/uploads\/2024\/05\/c9240926-14a5-4740-a476-bb317861c130.jpeg?fit=1600%2C800&ssl=1","_links":{"self":[{"href":"https:\/\/guialimeira.com.br\/news\/wp-json\/wp\/v2\/posts\/5424","targetHints":{"allow":["GET"]}}],"collection":[{"href":"https:\/\/guialimeira.com.br\/news\/wp-json\/wp\/v2\/posts"}],"about":[{"href":"https:\/\/guialimeira.com.br\/news\/wp-json\/wp\/v2\/types\/post"}],"author":[{"embeddable":true,"href":"https:\/\/guialimeira.com.br\/news\/wp-json\/wp\/v2\/users\/1"}],"replies":[{"embeddable":true,"href":"https:\/\/guialimeira.com.br\/news\/wp-json\/wp\/v2\/comments?post=5424"}],"version-history":[{"count":0,"href":"https:\/\/guialimeira.com.br\/news\/wp-json\/wp\/v2\/posts\/5424\/revisions"}],"wp:featuredmedia":[{"embeddable":true,"href":"https:\/\/guialimeira.com.br\/news\/wp-json\/wp\/v2\/media\/5425"}],"wp:attachment":[{"href":"https:\/\/guialimeira.com.br\/news\/wp-json\/wp\/v2\/media?parent=5424"}],"wp:term":[{"taxonomy":"category","embeddable":true,"href":"https:\/\/guialimeira.com.br\/news\/wp-json\/wp\/v2\/categories?post=5424"},{"taxonomy":"post_tag","embeddable":true,"href":"https:\/\/guialimeira.com.br\/news\/wp-json\/wp\/v2\/tags?post=5424"}],"curies":[{"name":"wp","href":"https:\/\/api.w.org\/{rel}","templated":true}]}}