{"id":5422,"date":"2024-05-17T17:18:44","date_gmt":"2024-05-17T20:18:44","guid":{"rendered":"https:\/\/guialimeira.com.br\/2024\/05\/17\/prefeitura-de-limeira-aguardara-novas-orientacoes-sobre-arrecadacao-para-o-sul\/"},"modified":"2024-05-17T17:18:44","modified_gmt":"2024-05-17T20:18:44","slug":"prefeitura-de-limeira-aguardara-novas-orientacoes-sobre-arrecadacao-para-o-sul","status":"publish","type":"post","link":"https:\/\/guialimeira.com.br\/news\/prefeitura-de-limeira-aguardara-novas-orientacoes-sobre-arrecadacao-para-o-sul\/","title":{"rendered":"Prefeitura de Limeira aguardar\u00e1 novas orienta\u00e7\u00f5es sobre arrecada\u00e7\u00e3o para o Sul"},"content":{"rendered":"<p> <br \/>\n<\/p>\n<div>\n            <main class=\"\">&#13;<br \/>\n                &#13;<br \/>\n&#13;<br \/>\n&#13;<br \/>\n&#13;<br \/>\n    <img data-recalc-dims=\"1\" decoding=\"async\" src=\"https:\/\/i0.wp.com\/ecrie.com.br\/sistema\/conteudos\/imagem\/m_137_0_1_17052024170753.jpg?w=696&#038;ssl=1\" alt=\"Prefeitura de Limeira aguardar\u00e1 novas orienta\u00e7\u00f5es sobre arrecada\u00e7\u00e3o para o Sul\"\/>&#13;<br \/>\n&#13;<\/p>\n<p style=\"text-align: justify;\" align=\"justify\">A Prefeitura e o Fundo Social de Limeira realizaram nas \u00faltimas duas semanas a campanha \u201cLimeira Solid\u00e1ria \u2013 Solidariedade Sem Fronteiras\u201d. O objetivo foi arrecadar doa\u00e7\u00f5es de itens essenciais para as v\u00edtimas das enchentes do Rio Grande do Sul. A campanha resultou em mais de 32 toneladas de doa\u00e7\u00f5es, entre \u00e1gua, produtos de higiene e limpeza pessoal, que est\u00e3o sendo encaminhadas ao Fundo Social do Estado de S\u00e3o Paulo, para ent\u00e3o serem destinadas ao Sul.<\/p>\n<p>&#13;<\/p>\n<p style=\"text-align: justify;\" align=\"justify\">\u201cAgora, vamos aguardar orienta\u00e7\u00f5es do Fundo Social do Estado com as novas necessidades do povo do Rio Grande do Sul e, se for preciso, dar sequ\u00eancia \u00e0 campanha\u201d, explica a presidente do Fundo Social de Limeira, Roberta Botion. \u201cEnquanto isso, nossos esfor\u00e7os se concentrar\u00e3o na triagem das roupas que chegaram para termos certeza que toda pe\u00e7a encaminhada ao povo ga\u00facho est\u00e1 em bom estado de uso.\u201d<\/p>\n<p>&#13;<\/p>\n<p style=\"text-align: justify;\" align=\"justify\">\u201cAgradecemos aos nossos mun\u00edcipes que aderiram \u00e0 campanha do Fundo Social e doaram para as fam\u00edlias do Rio Grande do Sul\u201d, afirmam o prefeito Mario Botion e a vice-prefeita Erika Tank. \u201cMais uma vez, o povo limeirense se mostra solid\u00e1rio em uma campanha muito importante para quem mais precisa neste momento\u201d, complementam.<\/p>\n<p>&#13;<\/p>\n<p style=\"text-align: justify;\" align=\"justify\">Roberta Botion refor\u00e7a que a Campanha do Agasalho, realizada pelo Fundo Social de Limeira, continua at\u00e9 julho. \u201cSeguiremos arrecadando pe\u00e7as tanto para o RS quanto para nossa cidade. Nosso agradecimento a todos que est\u00e3o contribuindo nesse momento de uni\u00e3o e solidariedade\u201d, completa a presidente. As informa\u00e7\u00f5es da campanha podem ser encontradas em <a href=\"http:\/\/www.limeira.sp.gov.br\/campanhadoagasalho\" rel=\"noopener\">www.limeira.sp.gov.br\/campanhadoagasalho<\/a>.<\/p>\n<p>&#13;<br \/>\n&#13;<br \/>\n&#13;<br \/>\n&#13;<\/p>\n<aside class=\"list-related no-print\">&#13;<br \/>\n        &#13;<br \/>\n&#13;<\/p>\n<article class=\"list-item noticias \">&#13;<br \/>\n                    <a class=\"list-item__img\" href=\"https:\/\/limeira.sp.gov.br\/imprensa\/noticias\/gabinete-do-prefeito\/forum-inedito-em-limeira-debate-os-caminhos-da-saude-mental\" tabindex=\"-1\" aria-hidden=\"true\" rel=\"noopener\">&#13;<br \/>\n                        <img data-recalc-dims=\"1\" decoding=\"async\" src=\"https:\/\/i0.wp.com\/ecrie.com.br\/sistema\/conteudos\/imagem\/m_137_0_1_15052024171212.jpg?w=696&#038;ssl=1\" alt=\"F\u00f3rum in\u00e9dito em Limeira debate os caminhos da Sa\u00fade Mental\"\/>&#13;<br \/>\n                    <\/a>&#13;<br \/>\n&#13;<br \/>\n                &#13;<br \/>\n            <\/article>\n<p>&#13;<\/p>\n<article class=\"list-item noticias \">&#13;<br \/>\n                    <a class=\"list-item__img\" href=\"https:\/\/limeira.sp.gov.br\/imprensa\/noticias\/gabinete-do-prefeito\/abertas-inscricoes-para-evento-sobre-empregabilidade-da-pessoa-com-deficiencia\" tabindex=\"-1\" aria-hidden=\"true\" rel=\"noopener\">&#13;<br \/>\n                        <img data-recalc-dims=\"1\" decoding=\"async\" src=\"https:\/\/i0.wp.com\/ecrie.com.br\/sistema\/conteudos\/imagem\/m_137_0_1_14052024153259.jpg?w=696&#038;ssl=1\" alt=\"Abertas inscri\u00e7\u00f5es para evento sobre empregabilidade da pessoa com defici\u00eancia\"\/>&#13;<br \/>\n                    <\/a>&#13;<br \/>\n&#13;<br \/>\n                &#13;<br \/>\n            <\/article>\n<p>&#13;<\/p>\n<article class=\"list-item noticias \">&#13;<br \/>\n                    <a class=\"list-item__img\" href=\"https:\/\/limeira.sp.gov.br\/imprensa\/noticias\/gabinete-do-prefeito\/acoes-voltadas-a-inovacao-e-tecnologia-rendem-premio-a-limeira\" tabindex=\"-1\" aria-hidden=\"true\" rel=\"noopener\">&#13;<br \/>\n                        <img data-recalc-dims=\"1\" decoding=\"async\" src=\"https:\/\/i0.wp.com\/ecrie.com.br\/sistema\/conteudos\/imagem\/m_137_2_2_14052024150439.jpg?w=696&#038;ssl=1\" alt=\"A\u00e7\u00f5es voltadas \u00e0 inova\u00e7\u00e3o e tecnologia rendem pr\u00eamio a Limeira\"\/>&#13;<br \/>\n                    <\/a>&#13;<br \/>\n&#13;<br \/>\n                &#13;<br \/>\n            <\/article>\n<p>&#13;<br \/>\n    <\/aside>\n<p>&#13;<br \/>\n&#13;<br \/>\n            <\/main><\/p><\/div>\n<p><br \/>\n<br \/><a href=\"https:\/\/limeira.sp.gov.br\/prefeitura-de-limeira-aguardara-novas-orientacoes-sobre-arrecadacao-para-o-sul\" rel=\"noopener\">Informa\u00e7\u00f5es da PML <\/a><\/p>\n","protected":false},"excerpt":{"rendered":"<p>&#13; &#13; &#13; &#13; &#13; &#13; &#13; A Prefeitura e o Fundo Social de Limeira realizaram nas \u00faltimas duas semanas a campanha \u201cLimeira Solid\u00e1ria \u2013 Solidariedade Sem Fronteiras\u201d. O objetivo foi arrecadar doa\u00e7\u00f5es de itens essenciais para as v\u00edtimas das enchentes do Rio Grande do Sul. A campanha resultou em mais de 32 toneladas de [&hellip;]<\/p>\n","protected":false},"author":1,"featured_media":5423,"comment_status":"open","ping_status":"open","sticky":false,"template":"","format":"standard","meta":{"_jetpack_newsletter_access":"","_jetpack_dont_email_post_to_subs":false,"_jetpack_newsletter_tier_id":0,"_jetpack_memberships_contains_paywalled_content":false,"_mbp_banners":[],"_jetpack_feature_clip_id":0,"_jetpack_memberships_contains_paid_content":false,"footnotes":"","jetpack_publicize_message":"","jetpack_publicize_feature_enabled":true,"jetpack_social_post_already_shared":true,"jetpack_social_options":{"image_generator_settings":{"template":"highway","default_image_id":0,"font":"","enabled":false},"version":2},"jetpack_post_was_ever_published":false},"categories":[16],"tags":[],"class_list":["post-5422","post","type-post","status-publish","format-standard","has-post-thumbnail","category-local"],"jetpack_publicize_connections":[],"jetpack-related-posts":[],"jetpack_shortlink":"https:\/\/wp.me\/p7Eq1F-1ps","jetpack_sharing_enabled":true,"jetpack_featured_media_url":"https:\/\/i0.wp.com\/guialimeira.com.br\/news\/wp-content\/uploads\/2024\/05\/m_137_0_1_17052024170753.jpg?fit=1280%2C852&ssl=1","_links":{"self":[{"href":"https:\/\/guialimeira.com.br\/news\/wp-json\/wp\/v2\/posts\/5422","targetHints":{"allow":["GET"]}}],"collection":[{"href":"https:\/\/guialimeira.com.br\/news\/wp-json\/wp\/v2\/posts"}],"about":[{"href":"https:\/\/guialimeira.com.br\/news\/wp-json\/wp\/v2\/types\/post"}],"author":[{"embeddable":true,"href":"https:\/\/guialimeira.com.br\/news\/wp-json\/wp\/v2\/users\/1"}],"replies":[{"embeddable":true,"href":"https:\/\/guialimeira.com.br\/news\/wp-json\/wp\/v2\/comments?post=5422"}],"version-history":[{"count":0,"href":"https:\/\/guialimeira.com.br\/news\/wp-json\/wp\/v2\/posts\/5422\/revisions"}],"wp:featuredmedia":[{"embeddable":true,"href":"https:\/\/guialimeira.com.br\/news\/wp-json\/wp\/v2\/media\/5423"}],"wp:attachment":[{"href":"https:\/\/guialimeira.com.br\/news\/wp-json\/wp\/v2\/media?parent=5422"}],"wp:term":[{"taxonomy":"category","embeddable":true,"href":"https:\/\/guialimeira.com.br\/news\/wp-json\/wp\/v2\/categories?post=5422"},{"taxonomy":"post_tag","embeddable":true,"href":"https:\/\/guialimeira.com.br\/news\/wp-json\/wp\/v2\/tags?post=5422"}],"curies":[{"name":"wp","href":"https:\/\/api.w.org\/{rel}","templated":true}]}}