{"id":542,"date":"2024-03-30T09:10:44","date_gmt":"2024-03-30T12:10:44","guid":{"rendered":"https:\/\/guialimeira.com.br\/2024\/03\/30\/prefeitura-municipal-de-americana-20\/"},"modified":"2024-03-30T09:10:44","modified_gmt":"2024-03-30T12:10:44","slug":"prefeitura-municipal-de-americana-20","status":"publish","type":"post","link":"https:\/\/guialimeira.com.br\/news\/prefeitura-municipal-de-americana-20\/","title":{"rendered":"Prefeitura Municipal de Americana"},"content":{"rendered":"<p> <br \/>\n<\/p>\n<div>\n<div class=\"row d-flex align-items-center mb-4\">\n<div class=\"col-md-6\">\n<p>\n\t\t\t\t\t\t\t\t\t\tPublicada em 26 de Mar\u00e7o de 2024 \u00e0s 15h48\n\t\t\t\t\t\t\t\t\t<\/p>\n<\/p><\/div>\n<\/p><\/div>\n<div class=\"mb-5\">O MAC (Museu de Arte Contempor\u00e2nea) de Americana exibe nesta quarta-feira (27), \u00e0s 19h30, o document\u00e1rio &#8220;Americana conta sua hist\u00f3ria: em fatos e prosa &#8211; Parte III&#8221;. O filme, que traz como tema a industrializa\u00e7\u00e3o do munic\u00edpio, \u00e9 um resgate hist\u00f3rico que conta a trajet\u00f3ria da ind\u00fastria americanense atrav\u00e9s de depoimentos, curiosidades e imagens raras. A realiza\u00e7\u00e3o \u00e9 da Gil Produ\u00e7\u00f5es em parceria com a Secretaria de Cultura e Turismo de Americana. A sess\u00e3o \u00e9 gratuita.<\/p>\n<p>O segmento t\u00eaxtil \u00e9 o foco principal do document\u00e1rio. Muitos &#8220;causos&#8221; ocorridos em barrac\u00f5es das tecelagens, grandes acontecimentos e eventos que levaram o nome de Americana para o mundo s\u00e3o contados de forma nost\u00e1lgica e emocionante.<\/p>\n<p>&#8220;Convidamos a popula\u00e7\u00e3o para prestigiar esse trabalho bel\u00edssimo, fruto de uma pesquisa minuciosa que resgata o passado do setor t\u00eaxtil, que por muitos anos foi a locomotiva da nossa economia&#8221;, diz a secret\u00e1ria de Cultura e Turismo de Americana, Marcia Gonzaga Faria.<\/p>\n<p>O MAC fica no CCL (Centro de Cultura e Lazer), na Avenida Brasil, n\u00ba 1.293.<\/p>\n<p>Texto: Rodrigo Francischangelis\n                            <\/p>\n<\/div><\/div>\n<p><script async defer crossorigin=\"anonymous\" src=\"https:\/\/connect.facebook.net\/pt_BR\/sdk.js#xfbml=1&#038;version=v5.0\"><\/script><br \/>\n<br \/><br \/>\n<br \/><a href=\"https:\/\/www.americana.sp.gov.br\/americana-index.php?a=noticia&#038;id=30446\" rel=\"noopener\">Informa\u00e7\u00f5es PMA<\/a><\/p>\n","protected":false},"excerpt":{"rendered":"<p>Publicada em 26 de Mar\u00e7o de 2024 \u00e0s 15h48 O MAC (Museu de Arte Contempor\u00e2nea) de Americana exibe nesta quarta-feira (27), \u00e0s 19h30, o document\u00e1rio &#8220;Americana conta sua hist\u00f3ria: em fatos e prosa &#8211; Parte III&#8221;. O filme, que traz como tema a industrializa\u00e7\u00e3o do munic\u00edpio, \u00e9 um resgate hist\u00f3rico que conta a trajet\u00f3ria da [&hellip;]<\/p>\n","protected":false},"author":1,"featured_media":0,"comment_status":"open","ping_status":"open","sticky":false,"template":"","format":"standard","meta":{"_jetpack_newsletter_access":"","_jetpack_dont_email_post_to_subs":false,"_jetpack_newsletter_tier_id":0,"_jetpack_memberships_contains_paywalled_content":false,"_mbp_banners":[],"_jetpack_feature_clip_id":0,"_jetpack_memberships_contains_paid_content":false,"footnotes":"","jetpack_publicize_message":"","jetpack_publicize_feature_enabled":true,"jetpack_social_post_already_shared":true,"jetpack_social_options":{"image_generator_settings":{"template":"highway","default_image_id":0,"font":"","enabled":false},"version":2},"jetpack_post_was_ever_published":false},"categories":[20],"tags":[],"class_list":["post-542","post","type-post","status-publish","format-standard","category-regiao"],"jetpack_publicize_connections":[],"jetpack-related-posts":[],"jetpack_shortlink":"https:\/\/wp.me\/p7Eq1F-8K","jetpack_sharing_enabled":true,"jetpack_featured_media_url":"","_links":{"self":[{"href":"https:\/\/guialimeira.com.br\/news\/wp-json\/wp\/v2\/posts\/542","targetHints":{"allow":["GET"]}}],"collection":[{"href":"https:\/\/guialimeira.com.br\/news\/wp-json\/wp\/v2\/posts"}],"about":[{"href":"https:\/\/guialimeira.com.br\/news\/wp-json\/wp\/v2\/types\/post"}],"author":[{"embeddable":true,"href":"https:\/\/guialimeira.com.br\/news\/wp-json\/wp\/v2\/users\/1"}],"replies":[{"embeddable":true,"href":"https:\/\/guialimeira.com.br\/news\/wp-json\/wp\/v2\/comments?post=542"}],"version-history":[{"count":0,"href":"https:\/\/guialimeira.com.br\/news\/wp-json\/wp\/v2\/posts\/542\/revisions"}],"wp:attachment":[{"href":"https:\/\/guialimeira.com.br\/news\/wp-json\/wp\/v2\/media?parent=542"}],"wp:term":[{"taxonomy":"category","embeddable":true,"href":"https:\/\/guialimeira.com.br\/news\/wp-json\/wp\/v2\/categories?post=542"},{"taxonomy":"post_tag","embeddable":true,"href":"https:\/\/guialimeira.com.br\/news\/wp-json\/wp\/v2\/tags?post=542"}],"curies":[{"name":"wp","href":"https:\/\/api.w.org\/{rel}","templated":true}]}}