{"id":54147,"date":"2026-02-03T18:12:11","date_gmt":"2026-02-03T21:12:11","guid":{"rendered":"https:\/\/guialimeira.com.br\/?p=54147"},"modified":"2026-02-03T18:12:11","modified_gmt":"2026-02-03T21:12:11","slug":"novos-gcms-iniciam-formacao-para-atuar-nas-ruas-de-cordeiropolis-prefeitura-municipal-de-cordeiropolis","status":"publish","type":"post","link":"https:\/\/guialimeira.com.br\/news\/novos-gcms-iniciam-formacao-para-atuar-nas-ruas-de-cordeiropolis-prefeitura-municipal-de-cordeiropolis\/","title":{"rendered":"Novos GCMs iniciam forma\u00e7\u00e3o para atuar nas ruas de Cordeir\u00f3polis \u2013 Prefeitura Municipal de Cordeir\u00f3polis"},"content":{"rendered":"<p> <br \/>\n<\/p>\n<div>\n<p>Come\u00e7ou nesta segunda-feira (2) o Curso de Forma\u00e7\u00e3o Inicial dos novos Guardas Civis Municipais (GCMs) de Cordeir\u00f3polis. Os 12 novos agentes foram convocados em janeiro deste ano pela prefeita Cristina Saad, que acompanhou o in\u00edcio das aulas. Eles devem cumprir uma jornada de 822 horas de forma\u00e7\u00e3o para atuar nas ruas, o que deve ocorrer em junho, em est\u00e1gio probat\u00f3rio.<\/p>\n<p>O curso faz parte da Academia Preparat\u00f3ria da GCM de Cordeir\u00f3polis, institu\u00edda pela gest\u00e3o Cristina Saad. \u201cQuero parabenizar o esfor\u00e7o da equipe do nosso secret\u00e1rio Amarildo Zorzo para desenvolver a academia, permitindo que os GCMs sejam formados aqui, com qualidade e efici\u00eancia, o que refletir\u00e1 em mais seguran\u00e7a para nossa popula\u00e7\u00e3o\u201d, afirmou a prefeita.<\/p>\n<p>O curso est\u00e1 integrado aos m\u00f3dulos da Secretaria Nacional de Seguran\u00e7a P\u00fablica (Senasp) e ter\u00e1 a condu\u00e7\u00e3o de docentes graduados \u2013 a maioria j\u00e1 com doutorado, ampla experi\u00eancia na \u00e1rea e que s\u00e3o refer\u00eancia no Estado. Muni\u00e7\u00e3o, armamento e uniformes tamb\u00e9m est\u00e3o em fase de aquisi\u00e7\u00e3o para atender aos novos GCMs.<\/p>\n<p>A qualifica\u00e7\u00e3o dos guardas e a compra de equipamentos t\u00eam um investimento de, aproximadamente, R$ 200 mil. \u201cPara efeito de compara\u00e7\u00e3o, somente a forma\u00e7\u00e3o dos GCMs, fora da academia e desconsiderando os equipamentos, teria um custo estimado de R$ 240 mil. Ser\u00e1 uma economia relevante para o munic\u00edpio\u201d, explicou o secret\u00e1rio de Seguran\u00e7a P\u00fablica e Tr\u00e2nsito.<\/p>\n<p>Al\u00e9m da forma\u00e7\u00e3o te\u00f3rica, est\u00e3o inclu\u00eddas aulas de defesa pessoal, t\u00e9cnicas de abordagem e de mobiliza\u00e7\u00e3o e condicionamento f\u00edsico, que ser\u00e3o realizadas em espa\u00e7os da Prefeitura de Cordeir\u00f3polis. Os GCMs dever\u00e3o cumprir, tamb\u00e9m, 160 horas de pr\u00e1tica de tiro.<\/p>\n<figure class=\"wp-block-gallery has-nested-images columns-default is-cropped wp-block-gallery-1 is-layout-flex wp-block-gallery-is-layout-flex\">\n<figure class=\"wp-block-image size-large\"><\/figure>\n<\/figure><\/div>\n<p><br \/>\n<br \/><a href=\"https:\/\/www.cordeiropolis.sp.gov.br\/novos-gcms-iniciam-formacao-para-atuar-nas-ruas-de-cordeiropolis\/\" rel=\"noopener\">Informa\u00e7\u00f5es Cordeir\u00f3polis <\/a><\/p>\n","protected":false},"excerpt":{"rendered":"<p>Come\u00e7ou nesta segunda-feira (2) o Curso de Forma\u00e7\u00e3o Inicial dos novos Guardas Civis Municipais (GCMs) de Cordeir\u00f3polis. Os 12 novos agentes foram convocados em janeiro deste ano pela prefeita Cristina Saad, que acompanhou o in\u00edcio das aulas. Eles devem cumprir uma jornada de 822 horas de forma\u00e7\u00e3o para atuar nas ruas, o que deve ocorrer [&hellip;]<\/p>\n","protected":false},"author":1,"featured_media":54148,"comment_status":"closed","ping_status":"open","sticky":false,"template":"","format":"standard","meta":{"_jetpack_newsletter_access":"","_jetpack_dont_email_post_to_subs":false,"_jetpack_newsletter_tier_id":0,"_jetpack_memberships_contains_paywalled_content":false,"_mbp_banners":[],"_jetpack_feature_clip_id":0,"_jetpack_memberships_contains_paid_content":false,"footnotes":"","jetpack_publicize_message":"","jetpack_publicize_feature_enabled":true,"jetpack_social_post_already_shared":true,"jetpack_social_options":{"image_generator_settings":{"template":"highway","default_image_id":0,"font":"","enabled":false},"version":2},"jetpack_post_was_ever_published":false},"categories":[20],"tags":[],"class_list":["post-54147","post","type-post","status-publish","format-standard","has-post-thumbnail","category-regiao"],"jetpack_publicize_connections":[],"jetpack-related-posts":[],"jetpack_shortlink":"https:\/\/wp.me\/p7Eq1F-e5l","jetpack_sharing_enabled":true,"jetpack_featured_media_url":"https:\/\/i0.wp.com\/guialimeira.com.br\/news\/wp-content\/uploads\/2026\/02\/Novos-GCMs-iniciam-formacao-para-atuar-nas-ruas-de-Cordeiropolis.jpeg?fit=1024%2C577&ssl=1","_links":{"self":[{"href":"https:\/\/guialimeira.com.br\/news\/wp-json\/wp\/v2\/posts\/54147","targetHints":{"allow":["GET"]}}],"collection":[{"href":"https:\/\/guialimeira.com.br\/news\/wp-json\/wp\/v2\/posts"}],"about":[{"href":"https:\/\/guialimeira.com.br\/news\/wp-json\/wp\/v2\/types\/post"}],"author":[{"embeddable":true,"href":"https:\/\/guialimeira.com.br\/news\/wp-json\/wp\/v2\/users\/1"}],"replies":[{"embeddable":true,"href":"https:\/\/guialimeira.com.br\/news\/wp-json\/wp\/v2\/comments?post=54147"}],"version-history":[{"count":1,"href":"https:\/\/guialimeira.com.br\/news\/wp-json\/wp\/v2\/posts\/54147\/revisions"}],"predecessor-version":[{"id":54149,"href":"https:\/\/guialimeira.com.br\/news\/wp-json\/wp\/v2\/posts\/54147\/revisions\/54149"}],"wp:featuredmedia":[{"embeddable":true,"href":"https:\/\/guialimeira.com.br\/news\/wp-json\/wp\/v2\/media\/54148"}],"wp:attachment":[{"href":"https:\/\/guialimeira.com.br\/news\/wp-json\/wp\/v2\/media?parent=54147"}],"wp:term":[{"taxonomy":"category","embeddable":true,"href":"https:\/\/guialimeira.com.br\/news\/wp-json\/wp\/v2\/categories?post=54147"},{"taxonomy":"post_tag","embeddable":true,"href":"https:\/\/guialimeira.com.br\/news\/wp-json\/wp\/v2\/tags?post=54147"}],"curies":[{"name":"wp","href":"https:\/\/api.w.org\/{rel}","templated":true}]}}