{"id":5412,"date":"2024-05-17T16:17:49","date_gmt":"2024-05-17T19:17:49","guid":{"rendered":"https:\/\/guialimeira.com.br\/2024\/05\/17\/parque-cidade-e-estadio-do-limeirao-recebem-feira-livre-noturna-na-proxima-semana\/"},"modified":"2024-05-17T16:17:49","modified_gmt":"2024-05-17T19:17:49","slug":"parque-cidade-e-estadio-do-limeirao-recebem-feira-livre-noturna-na-proxima-semana","status":"publish","type":"post","link":"https:\/\/guialimeira.com.br\/news\/parque-cidade-e-estadio-do-limeirao-recebem-feira-livre-noturna-na-proxima-semana\/","title":{"rendered":"Parque Cidade e Est\u00e1dio do Limeir\u00e3o recebem Feira Livre Noturna\u00a0na pr\u00f3xima semana"},"content":{"rendered":"<p> <br \/>\n<\/p>\n<div>\n            <main class=\"\">&#13;<br \/>\n                &#13;<br \/>\n&#13;<br \/>\n&#13;<br \/>\n&#13;<br \/>\n    <img data-recalc-dims=\"1\" decoding=\"async\" src=\"https:\/\/i0.wp.com\/ecrie.com.br\/sistema\/conteudos\/imagem\/m_137_0_1_19022024120728.jpg?w=696&#038;ssl=1\" alt=\"Parque Cidade e Est\u00e1dio do Limeir\u00e3o recebem Feira Livre Noturna\u00a0na pr\u00f3xima semana\"\/>&#13;<br \/>\n&#13;<\/p>\n<p>A\u00a0Feira Livre Noturna\u00a0ter\u00e1 mais duas edi\u00e7\u00f5es na pr\u00f3xima semana. Na ter\u00e7a-feira (21), a feira ocorre no Parque Cidade,\u00a0das 17h \u00e0s 22h.\u00a0Na quinta (23), as 40 barracas ser\u00e3o montadas no estacionamento da\u00a0entrada principal do Est\u00e1dio do Limeir\u00e3o, no mesmo hor\u00e1rio.\u00a0<\/p>\n<p>&#13;<\/p>\n<p>Os consumidores ter\u00e3o acesso a\u00a0produtos\u00a0frescos e de qualidade,\u00a0como legumes, verduras\u00a0e\u00a0frutas, al\u00e9m de alimentos prontos, como espetinhos,\u00a0pizzas,\u00a0lanches,\u00a0derivados de milho,\u00a0doces,\u00a0entre outras op\u00e7\u00f5es. Tamb\u00e9m ser\u00e3o comercializadas roupas, bijuterias e\u00a0brinquedos.\u00a0<\/p>\n<p>&#13;<\/p>\n<p>Lan\u00e7ada\u00a0no fim do ano passado, a\u00a0iniciativa\u00a0\u00e9\u00a0da Prefeitura de Limeira, por meio da Secretaria de Meio Ambiente e Agricultura, em parceria com a Associa\u00e7\u00e3o dos Feirantes (Asfel).<\/p>\n<p>&#13;<br \/>\n&#13;<br \/>\n&#13;<br \/>\n&#13;<\/p>\n<aside class=\"list-related no-print\">&#13;<br \/>\n        &#13;<br \/>\n&#13;<\/p>\n<article class=\"list-item noticias \">&#13;<br \/>\n                    <a class=\"list-item__img\" href=\"https:\/\/limeira.sp.gov.br\/imprensa\/noticias\/meio-ambiente-e-agricultura\/meio-ambiente-abre-vagas-para-curso-de-poda\" tabindex=\"-1\" aria-hidden=\"true\" rel=\"noopener\">&#13;<br \/>\n                        <img data-recalc-dims=\"1\" decoding=\"async\" src=\"https:\/\/i0.wp.com\/ecrie.com.br\/sistema\/conteudos\/imagem\/m_137_0_1_15052024113213.jpeg?w=696&#038;ssl=1\" alt=\"Meio Ambiente abre vagas para curso de poda\"\/>&#13;<br \/>\n                    <\/a>&#13;<br \/>\n&#13;<br \/>\n                &#13;<br \/>\n            <\/article>\n<p>&#13;<\/p>\n<article class=\"list-item noticias \">&#13;<br \/>\n                    <a class=\"list-item__img\" href=\"https:\/\/limeira.sp.gov.br\/imprensa\/noticias\/meio-ambiente-e-agricultura\/feira-livre-noturnaestreia-amanha-noestadio-do-limeirao\" tabindex=\"-1\" aria-hidden=\"true\" rel=\"noopener\">&#13;<br \/>\n                        <img data-recalc-dims=\"1\" decoding=\"async\" src=\"https:\/\/i0.wp.com\/ecrie.com.br\/sistema\/conteudos\/imagem\/m_137_0_1_08052024150907.jpg?w=696&#038;ssl=1\" alt=\"Feira Livre Noturna\u00a0estreia amanh\u00e3 no\u00a0Est\u00e1dio do Limeir\u00e3o\"\/>&#13;<br \/>\n                    <\/a>&#13;<br \/>\n&#13;<br \/>\n                &#13;<br \/>\n            <\/article>\n<p>&#13;<\/p>\n<article class=\"list-item noticias \">&#13;<br \/>\n                    <a class=\"list-item__img\" href=\"https:\/\/limeira.sp.gov.br\/imprensa\/noticias\/meio-ambiente-e-agricultura\/acoes-de-prevencao-a-crueldade-animal-alcancam-mais-de-600-pessoas\" tabindex=\"-1\" aria-hidden=\"true\" rel=\"noopener\">&#13;<br \/>\n                        <img data-recalc-dims=\"1\" decoding=\"async\" src=\"https:\/\/i0.wp.com\/ecrie.com.br\/sistema\/conteudos\/imagem\/m_137_0_1_03052024170050.jpg?w=696&#038;ssl=1\" alt=\"A\u00e7\u00f5es de preven\u00e7\u00e3o \u00e0 crueldade animal alcan\u00e7am mais de 600 pessoas\"\/>&#13;<br \/>\n                    <\/a>&#13;<br \/>\n&#13;<br \/>\n                &#13;<br \/>\n            <\/article>\n<p>&#13;<br \/>\n    <\/aside>\n<p>&#13;<br \/>\n&#13;<br \/>\n            <\/main><\/p><\/div>\n<p><br \/>\n<br \/><a href=\"https:\/\/limeira.sp.gov.br\/parque-cidade-e-estadio-do-limeirao-recebem-feira-livre-noturnana-proxima-semana\" rel=\"noopener\">Informa\u00e7\u00f5es da PML <\/a><\/p>\n","protected":false},"excerpt":{"rendered":"<p>&#13; &#13; &#13; &#13; &#13; &#13; &#13; A\u00a0Feira Livre Noturna\u00a0ter\u00e1 mais duas edi\u00e7\u00f5es na pr\u00f3xima semana. Na ter\u00e7a-feira (21), a feira ocorre no Parque Cidade,\u00a0das 17h \u00e0s 22h.\u00a0Na quinta (23), as 40 barracas ser\u00e3o montadas no estacionamento da\u00a0entrada principal do Est\u00e1dio do Limeir\u00e3o, no mesmo hor\u00e1rio.\u00a0 &#13; Os consumidores ter\u00e3o acesso a\u00a0produtos\u00a0frescos e de qualidade,\u00a0como [&hellip;]<\/p>\n","protected":false},"author":1,"featured_media":5413,"comment_status":"open","ping_status":"open","sticky":false,"template":"","format":"standard","meta":{"_jetpack_newsletter_access":"","_jetpack_dont_email_post_to_subs":false,"_jetpack_newsletter_tier_id":0,"_jetpack_memberships_contains_paywalled_content":false,"_mbp_banners":[],"_jetpack_feature_clip_id":0,"_jetpack_memberships_contains_paid_content":false,"footnotes":"","jetpack_publicize_message":"","jetpack_publicize_feature_enabled":true,"jetpack_social_post_already_shared":true,"jetpack_social_options":{"image_generator_settings":{"template":"highway","default_image_id":0,"font":"","enabled":false},"version":2},"jetpack_post_was_ever_published":false},"categories":[16],"tags":[],"class_list":["post-5412","post","type-post","status-publish","format-standard","has-post-thumbnail","category-local"],"jetpack_publicize_connections":[],"jetpack-related-posts":[],"jetpack_shortlink":"https:\/\/wp.me\/p7Eq1F-1pi","jetpack_sharing_enabled":true,"jetpack_featured_media_url":"https:\/\/i0.wp.com\/guialimeira.com.br\/news\/wp-content\/uploads\/2024\/05\/m_137_0_1_19022024120728.jpg?fit=1280%2C852&ssl=1","_links":{"self":[{"href":"https:\/\/guialimeira.com.br\/news\/wp-json\/wp\/v2\/posts\/5412","targetHints":{"allow":["GET"]}}],"collection":[{"href":"https:\/\/guialimeira.com.br\/news\/wp-json\/wp\/v2\/posts"}],"about":[{"href":"https:\/\/guialimeira.com.br\/news\/wp-json\/wp\/v2\/types\/post"}],"author":[{"embeddable":true,"href":"https:\/\/guialimeira.com.br\/news\/wp-json\/wp\/v2\/users\/1"}],"replies":[{"embeddable":true,"href":"https:\/\/guialimeira.com.br\/news\/wp-json\/wp\/v2\/comments?post=5412"}],"version-history":[{"count":0,"href":"https:\/\/guialimeira.com.br\/news\/wp-json\/wp\/v2\/posts\/5412\/revisions"}],"wp:featuredmedia":[{"embeddable":true,"href":"https:\/\/guialimeira.com.br\/news\/wp-json\/wp\/v2\/media\/5413"}],"wp:attachment":[{"href":"https:\/\/guialimeira.com.br\/news\/wp-json\/wp\/v2\/media?parent=5412"}],"wp:term":[{"taxonomy":"category","embeddable":true,"href":"https:\/\/guialimeira.com.br\/news\/wp-json\/wp\/v2\/categories?post=5412"},{"taxonomy":"post_tag","embeddable":true,"href":"https:\/\/guialimeira.com.br\/news\/wp-json\/wp\/v2\/tags?post=5412"}],"curies":[{"name":"wp","href":"https:\/\/api.w.org\/{rel}","templated":true}]}}