{"id":5408,"date":"2024-05-17T15:55:46","date_gmt":"2024-05-17T18:55:46","guid":{"rendered":"https:\/\/guialimeira.com.br\/2024\/05\/17\/centro-no-ceara-pesquisara-imunoterapia-no-combate-a-varias-doencas\/"},"modified":"2024-05-17T15:55:46","modified_gmt":"2024-05-17T18:55:46","slug":"centro-no-ceara-pesquisara-imunoterapia-no-combate-a-varias-doencas","status":"publish","type":"post","link":"https:\/\/guialimeira.com.br\/news\/centro-no-ceara-pesquisara-imunoterapia-no-combate-a-varias-doencas\/","title":{"rendered":"Centro no Cear\u00e1 pesquisar\u00e1 imunoterapia no combate a v\u00e1rias doen\u00e7as"},"content":{"rendered":"<p> <br \/>\n<\/p>\n<div>\n<p>A Funda\u00e7\u00e3o Oswaldo Cruz (Fiocruz) inaugurou, nesta sexta-feira (17), no Cear\u00e1, o Centro para Imunologia e Imunoterapia, em parceria com o Instituto Pasteur, da Fran\u00e7a. A unidade, que funciona no campus cearense da institui\u00e7\u00e3o, no munic\u00edpio de Eus\u00e9bio, ter\u00e1 a fun\u00e7\u00e3o de desenvolver pesquisas e tratamentos para o c\u00e2ncer, doen\u00e7as infecciosas, negligenciadas, autoimunes e neurodegenerativas.<img data-recalc-dims=\"1\" decoding=\"async\" src=\"https:\/\/i0.wp.com\/agenciabrasil.ebc.com.br\/ebc.png?w=696&#038;ssl=1\" style=\"width:1px; height:1px; display:inline;\"\/><img data-recalc-dims=\"1\" decoding=\"async\" src=\"https:\/\/i0.wp.com\/agenciabrasil.ebc.com.br\/ebc.gif?w=696&#038;ssl=1\" style=\"width:1px; height:1px; display:inline;\"\/><\/p>\n<p>No local, ser\u00e3o realizados desde a pesquisa b\u00e1sica at\u00e9 a aplica\u00e7\u00e3o cl\u00ednica da imunoterapia no combate a essas doen\u00e7as. O centro, que tamb\u00e9m atuar\u00e1 no ensino e forma\u00e7\u00e3o de profissionais, conta com pesquisadores da Fiocruz e do Instituto Pasteur, al\u00e9m do apoio dos governos do Cear\u00e1 e da Fran\u00e7a.<\/p>\n<p>\u201cEsperamos que esse centro seja refer\u00eancia para a inova\u00e7\u00e3o em imunologia e imunoterapia, reunindo pesquisadores brasileiros e internacionais altamente capacitados para apresentar ideias e solu\u00e7\u00f5es para as doen\u00e7as que acometem a popula\u00e7\u00e3o brasileira, principalmente o c\u00e2ncer; doen\u00e7as neurodegenerativas como a esclerose m\u00faltipla; assim como doen\u00e7as tropicais negligenciadas, como a leishmaniose e Chagas\u201d, afirma Jo\u00e3o Herm\u00ednio Martins.<\/p>\n<p>Segundo o secret\u00e1rio de Ci\u00eancia, Tecnologia, Inova\u00e7\u00e3o e Complexo da Sa\u00fade do Minist\u00e9rio da Sa\u00fade, Carlos Gadelha, destacou a import\u00e2ncia dessas pesquisas para o Sistema \u00danico de Sa\u00fade (SUS).<\/p>\n<p>\u201cN\u00e3o se faz Sistema \u00danico de Sa\u00fade sem uma base de conhecimento tecnol\u00f3gica, que d\u00ea autonomia para construir o acesso universal \u00e0 sa\u00fade\u201d, disse o secret\u00e1rio. \u201cEsse projeto incorpora a vis\u00e3o abrangente da ci\u00eancia, da tecnologia, da economia e do cuidado das pessoas e da vida no planeta\u201d.<\/p>\n<\/p><\/div>\n<p><br \/>\n<br \/><a href=\"https:\/\/agenciabrasil.ebc.com.br\/saude\/noticia\/2024-05\/centro-no-ceara-pesquisara-imunoterapia-no-combate-varias-doencas\" rel=\"noopener\">Ag\u00eancia Brasil <\/a><\/p>\n","protected":false},"excerpt":{"rendered":"<p>A Funda\u00e7\u00e3o Oswaldo Cruz (Fiocruz) inaugurou, nesta sexta-feira (17), no Cear\u00e1, o Centro para Imunologia e Imunoterapia, em parceria com o Instituto Pasteur, da Fran\u00e7a. A unidade, que funciona no campus cearense da institui\u00e7\u00e3o, no munic\u00edpio de Eus\u00e9bio, ter\u00e1 a fun\u00e7\u00e3o de desenvolver pesquisas e tratamentos para o c\u00e2ncer, doen\u00e7as infecciosas, negligenciadas, autoimunes e neurodegenerativas. [&hellip;]<\/p>\n","protected":false},"author":1,"featured_media":269,"comment_status":"open","ping_status":"open","sticky":false,"template":"","format":"standard","meta":{"_jetpack_newsletter_access":"","_jetpack_dont_email_post_to_subs":false,"_jetpack_newsletter_tier_id":0,"_jetpack_memberships_contains_paywalled_content":false,"_mbp_banners":[],"_jetpack_feature_clip_id":0,"_jetpack_memberships_contains_paid_content":false,"footnotes":"","jetpack_publicize_message":"","jetpack_publicize_feature_enabled":true,"jetpack_social_post_already_shared":true,"jetpack_social_options":{"image_generator_settings":{"template":"highway","default_image_id":0,"font":"","enabled":false},"version":2},"jetpack_post_was_ever_published":false},"categories":[15],"tags":[],"class_list":["post-5408","post","type-post","status-publish","format-standard","has-post-thumbnail","category-saude"],"jetpack_publicize_connections":[],"jetpack-related-posts":[],"jetpack_shortlink":"https:\/\/wp.me\/p7Eq1F-1pe","jetpack_sharing_enabled":true,"jetpack_featured_media_url":"https:\/\/i0.wp.com\/guialimeira.com.br\/news\/wp-content\/uploads\/2024\/03\/thumb_1200x600_agbrasil.png?fit=1200%2C600&ssl=1","_links":{"self":[{"href":"https:\/\/guialimeira.com.br\/news\/wp-json\/wp\/v2\/posts\/5408","targetHints":{"allow":["GET"]}}],"collection":[{"href":"https:\/\/guialimeira.com.br\/news\/wp-json\/wp\/v2\/posts"}],"about":[{"href":"https:\/\/guialimeira.com.br\/news\/wp-json\/wp\/v2\/types\/post"}],"author":[{"embeddable":true,"href":"https:\/\/guialimeira.com.br\/news\/wp-json\/wp\/v2\/users\/1"}],"replies":[{"embeddable":true,"href":"https:\/\/guialimeira.com.br\/news\/wp-json\/wp\/v2\/comments?post=5408"}],"version-history":[{"count":0,"href":"https:\/\/guialimeira.com.br\/news\/wp-json\/wp\/v2\/posts\/5408\/revisions"}],"wp:featuredmedia":[{"embeddable":true,"href":"https:\/\/guialimeira.com.br\/news\/wp-json\/wp\/v2\/media\/269"}],"wp:attachment":[{"href":"https:\/\/guialimeira.com.br\/news\/wp-json\/wp\/v2\/media?parent=5408"}],"wp:term":[{"taxonomy":"category","embeddable":true,"href":"https:\/\/guialimeira.com.br\/news\/wp-json\/wp\/v2\/categories?post=5408"},{"taxonomy":"post_tag","embeddable":true,"href":"https:\/\/guialimeira.com.br\/news\/wp-json\/wp\/v2\/tags?post=5408"}],"curies":[{"name":"wp","href":"https:\/\/api.w.org\/{rel}","templated":true}]}}