{"id":5403,"date":"2024-05-17T15:06:59","date_gmt":"2024-05-17T18:06:59","guid":{"rendered":"https:\/\/guialimeira.com.br\/2024\/05\/17\/policia-apreende-quase-3-toneladas-de-maconha-em-carga-de-soja-no-interior-de-sp\/"},"modified":"2024-05-17T15:06:59","modified_gmt":"2024-05-17T18:06:59","slug":"policia-apreende-quase-3-toneladas-de-maconha-em-carga-de-soja-no-interior-de-sp","status":"publish","type":"post","link":"https:\/\/guialimeira.com.br\/news\/policia-apreende-quase-3-toneladas-de-maconha-em-carga-de-soja-no-interior-de-sp\/","title":{"rendered":"Pol\u00edcia apreende quase 3 toneladas de maconha em carga de soja no interior de SP"},"content":{"rendered":"<p> <br \/>\n<\/p>\n<div id=\"\">&#13;<br \/>\n                                <!-- Title -->&#13;<br \/>\n                                &#13;<br \/>\n&#13;<br \/>\n                                <!-- Excerpt -->&#13;<\/p>\n<p class=\"excerpt\">Caminh\u00e3o foi parado durante fiscaliza\u00e7\u00e3o na rodovia Marechal Rondon, em Andradina&#13;\n<\/p>\n<p>&#13;<br \/>\n&#13;<br \/>\n                                &#13;\n                            <\/p><\/div>\n<div id=\"\">&#13;<\/p>\n<figure id=\"attachment_5886414\" style=\"width: 100%;max-width: 772px\" class=\"wp-caption alignnone\"><img data-recalc-dims=\"1\" decoding=\"async\" loading=\"lazy\" class=\"wp-image-5886414\" src=\"https:\/\/i0.wp.com\/www.saopaulo.sp.gov.br\/wp-content\/uploads\/2024\/05\/Apreensao-de-maconha-300x225.jpg?resize=696%2C522&#038;ssl=1\" alt=\"Tijolos de maconha\" width=\"696\" height=\"522\" srcset=\"https:\/\/www.saopaulo.sp.gov.br\/wp-content\/uploads\/2024\/05\/Apreensao-de-maconha-300x225.jpg 300w, https:\/\/www.saopaulo.sp.gov.br\/wp-content\/uploads\/2024\/05\/Apreensao-de-maconha-1024x768.jpg 1024w, https:\/\/www.saopaulo.sp.gov.br\/wp-content\/uploads\/2024\/05\/Apreensao-de-maconha-768x576.jpg 768w, https:\/\/www.saopaulo.sp.gov.br\/wp-content\/uploads\/2024\/05\/Apreensao-de-maconha-1536x1152.jpg 1536w, https:\/\/www.saopaulo.sp.gov.br\/wp-content\/uploads\/2024\/05\/Apreensao-de-maconha.jpg 1600w\" sizes=\"auto, (max-width: 772px) 100vw, 772px\"\/><figcaption class=\"wp-caption-text\">Maconha estava escondida em carregamento de soja<\/figcaption><\/figure>\n<p>A Pol\u00edcia Militar Rodovi\u00e1ria apreendeu quase 3 toneladas de maconha na quinta-feira (16) escondidas em meio a uma carga de soja, que era transportada por um caminh\u00e3o na rodovia Marechal Rondon, em Andradina, na regi\u00e3o de Ara\u00e7atuba.<\/p>\n<p>A abordagem aconteceu durante a Opera\u00e7\u00e3o Impacto, num trabalho conjunto das equipes do 2\u00b0 Batalh\u00e3o de Pol\u00edcia Rodovi\u00e1ria com a For\u00e7a Integrada de Combate ao Crime Organizado (Ficco), da Pol\u00edcia Federal.<\/p>\n<p>Havia a suspeita de que um ve\u00edculo estava transportando drogas pelo interior do estado. Durante a fiscaliza\u00e7\u00e3o, os policiais abordaram o caminh\u00e3o. Nas buscas em meio a carga de gr\u00e3os, os agentes encontraram os tijolos de maconha separados em quase 130 fardos. O motorista foi preso em flagrante. Ele j\u00e1 havia sido detido h\u00e1 quatro anos por porte ilegal de arma de fogo.<\/p>\n<p>O caso foi encaminhado \u00e0 Pol\u00edcia Federal de Ara\u00e7atuba, onde foi registrado como tr\u00e1fico de drogas. A carga de maconha totalizou 2,9 mil quilos.<\/p>\n<\/p><\/div>\n<p><br \/>\n<br \/><a href=\"https:\/\/www.saopaulo.sp.gov.br\/spnoticias\/ultimas-noticias\/policia-apreende-quase-3-toneladas-de-maconha-em-carga-de-soja-no-interior-de-sp\/\" rel=\"noopener\">Informa\u00e7\u00f5es GOV.SP<\/a><\/p>\n","protected":false},"excerpt":{"rendered":"<p>&#13; &#13; &#13; &#13; &#13; Caminh\u00e3o foi parado durante fiscaliza\u00e7\u00e3o na rodovia Marechal Rondon, em Andradina&#13; &#13; &#13; &#13; &#13; Maconha estava escondida em carregamento de soja A Pol\u00edcia Militar Rodovi\u00e1ria apreendeu quase 3 toneladas de maconha na quinta-feira (16) escondidas em meio a uma carga de soja, que era transportada por um caminh\u00e3o na [&hellip;]<\/p>\n","protected":false},"author":1,"featured_media":5404,"comment_status":"open","ping_status":"open","sticky":false,"template":"","format":"standard","meta":{"_jetpack_newsletter_access":"","_jetpack_dont_email_post_to_subs":false,"_jetpack_newsletter_tier_id":0,"_jetpack_memberships_contains_paywalled_content":false,"_mbp_banners":[],"_jetpack_feature_clip_id":0,"_jetpack_memberships_contains_paid_content":false,"footnotes":"","jetpack_publicize_message":"","jetpack_publicize_feature_enabled":true,"jetpack_social_post_already_shared":true,"jetpack_social_options":{"image_generator_settings":{"template":"highway","default_image_id":0,"font":"","enabled":false},"version":2},"jetpack_post_was_ever_published":false},"categories":[21],"tags":[],"class_list":["post-5403","post","type-post","status-publish","format-standard","has-post-thumbnail","category-sp-news"],"jetpack_publicize_connections":[],"jetpack-related-posts":[],"jetpack_shortlink":"https:\/\/wp.me\/p7Eq1F-1p9","jetpack_sharing_enabled":true,"jetpack_featured_media_url":"https:\/\/i0.wp.com\/guialimeira.com.br\/news\/wp-content\/uploads\/2024\/05\/Policia-apreende-quase-3-toneladas-de-maconha-em-carga-de.jpg?fit=300%2C225&ssl=1","_links":{"self":[{"href":"https:\/\/guialimeira.com.br\/news\/wp-json\/wp\/v2\/posts\/5403","targetHints":{"allow":["GET"]}}],"collection":[{"href":"https:\/\/guialimeira.com.br\/news\/wp-json\/wp\/v2\/posts"}],"about":[{"href":"https:\/\/guialimeira.com.br\/news\/wp-json\/wp\/v2\/types\/post"}],"author":[{"embeddable":true,"href":"https:\/\/guialimeira.com.br\/news\/wp-json\/wp\/v2\/users\/1"}],"replies":[{"embeddable":true,"href":"https:\/\/guialimeira.com.br\/news\/wp-json\/wp\/v2\/comments?post=5403"}],"version-history":[{"count":0,"href":"https:\/\/guialimeira.com.br\/news\/wp-json\/wp\/v2\/posts\/5403\/revisions"}],"wp:featuredmedia":[{"embeddable":true,"href":"https:\/\/guialimeira.com.br\/news\/wp-json\/wp\/v2\/media\/5404"}],"wp:attachment":[{"href":"https:\/\/guialimeira.com.br\/news\/wp-json\/wp\/v2\/media?parent=5403"}],"wp:term":[{"taxonomy":"category","embeddable":true,"href":"https:\/\/guialimeira.com.br\/news\/wp-json\/wp\/v2\/categories?post=5403"},{"taxonomy":"post_tag","embeddable":true,"href":"https:\/\/guialimeira.com.br\/news\/wp-json\/wp\/v2\/tags?post=5403"}],"curies":[{"name":"wp","href":"https:\/\/api.w.org\/{rel}","templated":true}]}}