{"id":540,"date":"2024-03-30T09:09:48","date_gmt":"2024-03-30T12:09:48","guid":{"rendered":"https:\/\/guialimeira.com.br\/2024\/03\/30\/sema-expoe-politicas-publicas-para-a-agricultura-na-coplacampo-2024-portal-do-municipio-de-piracicaba\/"},"modified":"2024-03-30T09:09:48","modified_gmt":"2024-03-30T12:09:48","slug":"sema-expoe-politicas-publicas-para-a-agricultura-na-coplacampo-2024-portal-do-municipio-de-piracicaba","status":"publish","type":"post","link":"https:\/\/guialimeira.com.br\/news\/sema-expoe-politicas-publicas-para-a-agricultura-na-coplacampo-2024-portal-do-municipio-de-piracicaba\/","title":{"rendered":"Sema exp\u00f5e pol\u00edticas p\u00fablicas para a agricultura na Coplacampo 2024 \u2013 Portal do Munic\u00edpio de Piracicaba"},"content":{"rendered":"<p> <br \/>\n<\/p>\n<div itemprop=\"articleBody\">\n<div class=\"m-auto col-lg-8\">\n<figure class=\"text-center\">\n<img data-recalc-dims=\"1\" width=\"696\" height=\"522\" src=\"https:\/\/i0.wp.com\/piracicaba.sp.gov.br\/wp-content\/uploads\/2024\/02\/Sema-participara-pelo-terceiro-ano-consecutivo-da-Coplacampo-1024x768.jpg?resize=696%2C522&#038;ssl=1\" class=\"img-fluid img-thumbnail border-1 wp-post-image\" alt=\"\" itemprop=\"image\" decoding=\"async\" fetchpriority=\"high\" srcset=\"https:\/\/piracicaba.sp.gov.br\/wp-content\/uploads\/2024\/02\/Sema-participara-pelo-terceiro-ano-consecutivo-da-Coplacampo-1024x768.jpg 1024w, https:\/\/piracicaba.sp.gov.br\/wp-content\/uploads\/2024\/02\/Sema-participara-pelo-terceiro-ano-consecutivo-da-Coplacampo-300x225.jpg 300w, https:\/\/piracicaba.sp.gov.br\/wp-content\/uploads\/2024\/02\/Sema-participara-pelo-terceiro-ano-consecutivo-da-Coplacampo-768x576.jpg 768w, https:\/\/piracicaba.sp.gov.br\/wp-content\/uploads\/2024\/02\/Sema-participara-pelo-terceiro-ano-consecutivo-da-Coplacampo-1536x1152.jpg 1536w, https:\/\/piracicaba.sp.gov.br\/wp-content\/uploads\/2024\/02\/Sema-participara-pelo-terceiro-ano-consecutivo-da-Coplacampo.jpg 2016w\" sizes=\"(max-width: 1024px) 100vw, 1024px\"\/><\/figure>\n<p>A Prefeitura de Piracicaba, por meio da Sema (Secretaria Municipal de Agricultura e Abastecimento), participar\u00e1 pelo terceiro ano consecutivo da 10\u00aa edi\u00e7\u00e3o da Coplacampo, que tem in\u00edcio na pr\u00f3xima segunda-feira, 26\/02, a partir das 9h30, e continua at\u00e9 sexta-feira, 1\u00ba\/03, das 8h \u00e0s 17h, na Unidade de Gr\u00e3os da cooperativa (Rodovia do A\u00e7\u00facar, km 157, bairro Taquaral).\u00a0<\/p>\n<p>A feira \u00e9 gratuita e realizada pela Coplacana (Cooperativa dos Plantadores de Cana do Estado de S\u00e3o Paulo) para produtores rurais e empresas do agroneg\u00f3cio de todo o Brasil. Neste ano, a edi\u00e7\u00e3o conta com mais de 130 estandes com exposi\u00e7\u00e3o de servi\u00e7os, produtos e tecnologias inovadoras no agro.<\/p>\n<p>A Sema estar\u00e1 presente com estande pr\u00f3prio durante o evento, organizado com o objetivo de apresentar os principais programas desenvolvidos pela secretaria em prol dos produtores rurais de Piracicaba, como o Patrulha Agr\u00edcola, PSA (Pagamento por Servi\u00e7os Ambientais), SIM (Servi\u00e7o de Inspe\u00e7\u00e3o Municipal), Selapir (Selo Local de Alimentos de Piracicaba), entre outros.\u00a0<\/p>\n<p>A secretaria tamb\u00e9m estar\u00e1 expondo mudas de \u00e1rvores nativas do Viveiro Municipal, que ao final do evento ser\u00e3o doadas. O Semae (Servi\u00e7o Municipal de \u00c1gua e Esgoto) est\u00e1 presente no mesmo estande, em parceria com a Sema, para expor o Plano Municipal de Saneamento Rural aos visitantes.<\/p>\n<figure class=\"wp-block-image size-large\"><img data-recalc-dims=\"1\" loading=\"lazy\" data-attachment-id=\"73314\" data-permalink=\"https:\/\/guialimeira.com.br\/news\/ministerio-publico-disponibiliza-guia-para-orientar-populacao-sobre-golpes-digitais\/m_137_0_1_29072026122413-jpg\/\" data-orig-file=\"https:\/\/i0.wp.com\/guialimeira.com.br\/news\/wp-content\/uploads\/2026\/07\/m_137_0_1_29072026122413.jpg?fit=1024%2C575&amp;ssl=1\" data-orig-size=\"1024,575\" data-comments-opened=\"0\" data-image-meta=\"{&quot;aperture&quot;:&quot;0&quot;,&quot;credit&quot;:&quot;&quot;,&quot;camera&quot;:&quot;&quot;,&quot;caption&quot;:&quot;&quot;,&quot;created_timestamp&quot;:&quot;0&quot;,&quot;copyright&quot;:&quot;&quot;,&quot;focal_length&quot;:&quot;0&quot;,&quot;iso&quot;:&quot;0&quot;,&quot;shutter_speed&quot;:&quot;0&quot;,&quot;title&quot;:&quot;&quot;,&quot;orientation&quot;:&quot;0&quot;,&quot;alt&quot;:&quot;&quot;}\" data-image-title=\"m_137_0_1_29072026122413.jpg\" data-image-description=\"\" data-image-caption=\"\" data-large-file=\"https:\/\/i0.wp.com\/guialimeira.com.br\/news\/wp-content\/uploads\/2026\/07\/m_137_0_1_29072026122413.jpg?fit=696%2C391&amp;ssl=1\" decoding=\"async\" width=\"696\" height=\"522\" src=\"https:\/\/i0.wp.com\/piracicaba.sp.gov.br\/wp-content\/uploads\/2024\/02\/Sema-participara-pelo-terceiro-ano-consecutivo-da-Coplacampo-1024x768.jpg?resize=696%2C522&#038;ssl=1\" alt=\"Equipe da Sema no estande da secretaria, durante a Coplacampo 2023\" class=\"wp-image-73314\" srcset=\"https:\/\/piracicaba.sp.gov.br\/wp-content\/uploads\/2024\/02\/Sema-participara-pelo-terceiro-ano-consecutivo-da-Coplacampo-1024x768.jpg 1024w, https:\/\/piracicaba.sp.gov.br\/wp-content\/uploads\/2024\/02\/Sema-participara-pelo-terceiro-ano-consecutivo-da-Coplacampo-300x225.jpg 300w, https:\/\/piracicaba.sp.gov.br\/wp-content\/uploads\/2024\/02\/Sema-participara-pelo-terceiro-ano-consecutivo-da-Coplacampo-768x576.jpg 768w, https:\/\/piracicaba.sp.gov.br\/wp-content\/uploads\/2024\/02\/Sema-participara-pelo-terceiro-ano-consecutivo-da-Coplacampo-1536x1152.jpg 1536w, https:\/\/piracicaba.sp.gov.br\/wp-content\/uploads\/2024\/02\/Sema-participara-pelo-terceiro-ano-consecutivo-da-Coplacampo.jpg 2016w\" sizes=\"auto, (max-width: 1024px) 100vw, 1024px\"\/><figcaption class=\"wp-element-caption\"><em><strong><sub>Sema participar\u00e1 pelo terceiro ano consecutivo da Coplacampo<\/sub><\/strong><\/em><\/figcaption><\/figure>\n<\/div>\n<\/div>\n<p><br \/>\n<br \/><a href=\"https:\/\/piracicaba.sp.gov.br\/noticias\/sema-expoe-politicas-publicas-para-a-agricultura-na-coplacampo-2024\/\" rel=\"noopener\">Informa\u00e7\u00f5es PMP <\/a><\/p>\n","protected":false},"excerpt":{"rendered":"<p>A Prefeitura de Piracicaba, por meio da Sema (Secretaria Municipal de Agricultura e Abastecimento), participar\u00e1 pelo terceiro ano consecutivo da 10\u00aa edi\u00e7\u00e3o da Coplacampo, que tem in\u00edcio na pr\u00f3xima segunda-feira, 26\/02, a partir das 9h30, e continua at\u00e9 sexta-feira, 1\u00ba\/03, das 8h \u00e0s 17h, na Unidade de Gr\u00e3os da cooperativa (Rodovia do A\u00e7\u00facar, km 157, [&hellip;]<\/p>\n","protected":false},"author":1,"featured_media":541,"comment_status":"open","ping_status":"open","sticky":false,"template":"","format":"standard","meta":{"_jetpack_newsletter_access":"","_jetpack_dont_email_post_to_subs":false,"_jetpack_newsletter_tier_id":0,"_jetpack_memberships_contains_paywalled_content":false,"_mbp_banners":[],"_jetpack_feature_clip_id":0,"_jetpack_memberships_contains_paid_content":false,"footnotes":"","jetpack_publicize_message":"","jetpack_publicize_feature_enabled":true,"jetpack_social_post_already_shared":true,"jetpack_social_options":{"image_generator_settings":{"template":"highway","default_image_id":0,"font":"","enabled":false},"version":2},"jetpack_post_was_ever_published":false},"categories":[20],"tags":[],"class_list":["post-540","post","type-post","status-publish","format-standard","has-post-thumbnail","category-regiao"],"jetpack_publicize_connections":[],"jetpack-related-posts":[],"jetpack_shortlink":"https:\/\/wp.me\/p7Eq1F-8I","jetpack_sharing_enabled":true,"jetpack_featured_media_url":"https:\/\/i0.wp.com\/guialimeira.com.br\/news\/wp-content\/uploads\/2024\/03\/Sema-participara-pelo-terceiro-ano-consecutivo-da-Coplacampo.jpg?fit=2016%2C1512&ssl=1","_links":{"self":[{"href":"https:\/\/guialimeira.com.br\/news\/wp-json\/wp\/v2\/posts\/540","targetHints":{"allow":["GET"]}}],"collection":[{"href":"https:\/\/guialimeira.com.br\/news\/wp-json\/wp\/v2\/posts"}],"about":[{"href":"https:\/\/guialimeira.com.br\/news\/wp-json\/wp\/v2\/types\/post"}],"author":[{"embeddable":true,"href":"https:\/\/guialimeira.com.br\/news\/wp-json\/wp\/v2\/users\/1"}],"replies":[{"embeddable":true,"href":"https:\/\/guialimeira.com.br\/news\/wp-json\/wp\/v2\/comments?post=540"}],"version-history":[{"count":0,"href":"https:\/\/guialimeira.com.br\/news\/wp-json\/wp\/v2\/posts\/540\/revisions"}],"wp:featuredmedia":[{"embeddable":true,"href":"https:\/\/guialimeira.com.br\/news\/wp-json\/wp\/v2\/media\/541"}],"wp:attachment":[{"href":"https:\/\/guialimeira.com.br\/news\/wp-json\/wp\/v2\/media?parent=540"}],"wp:term":[{"taxonomy":"category","embeddable":true,"href":"https:\/\/guialimeira.com.br\/news\/wp-json\/wp\/v2\/categories?post=540"},{"taxonomy":"post_tag","embeddable":true,"href":"https:\/\/guialimeira.com.br\/news\/wp-json\/wp\/v2\/tags?post=540"}],"curies":[{"name":"wp","href":"https:\/\/api.w.org\/{rel}","templated":true}]}}