{"id":5393,"date":"2024-05-17T14:06:04","date_gmt":"2024-05-17T17:06:04","guid":{"rendered":"https:\/\/guialimeira.com.br\/2024\/05\/17\/governo-de-sp-disponibiliza-vacinacao-contra-gripe-para-toda-a-populacao\/"},"modified":"2024-05-17T14:06:04","modified_gmt":"2024-05-17T17:06:04","slug":"governo-de-sp-disponibiliza-vacinacao-contra-gripe-para-toda-a-populacao","status":"publish","type":"post","link":"https:\/\/guialimeira.com.br\/news\/governo-de-sp-disponibiliza-vacinacao-contra-gripe-para-toda-a-populacao\/","title":{"rendered":"Governo de SP disponibiliza vacina\u00e7\u00e3o contra gripe para toda a popula\u00e7\u00e3o"},"content":{"rendered":"<p> <br \/>\n<\/p>\n<div id=\"\">&#13;<br \/>\n                                <!-- Title -->&#13;<br \/>\n                                &#13;<br \/>\n&#13;<br \/>\n                                <!-- Excerpt -->&#13;<\/p>\n<p class=\"excerpt\">Imuniza\u00e7\u00e3o \u00e9 a forma de preven\u00e7\u00e3o mais segura para evitar as complica\u00e7\u00f5es e o agravamento das doen\u00e7as respirat\u00f3rias <\/p>\n<p>&#13;<br \/>\n&#13;<br \/>\n                                &#13;\n                            <\/p><\/div>\n<div id=\"\">&#13;<\/p>\n<figure id=\"attachment_5849927\" style=\"width: 100%;max-width: 665px\" class=\"wp-caption alignnone\"><img data-recalc-dims=\"1\" decoding=\"async\" loading=\"lazy\" class=\" wp-image-5849927\" src=\"https:\/\/i0.wp.com\/www.saopaulo.sp.gov.br\/wp-content\/uploads\/2024\/03\/influenza-interna-9ff7a44abb7e78ff-300x200.jpg?resize=665%2C443&#038;ssl=1\" alt=\"\" width=\"665\" height=\"443\" srcset=\"https:\/\/www.saopaulo.sp.gov.br\/wp-content\/uploads\/2024\/03\/influenza-interna-9ff7a44abb7e78ff-300x200.jpg 300w, https:\/\/www.saopaulo.sp.gov.br\/wp-content\/uploads\/2024\/03\/influenza-interna-9ff7a44abb7e78ff.jpg 750w\" sizes=\"auto, (max-width: 665px) 100vw, 665px\"\/><figcaption class=\"wp-caption-text\">A vacina\u00e7\u00e3o \u00e9 a forma de preven\u00e7\u00e3o mais eficaz contra o v\u00edrus da influenza, respons\u00e1vel pelas infec\u00e7\u00f5es respirat\u00f3rias<\/figcaption><\/figure>\n<p>O Governo de SP ampliou a vacina\u00e7\u00e3o contra a gripe, anteriormente destinada aos grupos priorit\u00e1rios, para toda a popula\u00e7\u00e3o que agora, poder\u00e1 comparecer \u00e0 Unidade B\u00e1sica de Sa\u00fade (UBSs) mais pr\u00f3xima de sua casa para se imunizar.<\/p>\n<p>A a\u00e7\u00e3o divulgada pela Secretaria da Sa\u00fade do Estado de S\u00e3o Paulo (SES-SP) nos 645 munic\u00edpios paulistas vacinou, entre mar\u00e7o e maio deste ano, 29,7% dos grupos priorit\u00e1rios, que abrangem crian\u00e7as de at\u00e9 seis anos, gestantes, pu\u00e9rperas, professores do ensino b\u00e1sico, idosos, dentre outros. Com a amplia\u00e7\u00e3o da vacina\u00e7\u00e3o, o objetivo \u00e9 que a cobertura vacinal da popula\u00e7\u00e3o de todo o estado aumente.<\/p>\n<p>De acordo com a diretora do Centro de Vigil\u00e2ncia Epidemiol\u00f3gica (CVE) da SES, Tatiana Lang D\u2019Agostini, em 2023, foi registrada uma cobertura de 53% em todo estado. \u201cA meta para essa campanha, \u00e9 que ela supere os n\u00fameros do ano anterior, fazendo com que o m\u00e1ximo de pessoas estejam imunizadas\u201d, acrescentou.<\/p>\n<p>Considerada a forma de preven\u00e7\u00e3o mais eficaz contra o v\u00edrus da influenza, respons\u00e1vel pelas infec\u00e7\u00f5es respirat\u00f3rias, a vacina\u00e7\u00e3o evita complica\u00e7\u00f5es e o agravamento da doen\u00e7a. \u201cGripes e resfriados, se n\u00e3o tratados adequadamente, podem evoluir para uma infec\u00e7\u00e3o local ou das vias respirat\u00f3rias, e at\u00e9 mesmo pneumonia. Portanto, a vacina \u00e9 de extrema import\u00e2ncia para proteger o sistema imunol\u00f3gico e evitar o aumento da transmiss\u00e3o\u201d, afirma a diretora.<\/p>\n<p><strong>D\u00favidas sobre a vacina\u00e7\u00e3o?<\/strong><\/p>\n<p>O Governo de S\u00e3o Paulo, por meio da SES, criou o portal \u201cVacina 100 D\u00favidas\u201d com as perguntas mais frequentes sobre vacina\u00e7\u00e3o nos buscadores da internet. A plataforma esclarece quest\u00f5es como efeitos colaterais, efic\u00e1cia das vacinas, doen\u00e7as imunopreven\u00edveis e quais os perigos ao n\u00e3o se imunizar. O acesso est\u00e1 dispon\u00edvel no link: <a href=\"https:\/\/www.vacina100duvidas.sp.gov.br\/\" rel=\"noopener\">https:\/\/www.vacina100duvidas.sp.gov.br\/<\/a><\/p>\n<\/p><\/div>\n<p><br \/>\n<br \/><a href=\"https:\/\/www.saopaulo.sp.gov.br\/spnoticias\/ultimas-noticias\/governo-de-sp-disponibiliza-vacinacao-contra-gripe-para-toda-a-populacao\/\" rel=\"noopener\">Informa\u00e7\u00f5es GOV.SP<\/a><\/p>\n","protected":false},"excerpt":{"rendered":"<p>&#13; &#13; &#13; &#13; &#13; Imuniza\u00e7\u00e3o \u00e9 a forma de preven\u00e7\u00e3o mais segura para evitar as complica\u00e7\u00f5es e o agravamento das doen\u00e7as respirat\u00f3rias &#13; &#13; &#13; &#13; A vacina\u00e7\u00e3o \u00e9 a forma de preven\u00e7\u00e3o mais eficaz contra o v\u00edrus da influenza, respons\u00e1vel pelas infec\u00e7\u00f5es respirat\u00f3rias O Governo de SP ampliou a vacina\u00e7\u00e3o contra a gripe, [&hellip;]<\/p>\n","protected":false},"author":1,"featured_media":5394,"comment_status":"open","ping_status":"open","sticky":false,"template":"","format":"standard","meta":{"_jetpack_newsletter_access":"","_jetpack_dont_email_post_to_subs":false,"_jetpack_newsletter_tier_id":0,"_jetpack_memberships_contains_paywalled_content":false,"_mbp_banners":[],"_jetpack_feature_clip_id":0,"_jetpack_memberships_contains_paid_content":false,"footnotes":"","jetpack_publicize_message":"","jetpack_publicize_feature_enabled":true,"jetpack_social_post_already_shared":true,"jetpack_social_options":{"image_generator_settings":{"template":"highway","default_image_id":0,"font":"","enabled":false},"version":2},"jetpack_post_was_ever_published":false},"categories":[21],"tags":[],"class_list":["post-5393","post","type-post","status-publish","format-standard","has-post-thumbnail","category-sp-news"],"jetpack_publicize_connections":[],"jetpack-related-posts":[],"jetpack_shortlink":"https:\/\/wp.me\/p7Eq1F-1oZ","jetpack_sharing_enabled":true,"jetpack_featured_media_url":"https:\/\/i0.wp.com\/guialimeira.com.br\/news\/wp-content\/uploads\/2024\/05\/Governo-de-SP-disponibiliza-vacinacao-contra-gripe-para-toda-a.jpg?fit=300%2C200&ssl=1","_links":{"self":[{"href":"https:\/\/guialimeira.com.br\/news\/wp-json\/wp\/v2\/posts\/5393","targetHints":{"allow":["GET"]}}],"collection":[{"href":"https:\/\/guialimeira.com.br\/news\/wp-json\/wp\/v2\/posts"}],"about":[{"href":"https:\/\/guialimeira.com.br\/news\/wp-json\/wp\/v2\/types\/post"}],"author":[{"embeddable":true,"href":"https:\/\/guialimeira.com.br\/news\/wp-json\/wp\/v2\/users\/1"}],"replies":[{"embeddable":true,"href":"https:\/\/guialimeira.com.br\/news\/wp-json\/wp\/v2\/comments?post=5393"}],"version-history":[{"count":0,"href":"https:\/\/guialimeira.com.br\/news\/wp-json\/wp\/v2\/posts\/5393\/revisions"}],"wp:featuredmedia":[{"embeddable":true,"href":"https:\/\/guialimeira.com.br\/news\/wp-json\/wp\/v2\/media\/5394"}],"wp:attachment":[{"href":"https:\/\/guialimeira.com.br\/news\/wp-json\/wp\/v2\/media?parent=5393"}],"wp:term":[{"taxonomy":"category","embeddable":true,"href":"https:\/\/guialimeira.com.br\/news\/wp-json\/wp\/v2\/categories?post=5393"},{"taxonomy":"post_tag","embeddable":true,"href":"https:\/\/guialimeira.com.br\/news\/wp-json\/wp\/v2\/tags?post=5393"}],"curies":[{"name":"wp","href":"https:\/\/api.w.org\/{rel}","templated":true}]}}