{"id":5389,"date":"2024-05-17T14:02:51","date_gmt":"2024-05-17T17:02:51","guid":{"rendered":"https:\/\/guialimeira.com.br\/2024\/05\/17\/marta-celebra-copa-do-mundo-de-2027-no-brasil-e-defende-1o-jogo-no-rs\/"},"modified":"2024-05-17T14:02:51","modified_gmt":"2024-05-17T17:02:51","slug":"marta-celebra-copa-do-mundo-de-2027-no-brasil-e-defende-1o-jogo-no-rs","status":"publish","type":"post","link":"https:\/\/guialimeira.com.br\/news\/marta-celebra-copa-do-mundo-de-2027-no-brasil-e-defende-1o-jogo-no-rs\/","title":{"rendered":"Marta celebra Copa do Mundo de 2027 no Brasil e defende 1\u00ba jogo no RS"},"content":{"rendered":"<p> <br \/>\n<\/p>\n<div>\n<p>Eleita por seis vezes pela Fifa a melhor jogadora do mundo, Marta celebrou nesta sexta-feira (17) a escolha do Brasil como sede da Copa do Mundo Feminina de 2027 e defendeu que a primeira partida seja disputada no Rio Grande do Sul, que foi devastado por enchentes nas \u00faltimas semanas.<img data-recalc-dims=\"1\" decoding=\"async\" src=\"https:\/\/i0.wp.com\/agenciabrasil.ebc.com.br\/ebc.png?w=696&#038;ssl=1\" style=\"width:1px; height:1px; display:inline;\"\/><img data-recalc-dims=\"1\" decoding=\"async\" src=\"https:\/\/i0.wp.com\/agenciabrasil.ebc.com.br\/ebc.gif?w=696&#038;ssl=1\" style=\"width:1px; height:1px; display:inline;\"\/><\/p>\n<blockquote>\n<p>&#8220;Fiquei muito feliz com a not\u00edcia e tenho certeza de que a Copa do Mundo Feminina de 2027 ser\u00e1 um sucesso, e o povo brasileiro, como sempre, estar\u00e1 de bra\u00e7os abertos para receber a comunidade mundial do futebol&#8221;, afirmou a meia-atacante de 38 anos em sua rede social.\u00a0&#8220;Se fosse poss\u00edvel, gostaria que a primeira partida da sele\u00e7\u00e3o brasileira fosse no Rio Grande Sul. O Estado do Rio Grande do Sul e o povo ga\u00facho merecem&#8221;, acrescentou.<\/p>\n<\/blockquote>\n<p>Nesta sexta-feira (17), a Defesa Civil do Estado informou que subiu para 154 o n\u00famero de mortes confirmadas em decorr\u00eancia das enchentes no Estado, acrescentando que as equipes de resgate ainda procuram por 98 pessoas desaparecidas.<\/p>\n<blockquote class=\"twitter-tweet\">\n<p dir=\"ltr\" lang=\"pt\" xml:lang=\"pt\">Bom dia, Brasil! \ud83d\udc4b\ud83c\udde7\ud83c\uddf7<\/p>\n<p>\u2014 FIFA Women&#8217;s World Cup (@FIFAWWC) <a href=\"https:\/\/twitter.com\/FIFAWWC\/status\/1791438012800204858?ref_src=twsrc%5Etfw\" rel=\"noopener\">May 17, 2024<\/a><\/p><\/blockquote>\n<h2>Vit\u00f3ria sobre candidatura europeia<\/h2>\n<p>O Brasil foi escolhido para sediar a Copa feminina de 2027 pelo congresso da Fifa superando a proposta conjunta de B\u00e9lgica, Holanda e Alemanha para se tornar o primeiro pa\u00eds sul-americano a realizar o torneio.<\/p>\n<p>A candidatura brasileira recebeu o apoio de 119 associa\u00e7\u00f5es membros do congresso da Fifa para sediar a 10\u00aa edi\u00e7\u00e3o da competi\u00e7\u00e3o, em compara\u00e7\u00e3o com 78 votos para a candidatura europeia.<\/p>\n<p>Em v\u00eddeo divulgado pela candidatura brasileira, Marta, que j\u00e1 anunciou que este ano ser\u00e1 seu \u00faltimo com a camisa da sele\u00e7\u00e3o, chorou com a escolha do Brasil como sede do Mundial, torneio que ela disputou por seis vezes e do qual \u00e9 a maior artilheira, com 17 gols.<\/p>\n<blockquote>\n<p>&#8220;Jogar uma Copa do Mundo em casa \u00e9 o sonho de tantas meninas no Brasil. Por isso quero agradecer a todos que fizeram parte dessa conquista, e vamos seguir juntas construindo o futuro que o futebol de mulheres no Brasil, na Am\u00e9rica do Sul e no mundo merece&#8221;, declarou Marta.<\/p>\n<\/blockquote>\n<p>A Fifa disse que os 10 est\u00e1dios definidos pelo Brasil para a Copa feminina foram constru\u00eddos e configurados especificamente para grandes torneios, tendo sediado a Copa do Mundo masculina de 2014, e que a candidatura tinha uma forte posi\u00e7\u00e3o comercial e compromisso governamental.<\/p>\n<p><em><strong>* \u00c9 proibida a reprodu\u00e7\u00e3o deste conte\u00fado.<\/strong><\/em><\/p>\n<\/p><\/div>\n<p><script async src=\"\/\/platform.twitter.com\/widgets.js\" charset=\"utf-8\"><\/script><br \/>\n<br \/><br \/>\n<br \/><a href=\"https:\/\/agenciabrasil.ebc.com.br\/esportes\/noticia\/2024-05\/marta-celebra-copa-do-mundo-de-2027-no-brasil-e-defende-1o-jogo-no-rs\" rel=\"noopener\">Ag\u00eancia Brasil<\/a><\/p>\n","protected":false},"excerpt":{"rendered":"<p>Eleita por seis vezes pela Fifa a melhor jogadora do mundo, Marta celebrou nesta sexta-feira (17) a escolha do Brasil como sede da Copa do Mundo Feminina de 2027 e defendeu que a primeira partida seja disputada no Rio Grande do Sul, que foi devastado por enchentes nas \u00faltimas semanas. &#8220;Fiquei muito feliz com a [&hellip;]<\/p>\n","protected":false},"author":1,"featured_media":5390,"comment_status":"open","ping_status":"open","sticky":false,"template":"","format":"standard","meta":{"_jetpack_newsletter_access":"","_jetpack_dont_email_post_to_subs":false,"_jetpack_newsletter_tier_id":0,"_jetpack_memberships_contains_paywalled_content":false,"_mbp_banners":[],"_jetpack_feature_clip_id":0,"_jetpack_memberships_contains_paid_content":false,"footnotes":"","jetpack_publicize_message":"","jetpack_publicize_feature_enabled":true,"jetpack_social_post_already_shared":true,"jetpack_social_options":{"image_generator_settings":{"template":"highway","default_image_id":0,"font":"","enabled":false},"version":2},"jetpack_post_was_ever_published":false},"categories":[23],"tags":[],"class_list":["post-5389","post","type-post","status-publish","format-standard","has-post-thumbnail","category-esportes"],"jetpack_publicize_connections":[],"jetpack-related-posts":[],"jetpack_shortlink":"https:\/\/wp.me\/p7Eq1F-1oV","jetpack_sharing_enabled":true,"jetpack_featured_media_url":"https:\/\/i0.wp.com\/guialimeira.com.br\/news\/wp-content\/uploads\/2024\/05\/marta_rainha_futebol.jpg?fit=1600%2C800&ssl=1","_links":{"self":[{"href":"https:\/\/guialimeira.com.br\/news\/wp-json\/wp\/v2\/posts\/5389","targetHints":{"allow":["GET"]}}],"collection":[{"href":"https:\/\/guialimeira.com.br\/news\/wp-json\/wp\/v2\/posts"}],"about":[{"href":"https:\/\/guialimeira.com.br\/news\/wp-json\/wp\/v2\/types\/post"}],"author":[{"embeddable":true,"href":"https:\/\/guialimeira.com.br\/news\/wp-json\/wp\/v2\/users\/1"}],"replies":[{"embeddable":true,"href":"https:\/\/guialimeira.com.br\/news\/wp-json\/wp\/v2\/comments?post=5389"}],"version-history":[{"count":0,"href":"https:\/\/guialimeira.com.br\/news\/wp-json\/wp\/v2\/posts\/5389\/revisions"}],"wp:featuredmedia":[{"embeddable":true,"href":"https:\/\/guialimeira.com.br\/news\/wp-json\/wp\/v2\/media\/5390"}],"wp:attachment":[{"href":"https:\/\/guialimeira.com.br\/news\/wp-json\/wp\/v2\/media?parent=5389"}],"wp:term":[{"taxonomy":"category","embeddable":true,"href":"https:\/\/guialimeira.com.br\/news\/wp-json\/wp\/v2\/categories?post=5389"},{"taxonomy":"post_tag","embeddable":true,"href":"https:\/\/guialimeira.com.br\/news\/wp-json\/wp\/v2\/tags?post=5389"}],"curies":[{"name":"wp","href":"https:\/\/api.w.org\/{rel}","templated":true}]}}