{"id":5387,"date":"2024-05-17T14:01:48","date_gmt":"2024-05-17T17:01:48","guid":{"rendered":"https:\/\/guialimeira.com.br\/2024\/05\/17\/taxa-de-desemprego-fica-em-79-indice-e-o-menor-em-10-anos\/"},"modified":"2024-05-17T14:01:48","modified_gmt":"2024-05-17T17:01:48","slug":"taxa-de-desemprego-fica-em-79-indice-e-o-menor-em-10-anos","status":"publish","type":"post","link":"https:\/\/guialimeira.com.br\/news\/taxa-de-desemprego-fica-em-79-indice-e-o-menor-em-10-anos\/","title":{"rendered":"Taxa de desemprego fica em 7,9%; \u00edndice \u00e9 o menor em 10 anos"},"content":{"rendered":"<p> <br \/>\n<\/p>\n<div>\n<p>A taxa de desemprego do pa\u00eds no primeiro trimestre de 2024 foi de 7,9%, uma queda de 0,9 ponto percentual na compara\u00e7\u00e3o com o mesmo trimestre de 2023 (8,8%), segundo a Pesquisa Nacional por Amostra de Domic\u00edlios Cont\u00ednua (PNAD Cont\u00ednua), divulgada hoje (17) pelo Instituto Brasileiro de Geografia e Estat\u00edstica (IBGE). A taxa \u00e9 a mais baixa da s\u00e9rie hist\u00f3rica do primeiro trimestre em 10 anos &#8211; at\u00e9 ent\u00e3o, o menor \u00edndice tinha sido registrado no primeiro trimestre de 2014, com 7,2%.<img data-recalc-dims=\"1\" decoding=\"async\" src=\"https:\/\/i0.wp.com\/agenciabrasil.ebc.com.br\/ebc.png?w=696&#038;ssl=1\" style=\"width:1px; height:1px; display:inline;\"\/><img data-recalc-dims=\"1\" decoding=\"async\" src=\"https:\/\/i0.wp.com\/agenciabrasil.ebc.com.br\/ebc.gif?w=696&#038;ssl=1\" style=\"width:1px; height:1px; display:inline;\"\/><\/p>\n<p>Na\u00a0compara\u00e7\u00e3o com o primeiro trimestre do ano passado, a taxa de desocupa\u00e7\u00e3o caiu em 21 estados e no DF. As unidades da federa\u00e7\u00e3o que registraram menor n\u00edvel de desocupados foram: Acre, Amazonas, Par\u00e1, Amap\u00e1, Tocantins, Maranh\u00e3o, Piau\u00ed, Cear\u00e1, Rio Grande do Norte, Para\u00edba, Pernambuco, Alagoas, Sergipe, Bahia, Minas Gerais, Esp\u00edrito Santo, Rio de Janeiro, S\u00e3o Paulo, Paran\u00e1, Mato Grosso, Goi\u00e1s e DF.<\/p>\n<p>O crescimento na desocupa\u00e7\u00e3o foi registrado em quatro estados: Rond\u00f4nia (3,2% a 3,7%), Roraima (6,8% \u00a0a 7,6%), Rio Grande do Sul (de 5,4% a 5,8%) e Mato Grosso do Sul (4,8% a 5%). Em Santa Catarina, a taxa se manteve est\u00e1vel em 3,8%.<\/p>\n<p>\u201cA trajet\u00f3ria de queda anual, que j\u00e1 vem sendo observada em outros trimestres, se manteve\u201d, analisa Adriana Beringuy, coordenadora de pesquisas por amostras de domic\u00edlios do IBGE, em nota.<\/p>\n<div class=\"dnd-widget-wrapper context-cheio_8colunas type-image\">\n<div class=\"dnd-atom-rendered\"><!-- scald=385433:cheio_8colunas {\"additionalClasses\":\"\"} --><\/p>\n<div class=\"shadow overflow-hidden rounded-lg d-block w-100\">\n            <img data-recalc-dims=\"1\" decoding=\"async\" src=\"https:\/\/i0.wp.com\/agenciabrasil.ebc.com.br\/sites\/default\/files\/thumbnails\/image\/loading_v2.gif?w=696&#038;ssl=1\" data-echo=\"https:\/\/imagens.ebc.com.br\/9B4FJeLE2NRUVbxXqhXJGb2L_94=\/754x0\/smart\/https:\/\/agenciabrasil.ebc.com.br\/sites\/default\/files\/thumbnails\/image\/2024\/05\/17\/gryfico_-_ibge_-_2024-5-17.jpeg?itok=Zwdc2s8d\" alt=\"taxa de desocupa\u00e7\u00e3o trimestral\" title=\"IBGE\" class=\"flex-fill img-cover\"\/><br \/>\n        <img data-recalc-dims=\"1\" decoding=\"async\" src=\"https:\/\/i0.wp.com\/imagens.ebc.com.br\/9B4FJeLE2NRUVbxXqhXJGb2L_94%3D\/754x0\/smart\/https%3A\/\/agenciabrasil.ebc.com.br\/sites\/default\/files\/thumbnails\/image\/2024\/05\/17\/gryfico_-_ibge_-_2024-5-17.jpeg?w=696&#038;ssl=1\" alt=\"taxa de desocupa\u00e7\u00e3o trimestral\" title=\"IBGE\" class=\"flex-fill img-cover\"\/>\n    <\/div>\n<p><!-- END scald=385433 --><\/div>\n<\/div>\n<p>\u00a0<\/p>\n<p>No primeiro trimestre de 2024, havia 1,9 milh\u00e3o de pessoas que procuravam trabalho durante dois anos ou mais. Esse contingente se reduziu em 14,5% frente ao primeiro trimestre de 2023, quando 2,2 milh\u00f5es de pessoas buscavam trabalho por dois anos ou mais.<\/p>\n<p>A pesquisa tamb\u00e9m revelou aumento no rendimento m\u00e9dio real mensal habitual que, no trimestre encerrado em mar\u00e7o, foi de R$ 3.123. No mesmo trimestre do ano passado, esse valor era R$ 3.004.\u00a0<\/p>\n<h2>Desigualdade\u00a0de g\u00eanero e ra\u00e7a<\/h2>\n<p>As taxas de desocupa\u00e7\u00e3o seguem maiores para mulheres, pessoas pretas e pardas e aquelas com o ensino m\u00e9dio incompleto. Todos esses grupos ficaram acima da m\u00e9dia nacional (7,9%). No primeiro trimestre, essa taxa foi estimada em 6,5% para os homens e 9,8% para as mulheres.<\/p>\n<p>Quando analisada a taxa de desocupa\u00e7\u00e3o por cor ou ra\u00e7a, a dos que se declararam brancos (6,2%) aparece abaixo da m\u00e9dia nacional, enquanto a dos pretos (9,7%) e a dos pardos (9,1%) ficaram acima.<\/p>\n<p>J\u00e1 na an\u00e1lise por n\u00edvel de instru\u00e7\u00e3o, a taxa de desocupa\u00e7\u00e3o para as pessoas com ensino m\u00e9dio incompleto era de 13,9%. Para os que tinham superior incompleto, a taxa foi de 8,9%, mais que o dobro da verificada para o n\u00edvel superior completo (4,1%).<\/p>\n<\/p><\/div>\n<p><br \/>\n<br \/><a href=\"https:\/\/agenciabrasil.ebc.com.br\/economia\/noticia\/2024-05\/taxa-de-desemprego-fica-em-79-indice-e-o-menor-em-10-anos\" rel=\"noopener\">Ag\u00eancia Brasil<\/a><\/p>\n","protected":false},"excerpt":{"rendered":"<p>A taxa de desemprego do pa\u00eds no primeiro trimestre de 2024 foi de 7,9%, uma queda de 0,9 ponto percentual na compara\u00e7\u00e3o com o mesmo trimestre de 2023 (8,8%), segundo a Pesquisa Nacional por Amostra de Domic\u00edlios Cont\u00ednua (PNAD Cont\u00ednua), divulgada hoje (17) pelo Instituto Brasileiro de Geografia e Estat\u00edstica (IBGE). A taxa \u00e9 a [&hellip;]<\/p>\n","protected":false},"author":1,"featured_media":5388,"comment_status":"open","ping_status":"open","sticky":false,"template":"","format":"standard","meta":{"_jetpack_newsletter_access":"","_jetpack_dont_email_post_to_subs":false,"_jetpack_newsletter_tier_id":0,"_jetpack_memberships_contains_paywalled_content":false,"_mbp_banners":[],"_jetpack_feature_clip_id":0,"_jetpack_memberships_contains_paid_content":false,"footnotes":"","jetpack_publicize_message":"","jetpack_publicize_feature_enabled":true,"jetpack_social_post_already_shared":true,"jetpack_social_options":{"image_generator_settings":{"template":"highway","default_image_id":0,"font":"","enabled":false},"version":2},"jetpack_post_was_ever_published":false},"categories":[24],"tags":[],"class_list":["post-5387","post","type-post","status-publish","format-standard","has-post-thumbnail","category-economia"],"jetpack_publicize_connections":[],"jetpack-related-posts":[],"jetpack_shortlink":"https:\/\/wp.me\/p7Eq1F-1oT","jetpack_sharing_enabled":true,"jetpack_featured_media_url":"https:\/\/i0.wp.com\/guialimeira.com.br\/news\/wp-content\/uploads\/2024\/05\/02_carteira_de_trabalho.jpg?fit=1600%2C800&ssl=1","_links":{"self":[{"href":"https:\/\/guialimeira.com.br\/news\/wp-json\/wp\/v2\/posts\/5387","targetHints":{"allow":["GET"]}}],"collection":[{"href":"https:\/\/guialimeira.com.br\/news\/wp-json\/wp\/v2\/posts"}],"about":[{"href":"https:\/\/guialimeira.com.br\/news\/wp-json\/wp\/v2\/types\/post"}],"author":[{"embeddable":true,"href":"https:\/\/guialimeira.com.br\/news\/wp-json\/wp\/v2\/users\/1"}],"replies":[{"embeddable":true,"href":"https:\/\/guialimeira.com.br\/news\/wp-json\/wp\/v2\/comments?post=5387"}],"version-history":[{"count":0,"href":"https:\/\/guialimeira.com.br\/news\/wp-json\/wp\/v2\/posts\/5387\/revisions"}],"wp:featuredmedia":[{"embeddable":true,"href":"https:\/\/guialimeira.com.br\/news\/wp-json\/wp\/v2\/media\/5388"}],"wp:attachment":[{"href":"https:\/\/guialimeira.com.br\/news\/wp-json\/wp\/v2\/media?parent=5387"}],"wp:term":[{"taxonomy":"category","embeddable":true,"href":"https:\/\/guialimeira.com.br\/news\/wp-json\/wp\/v2\/categories?post=5387"},{"taxonomy":"post_tag","embeddable":true,"href":"https:\/\/guialimeira.com.br\/news\/wp-json\/wp\/v2\/tags?post=5387"}],"curies":[{"name":"wp","href":"https:\/\/api.w.org\/{rel}","templated":true}]}}