{"id":5382,"date":"2024-05-17T13:04:56","date_gmt":"2024-05-17T16:04:56","guid":{"rendered":"https:\/\/guialimeira.com.br\/2024\/05\/17\/centro-paula-souza-e-o-segundo-maior-do-mundo-em-projetos-colaborativos-internacionais\/"},"modified":"2024-05-17T13:04:56","modified_gmt":"2024-05-17T16:04:56","slug":"centro-paula-souza-e-o-segundo-maior-do-mundo-em-projetos-colaborativos-internacionais","status":"publish","type":"post","link":"https:\/\/guialimeira.com.br\/news\/centro-paula-souza-e-o-segundo-maior-do-mundo-em-projetos-colaborativos-internacionais\/","title":{"rendered":"Centro Paula Souza \u00e9 o segundo maior do mundo em Projetos Colaborativos Internacionais"},"content":{"rendered":"<p> <br \/>\n<\/p>\n<div id=\"\">&#13;<br \/>\n                                <!-- Title -->&#13;<br \/>\n                                &#13;<br \/>\n&#13;<br \/>\n                                <!-- Excerpt -->&#13;<\/p>\n<p class=\"excerpt\">Em 2023, participaram 91 professores de Fatecs, 78 de institui\u00e7\u00f5es internacionais, 2.505 estudantes estrangeiros e 2.450 alunos de Fatecs<\/p>\n<p>&#13;<br \/>\n&#13;<br \/>\n                                &#13;\n                            <\/p><\/div>\n<div id=\"\">&#13;<\/p>\n<figure id=\"attachment_5885876\" style=\"width: 100%;max-width: 1200px\" class=\"wp-caption alignnone\"><img data-recalc-dims=\"1\" decoding=\"async\" loading=\"lazy\" class=\"size-full wp-image-5885876\" src=\"https:\/\/i0.wp.com\/www.saopaulo.sp.gov.br\/wp-content\/uploads\/2024\/05\/WhatsApp-Image-2024-05-16-at-15.03.26.jpeg?resize=696%2C464&#038;ssl=1\" alt=\"\" width=\"696\" height=\"464\" srcset=\"https:\/\/www.saopaulo.sp.gov.br\/wp-content\/uploads\/2024\/05\/WhatsApp-Image-2024-05-16-at-15.03.26.jpeg 1200w, https:\/\/www.saopaulo.sp.gov.br\/wp-content\/uploads\/2024\/05\/WhatsApp-Image-2024-05-16-at-15.03.26-300x200.jpeg 300w, https:\/\/www.saopaulo.sp.gov.br\/wp-content\/uploads\/2024\/05\/WhatsApp-Image-2024-05-16-at-15.03.26-1024x683.jpeg 1024w, https:\/\/www.saopaulo.sp.gov.br\/wp-content\/uploads\/2024\/05\/WhatsApp-Image-2024-05-16-at-15.03.26-768x512.jpeg 768w\" sizes=\"auto, (max-width: 1200px) 100vw, 1200px\"\/><figcaption class=\"wp-caption-text\">Em 2024, objetivo \u00e9 ampliar PCIs para aumentar o n\u00famero de participantes e diversificar as \u00e1reas de conhecimento<\/figcaption><\/figure>\n<p>Levantamento realizado pela organiza\u00e7\u00e3o internacional sem fins lucrativos\u00a0Coil Connect mostra que o Centro Paula Souza (CPS) \u00e9 a segunda institui\u00e7\u00e3o no mundo em quantidade de Projetos Colaborativos Internacionais (PCIs). Em 2023, foram desenvolvidos 109 PCIs com a participa\u00e7\u00e3o de 91 professores de Faculdades de Tecnologia do Estado (Fatecs), 78 de institui\u00e7\u00f5es internacionais, 2.505 estudantes estrangeiros e 2.450 alunos de Fatecs. Foram 40 Fatecs e 34 institui\u00e7\u00f5es internacionais envolvidas.<\/p>\n<p>Os projetos desenvolvidos por meio de interc\u00e2mbios virtuais s\u00e3o conhecidos como\u00a0Collaborative Online International Learning\u00a0(Coil), metodologia que congrega mais de 230 institui\u00e7\u00f5es de ensino superior ao redor do mundo. No CPS, o programa foi rebatizado como Projeto Colaborativo Internacional (PCI), ficando sob responsabilidade da Unidade do Ensino Superior de Gradua\u00e7\u00e3o (Cesu).<\/p>\n<p>\u201cEssa forma de ensino engaja alunos e professores de pa\u00edses diferentes em torno de um projeto comum, com turmas que se encontram remotamente e desenvolvem um trabalho durante um per\u00edodo que pode durar de quatro a dez semanas\u201d, explica o coordenador de PCI da Cesu, Osvaldo Succi Junior.<\/p>\n<p>Com 161 trabalhos, a institui\u00e7\u00e3o que lidera o ranking de PCIs no mundo \u00e9 a Corporaci\u00f3n Universitaria Minuto de Dios (Uniminuto), cuja sede principal fica em Bogot\u00e1, na Col\u00f4mbia.<\/p>\n<p><strong>Expans\u00e3o<\/strong><\/p>\n<p>Em 2024, com o objetivo de ampliar o alcance dos PCIs a equipe da Cesu pretende levar esses projetos a mais Fatecs interessadas. A expans\u00e3o busca aumentar o n\u00famero de participantes, al\u00e9m de diversificar as \u00e1reas de conhecimento e as oportunidades de aprendizado colaborativo internacional.<\/p>\n<p>\u201cOs pr\u00f3ximos passos incluem aumento do apoio \u00e0 divulga\u00e7\u00e3o de pesquisas envolvendo PCIs, oferta de capacita\u00e7\u00e3o externa a colaboradores internacionais e introdu\u00e7\u00e3o de tecnologias como intelig\u00eancia artificial e Big Data\u201d, projeta Succi. \u201cEssas iniciativas visam n\u00e3o apenas aprimorar a qualidade e o impacto dos PCIs, mas tamb\u00e9m manter o CPS na vanguarda da educa\u00e7\u00e3o tecnol\u00f3gica global.\u201d<\/p>\n<p>Para valorizar ainda mais a participa\u00e7\u00e3o dos envolvidos est\u00e1 em andamento a introdu\u00e7\u00e3o de um sistema de microcertifica\u00e7\u00f5es. Essas ins\u00edgnias digitais reconhecer\u00e3o compet\u00eancias espec\u00edficas adquiridas durante os projetos, complementando os certificados tradicionalmente ofertados. \u201cAl\u00e9m de reconhecer o esfor\u00e7o e a dedica\u00e7\u00e3o, esse sistema vai agregar valor ao desenvolvimento profissional e acad\u00eamico dos participantes\u201d, conclui.<\/p>\n<p><strong>Mais de uma d\u00e9cada de PCIs<\/strong><\/p>\n<p>Os interc\u00e2mbios virtuais tiveram in\u00edcio em 2013, com a parceria entre a Fatec Americana e a Suny Ulster, faculdade p\u00fablica nova-iorquina. Desde ent\u00e3o, mais de 550 PCIs envolveram cerca de 10,5 mil estudantes de 50 Fatecs, em parceria com jovens de outras 49 institui\u00e7\u00f5es de ensino superior de 17 pa\u00edses.<\/p>\n<p><strong>Estude nas Fatecs<\/strong><\/p>\n<p>As inscri\u00e7\u00f5es para o Vestibular das Fatecs para o segundo semestre de 2024 est\u00e3o abertas at\u00e9 dia 7 de junho, \u00e0s 15h, exclusivamente pelo site <a href=\"https:\/\/www.vestibularfatec.com.br\/home\/\" target=\"_blank\" rel=\"noreferrer noopener\">vestibularfatec.com.br<\/a>. S\u00e3o oferecidas 14.406 vagas no processo seletivo. Outras 5.109 vagas est\u00e3o reservadas para os candidatos do\u00a0<a href=\"https:\/\/www.cps.sp.gov.br\/estudantes-do-provao-paulista-podem-escolher-cursos-para-o-segundo-semestre\/\" target=\"_blank\" rel=\"noreferrer noopener\">Prov\u00e3o Paulista<\/a>. No total, s\u00e3o 19.515 vagas para a forma\u00e7\u00e3o profissional gratuita de\u00a0n\u00edvel superior.<\/p>\n<p>Siga o canal \u201cGoverno de S\u00e3o Paulo\u201d no WhatsApp:<br \/><a href=\"https:\/\/bit.ly\/govspnozap\" target=\"_blank\" rel=\"noopener noreferrer\">https:\/\/bit.ly\/govspnozap<\/a><\/p>\n<\/p><\/div>\n<p><br \/>\n<br \/><a href=\"https:\/\/www.saopaulo.sp.gov.br\/spnoticias\/ultimas-noticias\/centro-paula-souza-e-o-segundo-maior-do-mundo-em-projetos-colaborativos-internacionais\/\" rel=\"noopener\">Informa\u00e7\u00f5es GOV.SP<\/a><\/p>\n","protected":false},"excerpt":{"rendered":"<p>&#13; &#13; &#13; &#13; &#13; Em 2023, participaram 91 professores de Fatecs, 78 de institui\u00e7\u00f5es internacionais, 2.505 estudantes estrangeiros e 2.450 alunos de Fatecs &#13; &#13; &#13; &#13; Em 2024, objetivo \u00e9 ampliar PCIs para aumentar o n\u00famero de participantes e diversificar as \u00e1reas de conhecimento Levantamento realizado pela organiza\u00e7\u00e3o internacional sem fins lucrativos\u00a0Coil Connect [&hellip;]<\/p>\n","protected":false},"author":1,"featured_media":5383,"comment_status":"open","ping_status":"open","sticky":false,"template":"","format":"standard","meta":{"_jetpack_newsletter_access":"","_jetpack_dont_email_post_to_subs":false,"_jetpack_newsletter_tier_id":0,"_jetpack_memberships_contains_paywalled_content":false,"_mbp_banners":[],"_jetpack_feature_clip_id":0,"_jetpack_memberships_contains_paid_content":false,"footnotes":"","jetpack_publicize_message":"","jetpack_publicize_feature_enabled":true,"jetpack_social_post_already_shared":true,"jetpack_social_options":{"image_generator_settings":{"template":"highway","default_image_id":0,"font":"","enabled":false},"version":2},"jetpack_post_was_ever_published":false},"categories":[21],"tags":[],"class_list":["post-5382","post","type-post","status-publish","format-standard","has-post-thumbnail","category-sp-news"],"jetpack_publicize_connections":[],"jetpack-related-posts":[],"jetpack_shortlink":"https:\/\/wp.me\/p7Eq1F-1oO","jetpack_sharing_enabled":true,"jetpack_featured_media_url":"https:\/\/i0.wp.com\/guialimeira.com.br\/news\/wp-content\/uploads\/2024\/05\/Centro-Paula-Souza-e-o-segundo-maior-do-mundo-em.jpeg?fit=1200%2C800&ssl=1","_links":{"self":[{"href":"https:\/\/guialimeira.com.br\/news\/wp-json\/wp\/v2\/posts\/5382","targetHints":{"allow":["GET"]}}],"collection":[{"href":"https:\/\/guialimeira.com.br\/news\/wp-json\/wp\/v2\/posts"}],"about":[{"href":"https:\/\/guialimeira.com.br\/news\/wp-json\/wp\/v2\/types\/post"}],"author":[{"embeddable":true,"href":"https:\/\/guialimeira.com.br\/news\/wp-json\/wp\/v2\/users\/1"}],"replies":[{"embeddable":true,"href":"https:\/\/guialimeira.com.br\/news\/wp-json\/wp\/v2\/comments?post=5382"}],"version-history":[{"count":0,"href":"https:\/\/guialimeira.com.br\/news\/wp-json\/wp\/v2\/posts\/5382\/revisions"}],"wp:featuredmedia":[{"embeddable":true,"href":"https:\/\/guialimeira.com.br\/news\/wp-json\/wp\/v2\/media\/5383"}],"wp:attachment":[{"href":"https:\/\/guialimeira.com.br\/news\/wp-json\/wp\/v2\/media?parent=5382"}],"wp:term":[{"taxonomy":"category","embeddable":true,"href":"https:\/\/guialimeira.com.br\/news\/wp-json\/wp\/v2\/categories?post=5382"},{"taxonomy":"post_tag","embeddable":true,"href":"https:\/\/guialimeira.com.br\/news\/wp-json\/wp\/v2\/tags?post=5382"}],"curies":[{"name":"wp","href":"https:\/\/api.w.org\/{rel}","templated":true}]}}