{"id":5368,"date":"2024-05-17T11:12:45","date_gmt":"2024-05-17T14:12:45","guid":{"rendered":"https:\/\/guialimeira.com.br\/2024\/05\/17\/circuito-sesc-de-artes-traz-atividades-gratuitas-no-parque-cidade-neste-sabado-18\/"},"modified":"2024-05-17T11:12:45","modified_gmt":"2024-05-17T14:12:45","slug":"circuito-sesc-de-artes-traz-atividades-gratuitas-no-parque-cidade-neste-sabado-18","status":"publish","type":"post","link":"https:\/\/guialimeira.com.br\/news\/circuito-sesc-de-artes-traz-atividades-gratuitas-no-parque-cidade-neste-sabado-18\/","title":{"rendered":"Circuito Sesc de Artes traz atividades gratuitas no Parque Cidade, neste s\u00e1bado (18)"},"content":{"rendered":"<p> <br \/>\n<\/p>\n<div>\n            <main class=\"\">&#13;<br \/>\n                &#13;<br \/>\n&#13;<br \/>\n&#13;<br \/>\n&#13;<br \/>\n    <img data-recalc-dims=\"1\" decoding=\"async\" src=\"https:\/\/i0.wp.com\/ecrie.com.br\/sistema\/conteudos\/imagem\/m_137_0_1_17052024091122.jpg?w=696&#038;ssl=1\" alt=\"Circuito Sesc de Artes traz atividades gratuitas no Parque Cidade, neste s\u00e1bado (18)\"\/>&#13;<br \/>\n&#13;<\/p>\n<p dir=\"ltr\" style=\"text-align: justify;\">Neste s\u00e1bado (18), acontece o Circuito Sesc de Artes, no Parque Cidade, \u00e0s 16h. O evento oferece atividades gratuitas, com oficinas na \u00e1rea de artes visuais e tecnologia, cinema, media\u00e7\u00f5es de leitura e espet\u00e1culos de circo, dan\u00e7a, m\u00fasica e teatro. S\u00e3o compartilhadas experi\u00eancias em um encontro com a arte e a cultura. A realiza\u00e7\u00e3o \u00e9 do Sesc S\u00e3o Paulo em parceria com a Prefeitura de Limeira, por meio da Secretaria de Cultura, e Sindicato do Com\u00e9rcio de Bens, Servi\u00e7os e Turismo.<\/p>\n<p>&#13;<\/p>\n<p dir=\"ltr\" style=\"text-align: justify;\">O evento \u00e9 animado pelo \u201cBaile da Samucagem\u201d, liderado pelo vocalista Samuel Samuca, da banda Samuca e a Selva, que traz um repert\u00f3rio diverso, com cl\u00e1ssicos do brega e da MPB, hits da Bahia dos anos 1990 e can\u00e7\u00f5es de artistas como Tim Maia, Jorge Benjor, entre outros. O p\u00fablico tamb\u00e9m recebe a DJ Brandini, que vai do comercial ao alternativo.<\/p>\n<p>&#13;<\/p>\n<p dir=\"ltr\" style=\"text-align: justify;\">Para explicar ao p\u00fablico a import\u00e2ncia da charanga, a \u00a0Cia. Tramp de Palha\u00e7os apresenta acrobacias, m\u00e1gica, batalhas e brincadeiras. Os palha\u00e7os Chimpa, Filomeno, Pompeu e Lechuga resgatam elementos do circo.<\/p>\n<p>&#13;<\/p>\n<p dir=\"ltr\" style=\"text-align: justify;\">O circuito ainda conta com um espa\u00e7o l\u00fadico, remetendo ao fundo do mar, onde o Coletivo Foca leem livros diversos da literatura infantojuvenil, estimulando a criatividade e a imagina\u00e7\u00e3o.<\/p>\n<p>&#13;<\/p>\n<p dir=\"ltr\" style=\"text-align: justify;\">De artes visuais e tecnologias, os artistas do grupo Xilom\u00f3vel ministram a oficina \u201cImpress\u00e3o de Xilogravuras\u2019, na qual os participantes produzem gravuras \u00fanicas e personalizadas, num ambiente de aprendizado que estimula as trocas, as conversas e a criatividade. J\u00e1 o Ateli\u00ea Passarada, traz a atividade l\u00fadica \u201cConstru\u00e7\u00e3o e Inven\u00e7\u00e3o de Brinquedos Sonoros\u201d, ministrada pela dupla de artistas Karla Silva e Rafael Palmieri, buscando usar materiais inusitados para construir instrumentos musicais de efeitos percussivos e de sopro.<\/p>\n<p>&#13;<br \/>\n&#13;<br \/>\n&#13;<br \/>\n&#13;<\/p>\n<aside class=\"list-related no-print\">&#13;<br \/>\n        &#13;<br \/>\n&#13;<\/p>\n<article class=\"list-item noticias \">&#13;<br \/>\n                    <a class=\"list-item__img\" href=\"https:\/\/limeira.sp.gov.br\/imprensa\/noticias\/cultura\/verso-e-voz-tem-escolas-selecionadas-para-concurso-de-declamacao\" tabindex=\"-1\" aria-hidden=\"true\" rel=\"noopener\">&#13;<br \/>\n                        <img data-recalc-dims=\"1\" decoding=\"async\" src=\"https:\/\/i0.wp.com\/ecrie.com.br\/sistema\/conteudos\/imagem\/m_137_0_1_17052024091536.jpeg?w=696&#038;ssl=1\" alt=\"Verso e Voz tem escolas selecionadas para concurso de declama\u00e7\u00e3o\"\/>&#13;<br \/>\n                    <\/a>&#13;<br \/>\n&#13;<br \/>\n                &#13;<br \/>\n            <\/article>\n<p>&#13;<\/p>\n<article class=\"list-item noticias \">&#13;<br \/>\n                    <a class=\"list-item__img\" href=\"https:\/\/limeira.sp.gov.br\/imprensa\/noticias\/cultura\/biblioteca-municipal-realiza-teatro-contado-para-criancas-nesta-sexta-17\" tabindex=\"-1\" aria-hidden=\"true\" rel=\"noopener\">&#13;<br \/>\n                        <img data-recalc-dims=\"1\" decoding=\"async\" src=\"https:\/\/i0.wp.com\/ecrie.com.br\/sistema\/conteudos\/imagem\/m_137_0_1_16052024101516.jpg?w=696&#038;ssl=1\" alt=\"Biblioteca Municipal realiza teatro contado para crian\u00e7as, nesta sexta (17)\"\/>&#13;<br \/>\n                    <\/a>&#13;<br \/>\n&#13;<br \/>\n                &#13;<br \/>\n            <\/article>\n<p>&#13;<\/p>\n<article class=\"list-item noticias \">&#13;<br \/>\n                    <a class=\"list-item__img\" href=\"https:\/\/limeira.sp.gov.br\/imprensa\/noticias\/cultura\/esta-disponivel-a-consulta-publica-da-lei-aldir-blanc\" tabindex=\"-1\" aria-hidden=\"true\" rel=\"noopener\">&#13;<br \/>\n                        <img data-recalc-dims=\"1\" decoding=\"async\" src=\"https:\/\/i0.wp.com\/ecrie.com.br\/sistema\/conteudos\/imagem\/m_137_0_1_15052024101712.png?w=696&#038;ssl=1\" alt=\"Est\u00e1 dispon\u00edvel a consulta p\u00fablica da Lei Aldir Blanc\"\/>&#13;<br \/>\n                    <\/a>&#13;<br \/>\n&#13;<br \/>\n                &#13;<br \/>\n            <\/article>\n<p>&#13;<br \/>\n    <\/aside>\n<p>&#13;<br \/>\n&#13;<br \/>\n            <\/main><\/p><\/div>\n<p><br \/>\n<br \/><a href=\"https:\/\/limeira.sp.gov.br\/circuito-sesc-de-artes-traz-atividades-gratuitas-no-parque-cidade-neste-sabado-18\" rel=\"noopener\">Informa\u00e7\u00f5es da PML <\/a><\/p>\n","protected":false},"excerpt":{"rendered":"<p>&#13; &#13; &#13; &#13; &#13; &#13; &#13; Neste s\u00e1bado (18), acontece o Circuito Sesc de Artes, no Parque Cidade, \u00e0s 16h. O evento oferece atividades gratuitas, com oficinas na \u00e1rea de artes visuais e tecnologia, cinema, media\u00e7\u00f5es de leitura e espet\u00e1culos de circo, dan\u00e7a, m\u00fasica e teatro. S\u00e3o compartilhadas experi\u00eancias em um encontro com a [&hellip;]<\/p>\n","protected":false},"author":1,"featured_media":5369,"comment_status":"open","ping_status":"open","sticky":false,"template":"","format":"standard","meta":{"_jetpack_newsletter_access":"","_jetpack_dont_email_post_to_subs":false,"_jetpack_newsletter_tier_id":0,"_jetpack_memberships_contains_paywalled_content":false,"_mbp_banners":[],"_jetpack_feature_clip_id":0,"_jetpack_memberships_contains_paid_content":false,"footnotes":"","jetpack_publicize_message":"","jetpack_publicize_feature_enabled":true,"jetpack_social_post_already_shared":true,"jetpack_social_options":{"image_generator_settings":{"template":"highway","default_image_id":0,"font":"","enabled":false},"version":2},"jetpack_post_was_ever_published":false},"categories":[16],"tags":[],"class_list":["post-5368","post","type-post","status-publish","format-standard","has-post-thumbnail","category-local"],"jetpack_publicize_connections":[],"jetpack-related-posts":[],"jetpack_shortlink":"https:\/\/wp.me\/p7Eq1F-1oA","jetpack_sharing_enabled":true,"jetpack_featured_media_url":"https:\/\/i0.wp.com\/guialimeira.com.br\/news\/wp-content\/uploads\/2024\/05\/m_137_0_1_17052024091122.jpg?fit=900%2C599&ssl=1","_links":{"self":[{"href":"https:\/\/guialimeira.com.br\/news\/wp-json\/wp\/v2\/posts\/5368","targetHints":{"allow":["GET"]}}],"collection":[{"href":"https:\/\/guialimeira.com.br\/news\/wp-json\/wp\/v2\/posts"}],"about":[{"href":"https:\/\/guialimeira.com.br\/news\/wp-json\/wp\/v2\/types\/post"}],"author":[{"embeddable":true,"href":"https:\/\/guialimeira.com.br\/news\/wp-json\/wp\/v2\/users\/1"}],"replies":[{"embeddable":true,"href":"https:\/\/guialimeira.com.br\/news\/wp-json\/wp\/v2\/comments?post=5368"}],"version-history":[{"count":0,"href":"https:\/\/guialimeira.com.br\/news\/wp-json\/wp\/v2\/posts\/5368\/revisions"}],"wp:featuredmedia":[{"embeddable":true,"href":"https:\/\/guialimeira.com.br\/news\/wp-json\/wp\/v2\/media\/5369"}],"wp:attachment":[{"href":"https:\/\/guialimeira.com.br\/news\/wp-json\/wp\/v2\/media?parent=5368"}],"wp:term":[{"taxonomy":"category","embeddable":true,"href":"https:\/\/guialimeira.com.br\/news\/wp-json\/wp\/v2\/categories?post=5368"},{"taxonomy":"post_tag","embeddable":true,"href":"https:\/\/guialimeira.com.br\/news\/wp-json\/wp\/v2\/tags?post=5368"}],"curies":[{"name":"wp","href":"https:\/\/api.w.org\/{rel}","templated":true}]}}