{"id":5367,"date":"2024-05-17T11:02:53","date_gmt":"2024-05-17T14:02:53","guid":{"rendered":"https:\/\/guialimeira.com.br\/2024\/05\/17\/virada-cultural-esquema-de-seguranca-tem-monitoramento-de-redes-para-prevenir-crimes\/"},"modified":"2024-05-17T11:02:53","modified_gmt":"2024-05-17T14:02:53","slug":"virada-cultural-esquema-de-seguranca-tem-monitoramento-de-redes-para-prevenir-crimes","status":"publish","type":"post","link":"https:\/\/guialimeira.com.br\/news\/virada-cultural-esquema-de-seguranca-tem-monitoramento-de-redes-para-prevenir-crimes\/","title":{"rendered":"Virada Cultural: esquema de seguran\u00e7a tem &#8216;monitoramento&#8217; de redes para prevenir crimes"},"content":{"rendered":"<p> <br \/>\n<\/p>\n<div id=\"\">&#13;<br \/>\n                                <!-- Title -->&#13;<br \/>\n                                &#13;<br \/>\n&#13;<br \/>\n                                <!-- Excerpt -->&#13;<\/p>\n<p class=\"excerpt\">Pol\u00edcia Civil atua h\u00e1 duas semanas com ferramentas de tecnologia; PM vai refor\u00e7ar efetivo em todas as regi\u00f5es&#13;\n<\/p>\n<p>&#13;<br \/>\n&#13;<br \/>\n                                &#13;\n                            <\/p><\/div>\n<div id=\"\">&#13;<\/p>\n<p>As for\u00e7as de seguran\u00e7a de S\u00e3o Paulo montaram um megaesquema de seguran\u00e7a para garantir a realiza\u00e7\u00e3o da Virada Cultural de S\u00e3o Paulo durante\u00a0 s\u00e1bado (18) e domingo (19). A estrat\u00e9gia inclui ferramentas de tecnologia para monitorar as redes sociais e prevenir a pr\u00e1tica de crimes previamente \u201ccombinados\u201d.<\/p>\n<p>Uma equipe do Departamento de Homic\u00eddios e Prote\u00e7\u00e3o \u00e0 Pessoa (DHPP) est\u00e1 empenhada em vigiar os f\u00f3runs e grupos abertos de discuss\u00f5es nas redes sociais para identificar previamente grupos que possam praticar intoler\u00e2ncia racial, religiosa, sexual, entre outras. Policiais \u00e0 paisana tamb\u00e9m estar\u00e3o misturados no meio do p\u00fablico em diversos pontos.<\/p>\n<p><strong>LEIA TAMB\u00c9M:<\/strong>\u00a0<a href=\"https:\/\/www.saopaulo.sp.gov.br\/spnoticias\/ultimas-noticias\/virada-cultural-confira-a-operacao-especial-dos-transportes-metropolitanos-de-sp\/\" rel=\"noopener\">Virada Cultural: confira a opera\u00e7\u00e3o especial dos Transportes Metropolitanos de SP<\/a><\/p>\n<p>A diretora do DHPP, Ivalda Aleixo, afirma que a 2\u00aa Delegacia de Pol\u00edcia de Repress\u00e3o aos Crimes Raciais e de Delitos de Intoler\u00e2ncia (Decradi) estar\u00e1 presente tanto nos locais de shows, como virtualmente, para identificar qualquer planejamento de a\u00e7\u00e3o de intoler\u00e2ncia. \u201cEstaremos de prontid\u00e3o\u201d, pontua.<\/p>\n<p><strong>Mais policiais para garantir a seguran\u00e7a durantes os shows<\/strong><\/p>\n<p>Para o evento, os agentes da Pol\u00edcia Civil v\u00e3o refor\u00e7ar as delegacias de plant\u00e3o. Al\u00e9m disso, haver\u00e1 refor\u00e7o no efetivo da Pol\u00edcia Militar no entorno dos 22 palcos distribu\u00eddos nas 12 regi\u00f5es da capital paulista onde h\u00e1 previs\u00e3o de shows.<\/p>\n<p>Drones, c\u00e2meras e outras ferramentas de intelig\u00eancia policial tamb\u00e9m ser\u00e3o utilizados durante a festa. Da Pol\u00edcia Militar, ser\u00e3o cerca de 600 policiais dos comandos de Policiamento da Capital (CPC), de Policiamento de Choque (CPChq), do Corpo de Bombeiros (CCB), da Avia\u00e7\u00e3o (CAv) e do Centro de Opera\u00e7\u00f5es da Pol\u00edcia Militar (Copom). Mais de 200 viaturas tamb\u00e9m ser\u00e3o empenhadas para garantir a seguran\u00e7a do p\u00fablico que vai aproveitar as apresenta\u00e7\u00f5es.<\/p>\n<\/p><\/div>\n<p><br \/>\n<br \/><a href=\"https:\/\/www.saopaulo.sp.gov.br\/spnoticias\/ultimas-noticias\/virada-cultural-esquema-de-seguranca-tem-monitoramento-de-redes-para-prevenir-crimes\/\" rel=\"noopener\">Informa\u00e7\u00f5es GOV.SP<\/a><\/p>\n","protected":false},"excerpt":{"rendered":"<p>&#13; &#13; &#13; &#13; &#13; Pol\u00edcia Civil atua h\u00e1 duas semanas com ferramentas de tecnologia; PM vai refor\u00e7ar efetivo em todas as regi\u00f5es&#13; &#13; &#13; &#13; &#13; As for\u00e7as de seguran\u00e7a de S\u00e3o Paulo montaram um megaesquema de seguran\u00e7a para garantir a realiza\u00e7\u00e3o da Virada Cultural de S\u00e3o Paulo durante\u00a0 s\u00e1bado (18) e domingo (19). [&hellip;]<\/p>\n","protected":false},"author":1,"featured_media":238,"comment_status":"open","ping_status":"open","sticky":false,"template":"","format":"standard","meta":{"_jetpack_newsletter_access":"","_jetpack_dont_email_post_to_subs":false,"_jetpack_newsletter_tier_id":0,"_jetpack_memberships_contains_paywalled_content":false,"_mbp_banners":[],"_jetpack_feature_clip_id":0,"_jetpack_memberships_contains_paid_content":false,"footnotes":"","jetpack_publicize_message":"","jetpack_publicize_feature_enabled":true,"jetpack_social_post_already_shared":true,"jetpack_social_options":{"image_generator_settings":{"template":"highway","default_image_id":0,"font":"","enabled":false},"version":2},"jetpack_post_was_ever_published":false},"categories":[21],"tags":[],"class_list":["post-5367","post","type-post","status-publish","format-standard","has-post-thumbnail","category-sp-news"],"jetpack_publicize_connections":[],"jetpack-related-posts":[],"jetpack_shortlink":"https:\/\/wp.me\/p7Eq1F-1oz","jetpack_sharing_enabled":true,"jetpack_featured_media_url":"https:\/\/i0.wp.com\/guialimeira.com.br\/news\/wp-content\/uploads\/2024\/03\/cover.png?fit=650%2C650&ssl=1","_links":{"self":[{"href":"https:\/\/guialimeira.com.br\/news\/wp-json\/wp\/v2\/posts\/5367","targetHints":{"allow":["GET"]}}],"collection":[{"href":"https:\/\/guialimeira.com.br\/news\/wp-json\/wp\/v2\/posts"}],"about":[{"href":"https:\/\/guialimeira.com.br\/news\/wp-json\/wp\/v2\/types\/post"}],"author":[{"embeddable":true,"href":"https:\/\/guialimeira.com.br\/news\/wp-json\/wp\/v2\/users\/1"}],"replies":[{"embeddable":true,"href":"https:\/\/guialimeira.com.br\/news\/wp-json\/wp\/v2\/comments?post=5367"}],"version-history":[{"count":0,"href":"https:\/\/guialimeira.com.br\/news\/wp-json\/wp\/v2\/posts\/5367\/revisions"}],"wp:featuredmedia":[{"embeddable":true,"href":"https:\/\/guialimeira.com.br\/news\/wp-json\/wp\/v2\/media\/238"}],"wp:attachment":[{"href":"https:\/\/guialimeira.com.br\/news\/wp-json\/wp\/v2\/media?parent=5367"}],"wp:term":[{"taxonomy":"category","embeddable":true,"href":"https:\/\/guialimeira.com.br\/news\/wp-json\/wp\/v2\/categories?post=5367"},{"taxonomy":"post_tag","embeddable":true,"href":"https:\/\/guialimeira.com.br\/news\/wp-json\/wp\/v2\/tags?post=5367"}],"curies":[{"name":"wp","href":"https:\/\/api.w.org\/{rel}","templated":true}]}}