{"id":53599,"date":"2026-01-29T08:43:00","date_gmt":"2026-01-29T11:43:00","guid":{"rendered":"https:\/\/guialimeira.com.br\/camara-retoma-trabalhos-com-sete-itens-na-pauta-de-votacao-nesta-segunda-2-2\/"},"modified":"2026-01-29T08:43:00","modified_gmt":"2026-01-29T11:43:00","slug":"camara-retoma-trabalhos-com-sete-itens-na-pauta-de-votacao-nesta-segunda-2-2","status":"publish","type":"post","link":"https:\/\/guialimeira.com.br\/news\/camara-retoma-trabalhos-com-sete-itens-na-pauta-de-votacao-nesta-segunda-2-2\/","title":{"rendered":"C\u00e2mara retoma trabalhos com sete itens na pauta de vota\u00e7\u00e3o, nesta segunda (2\/2)"},"content":{"rendered":"<p><img data-recalc-dims=\"1\" decoding=\"async\" src=\"https:\/\/i0.wp.com\/www.limeira.sp.leg.br\/assets\/uploads\/noticia\/2025-01-29_camara-retoma-trabalhos-com-sete-itens-na-pauta-de-votacao-nesta-segunda-22_1.jpg?w=696&#038;ssl=1\" alt=\"C\u00e2mara retoma trabalhos com sete itens na pauta de vota\u00e7\u00e3o, nesta segunda (2\/2)\" \/><\/p>\n<p>C\u00e2mara retoma trabalhos com sete itens na pauta de vota\u00e7\u00e3o, nesta segunda (2\/2)<\/p>\n<p><a href=\"https:\/\/www.limeira.sp.leg.br\/noticias\/view\/2026-01-29_camara-retoma-trabalhos-com-sete-itens-na-pauta-de-votacao-nesta-segunda-22\" rel=\"noopener\">Exibir artigo<\/a><\/p>\n<p><a href=\"https:\/\/www.limeira.sp.leg.br\/noticias\/view\/2026-01-29_camara-retoma-trabalhos-com-sete-itens-na-pauta-de-votacao-nesta-segunda-22\" target=\"_blank\" rel=\"noopener\">Read original article<\/a><\/p>\n","protected":false},"excerpt":{"rendered":"<p><img decoding=\"async\" src=\"https:\/\/www.limeira.sp.leg.br\/assets\/uploads\/noticia\/2025-01-29_camara-retoma-trabalhos-com-sete-itens-na-pauta-de-votacao-nesta-segunda-22_1.jpg\" alt=\"C\u00e2mara retoma trabalhos com sete itens na pauta de vota\u00e7\u00e3o, nesta segunda (2\/2)\" \/><\/p>\n<p>C\u00e2mara retoma trabalhos com sete itens na pauta de vota\u00e7\u00e3o, nesta segunda (2\/2)<\/p>\n<p><a href=\"https:\/\/www.limeira.sp.leg.br\/noticias\/view\/2026-01-29_camara-retoma-trabalhos-com-sete-itens-na-pauta-de-votacao-nesta-segunda-22\">Exibir artigo<\/a><\/p>\n","protected":false},"author":4,"featured_media":0,"comment_status":"","ping_status":"open","sticky":false,"template":"","format":"standard","meta":{"_jetpack_newsletter_access":"","_jetpack_dont_email_post_to_subs":false,"_jetpack_newsletter_tier_id":0,"_jetpack_memberships_contains_paywalled_content":false,"_mbp_banners":[],"_jetpack_feature_clip_id":0,"_jetpack_memberships_contains_paid_content":false,"footnotes":"","jetpack_publicize_message":"","jetpack_publicize_feature_enabled":true,"jetpack_social_post_already_shared":true,"jetpack_social_options":{"image_generator_settings":{"template":"highway","default_image_id":0,"font":"","enabled":false},"version":2},"jetpack_post_was_ever_published":false},"categories":[1],"tags":[],"class_list":["post-53599","post","type-post","status-publish","format-standard","category-geral"],"jetpack_publicize_connections":[],"jetpack-related-posts":[],"jetpack_shortlink":"https:\/\/wp.me\/p7Eq1F-dWv","jetpack_sharing_enabled":true,"jetpack_featured_media_url":"","_links":{"self":[{"href":"https:\/\/guialimeira.com.br\/news\/wp-json\/wp\/v2\/posts\/53599","targetHints":{"allow":["GET"]}}],"collection":[{"href":"https:\/\/guialimeira.com.br\/news\/wp-json\/wp\/v2\/posts"}],"about":[{"href":"https:\/\/guialimeira.com.br\/news\/wp-json\/wp\/v2\/types\/post"}],"author":[{"embeddable":true,"href":"https:\/\/guialimeira.com.br\/news\/wp-json\/wp\/v2\/users\/4"}],"replies":[{"embeddable":true,"href":"https:\/\/guialimeira.com.br\/news\/wp-json\/wp\/v2\/comments?post=53599"}],"version-history":[{"count":0,"href":"https:\/\/guialimeira.com.br\/news\/wp-json\/wp\/v2\/posts\/53599\/revisions"}],"wp:attachment":[{"href":"https:\/\/guialimeira.com.br\/news\/wp-json\/wp\/v2\/media?parent=53599"}],"wp:term":[{"taxonomy":"category","embeddable":true,"href":"https:\/\/guialimeira.com.br\/news\/wp-json\/wp\/v2\/categories?post=53599"},{"taxonomy":"post_tag","embeddable":true,"href":"https:\/\/guialimeira.com.br\/news\/wp-json\/wp\/v2\/tags?post=53599"}],"curies":[{"name":"wp","href":"https:\/\/api.w.org\/{rel}","templated":true}]}}