{"id":5359,"date":"2024-05-17T10:11:48","date_gmt":"2024-05-17T13:11:48","guid":{"rendered":"https:\/\/guialimeira.com.br\/2024\/05\/17\/verso-e-voz-tem-escolas-selecionadas-para-concurso-de-declamacao\/"},"modified":"2024-05-17T10:11:48","modified_gmt":"2024-05-17T13:11:48","slug":"verso-e-voz-tem-escolas-selecionadas-para-concurso-de-declamacao","status":"publish","type":"post","link":"https:\/\/guialimeira.com.br\/news\/verso-e-voz-tem-escolas-selecionadas-para-concurso-de-declamacao\/","title":{"rendered":"Verso e Voz tem escolas selecionadas para concurso de declama\u00e7\u00e3o"},"content":{"rendered":"<p> <br \/>\n<\/p>\n<div id=\"\">&#13;<br \/>\n                &#13;<br \/>\n&#13;<br \/>\n&#13;<br \/>\n&#13;<br \/>\n    <img data-recalc-dims=\"1\" decoding=\"async\" src=\"https:\/\/i0.wp.com\/ecrie.com.br\/sistema\/conteudos\/imagem\/m_137_0_1_17052024091536.jpeg?w=696&#038;ssl=1\" alt=\"Verso e Voz tem escolas selecionadas para concurso de declama\u00e7\u00e3o\"\/>&#13;<br \/>\n&#13;<\/p>\n<p dir=\"ltr\" style=\"text-align: justify;\">A Prefeitura de Limeira, por meio da Secretaria de Cultura, selecionou as escolas p\u00fablicas para participar do projeto \u201cVerso e Voz\u201d neste ano. O concurso de declama\u00e7\u00e3o de poemas acontece nos dias 5 e 6 de junho, no Teatro Vit\u00f3ria Emiliano Bernardo da Silva.<\/p>\n<p>&#13;<\/p>\n<p dir=\"ltr\" style=\"text-align: justify;\">Para declamar poemas de autores do munic\u00edpio, na categoria Ensino Fundamental &#8211; Anos Finais, foram selecionadas\u00a0as escolas: E.E. Castelo Branco, E.E. Brasil, E. E. Professor Ely de Almeida Campos, E.E. Jos\u00e9 Ferraz Sampaio Penteado Professor e E.E. Professor Jos\u00e9 Marciliano da Costa Junior.<\/p>\n<p>&#13;<\/p>\n<p dir=\"ltr\" style=\"text-align: justify;\">J\u00e1 para declamar poemas de autores consagrados em l\u00edngua portuguesa, na categoria Ensino M\u00e9dio, foram selecionadas as escolas: E.E. Dom Id\u00edlio Jos\u00e9 Soares, E.E. Professor Dorivaldo Damm, E.E. Brasil, E.E. Professor Ant\u00f4nio Perches Lordello e E.E. Professor Gabriel Pozzi.<\/p>\n<p>&#13;<\/p>\n<p dir=\"ltr\" style=\"text-align: justify;\">As escolas escolhidas receber\u00e3o ajuda de custo no valor de R$ 500, destinada ao respons\u00e1vel pela inscri\u00e7\u00e3o. No concurso,\u00a0os jurados avaliar\u00e3o as declama\u00e7\u00f5es e determinar\u00e3o a premia\u00e7\u00e3o atrav\u00e9s de medalhas de ouro, prata e bronze. Ser\u00e3o avaliados pelos jurados os seguintes quesitos de cada categoria: Declama\u00e7\u00e3o, Performance, Figurino, Maquiagem, Trilha Sonora, Cenografia e Torcida.<\/p>\n<p>&#13;<\/p>\n<p dir=\"ltr\" style=\"text-align: justify;\">Confira os poemas escolhidos:<\/p>\n<p>&#13;<\/p>\n<p dir=\"ltr\" style=\"text-align: justify;\">\u00a0<\/p>\n<p>&#13;<\/p>\n<p dir=\"ltr\" style=\"text-align: justify;\"><strong>ENSINO FUNDAMENTAL &#8211; ANOS FINAIS<\/strong><\/p>\n<p>&#13;<\/p>\n<p dir=\"ltr\" style=\"text-align: justify;\">Escola: E.E. Castelo Branco<\/p>\n<p>&#13;<\/p>\n<p dir=\"ltr\" style=\"text-align: justify;\">Poema: Distraidamente<\/p>\n<p>&#13;<\/p>\n<p dir=\"ltr\" style=\"text-align: justify;\">Autoria: Nayara Meneguetti Pires<\/p>\n<p>&#13;<\/p>\n<p dir=\"ltr\" style=\"text-align: justify;\">Declamador(a): Leandro Henrike de Mattos Sentinela &#8211; 7\u00ba ano<\/p>\n<p>&#13;<\/p>\n<p dir=\"ltr\" style=\"text-align: justify;\">\u00a0<\/p>\n<p>&#13;<\/p>\n<p dir=\"ltr\" style=\"text-align: justify;\">Escola: E.E. Brasil<\/p>\n<p>&#13;<\/p>\n<p dir=\"ltr\" style=\"text-align: justify;\">Poema: Paix\u00e3o Nacional<\/p>\n<p>&#13;<\/p>\n<p dir=\"ltr\" style=\"text-align: justify;\">Autoria: Bruno de Souza Santos<\/p>\n<p>&#13;<\/p>\n<p dir=\"ltr\" style=\"text-align: justify;\">Declamador(a): Jo\u00e3o Pedro Fernandes Modesto &#8211; 8\u00ba ano<\/p>\n<p>&#13;<\/p>\n<p dir=\"ltr\" style=\"text-align: justify;\">\u00a0<\/p>\n<p>&#13;<\/p>\n<p dir=\"ltr\" style=\"text-align: justify;\">Escola: E. E. Professor Ely de Almeida Campos<\/p>\n<p>&#13;<\/p>\n<p dir=\"ltr\" style=\"text-align: justify;\">Poema: O Enviado de Deus<\/p>\n<p>&#13;<\/p>\n<p dir=\"ltr\" style=\"text-align: justify;\">Autoria: Professora Dra. Simone Portela<\/p>\n<p>&#13;<\/p>\n<p dir=\"ltr\" style=\"text-align: justify;\">Declamador(a): Laura Ramos Ferreira Barbosa &#8211; 6\u00ba ano<\/p>\n<p>&#13;<\/p>\n<p dir=\"ltr\" style=\"text-align: justify;\">\u00a0<\/p>\n<p>&#13;<\/p>\n<p dir=\"ltr\" style=\"text-align: justify;\">Escola: E.E. Jose Ferraz Sampaio Penteado Professor<\/p>\n<p>&#13;<\/p>\n<p dir=\"ltr\" style=\"text-align: justify;\">Poema: Metapoema 5<\/p>\n<p>&#13;<\/p>\n<p dir=\"ltr\" style=\"text-align: justify;\">Autoria: Anibal Olivan Filho<\/p>\n<p>&#13;<\/p>\n<p dir=\"ltr\" style=\"text-align: justify;\">Declamador(a): Ivilyng Martins Silva &#8211; 7\u00ba ano<\/p>\n<p>&#13;<\/p>\n<p dir=\"ltr\" style=\"text-align: justify;\">\u00a0<\/p>\n<p>&#13;<\/p>\n<p dir=\"ltr\" style=\"text-align: justify;\">Escola: E.E. Professor Jos\u00e9 Marciliano da Costa Junior<\/p>\n<p>&#13;<\/p>\n<p dir=\"ltr\" style=\"text-align: justify;\">Poema: Como Assim?<\/p>\n<p>&#13;<\/p>\n<p dir=\"ltr\" style=\"text-align: justify;\">Autoria: Andr\u00e9ia Nair Toniatto<\/p>\n<p>&#13;<\/p>\n<p dir=\"ltr\" style=\"text-align: justify;\">Declamador(a): Eloah Vit\u00f3ria Alves &#8211; 8\u00ba ano<\/p>\n<p>&#13;<\/p>\n<p dir=\"ltr\" style=\"text-align: justify;\">\u00a0<\/p>\n<p>&#13;<\/p>\n<p dir=\"ltr\" style=\"text-align: justify;\"><strong>ENSINO M\u00c9DIO<\/strong><\/p>\n<p>&#13;<\/p>\n<p dir=\"ltr\" style=\"text-align: justify;\">Escola: E.E. Dom Id\u00edlio Jos\u00e9 Soares<\/p>\n<p>&#13;<\/p>\n<p dir=\"ltr\" style=\"text-align: justify;\">Poema: Mude<\/p>\n<p>&#13;<\/p>\n<p dir=\"ltr\" style=\"text-align: justify;\">Autoria: Edson Marques<\/p>\n<p>&#13;<\/p>\n<p dir=\"ltr\" style=\"text-align: justify;\">Declamador(a): Sara Barbosa da Silva &#8211; 1\u00ba ano<\/p>\n<p>&#13;<\/p>\n<p dir=\"ltr\" style=\"text-align: justify;\">\u00a0<\/p>\n<p>&#13;<\/p>\n<p dir=\"ltr\" style=\"text-align: justify;\">Escola: E.E. Professor Dorivaldo Damm<\/p>\n<p>&#13;<\/p>\n<p dir=\"ltr\" style=\"text-align: justify;\">Poema: Definitivo<\/p>\n<p>&#13;<\/p>\n<p dir=\"ltr\" style=\"text-align: justify;\">Autoria: Carlos Drummond de Andrade<\/p>\n<p>&#13;<\/p>\n<p dir=\"ltr\" style=\"text-align: justify;\">Declamador(a): Maria Clara dos Santos Ferreira &#8211; 3\u00ba ano<\/p>\n<p>&#13;<\/p>\n<p dir=\"ltr\" style=\"text-align: justify;\">\u00a0<\/p>\n<p>&#13;<\/p>\n<p dir=\"ltr\" style=\"text-align: justify;\">Escola: E.E. Brasil<\/p>\n<p>&#13;<\/p>\n<p dir=\"ltr\" style=\"text-align: justify;\">Poema: Eu Queria Ter e Ser<\/p>\n<p>&#13;<\/p>\n<p dir=\"ltr\" style=\"text-align: justify;\">Autoria: Ferr\u00e9z (Reginaldo Ferreira da Silva)<\/p>\n<p>&#13;<\/p>\n<p dir=\"ltr\" style=\"text-align: justify;\">Declamador(a): Rebecca Olimpio Rizardi &#8211; 3\u00ba ano<\/p>\n<p>&#13;<\/p>\n<p dir=\"ltr\" style=\"text-align: justify;\">\u00a0<\/p>\n<p>&#13;<\/p>\n<p dir=\"ltr\" style=\"text-align: justify;\">Escola: E.E. Professor Ant\u00f4nio Perches Lordello<\/p>\n<p>&#13;<\/p>\n<p dir=\"ltr\" style=\"text-align: justify;\">Poema: Os Inimigos<\/p>\n<p>&#13;<\/p>\n<p dir=\"ltr\" style=\"text-align: justify;\">Autoria: Pablo Neruda<\/p>\n<p>&#13;<\/p>\n<p dir=\"ltr\" style=\"text-align: justify;\">Declamador(a): Isabelli Arag\u00e3o Matias &#8211; 2\u00ba ano<\/p>\n<p>&#13;<\/p>\n<p dir=\"ltr\" style=\"text-align: justify;\">\u00a0<\/p>\n<p>&#13;<\/p>\n<p dir=\"ltr\" style=\"text-align: justify;\">Escola: E.E. Professor Gabriel Pozzi<\/p>\n<p>&#13;<\/p>\n<p dir=\"ltr\" style=\"text-align: justify;\">Poema: Eu Voltarei<\/p>\n<p>&#13;<\/p>\n<p dir=\"ltr\" style=\"text-align: justify;\">Autoria: Cora Coralina<\/p>\n<p>&#13;<\/p>\n<p dir=\"ltr\" style=\"text-align: justify;\">Declamador(a): Sophia Abreu Cavazzani &#8211; 1\u00ba ano<\/p>\n<p>&#13;<br \/>\n&#13;<br \/>\n&#13;<br \/>\n&#13;<\/p>\n<aside class=\"list-related no-print\">&#13;<br \/>\n        &#13;<br \/>\n&#13;<\/p>\n<article class=\"list-item noticias \">&#13;<br \/>\n                    <a class=\"list-item__img\" href=\"https:\/\/limeira.sp.gov.br\/imprensa\/noticias\/cultura\/circuito-sesc-de-artes-traz-atividades-gratuitas-no-parque-cidade-neste-sabado-18\" tabindex=\"-1\" aria-hidden=\"true\" rel=\"noopener\">&#13;<br \/>\n                        <img data-recalc-dims=\"1\" decoding=\"async\" src=\"https:\/\/i0.wp.com\/ecrie.com.br\/sistema\/conteudos\/imagem\/m_137_0_1_17052024091122.jpg?w=696&#038;ssl=1\" alt=\"Circuito Sesc de Artes traz atividades gratuitas no Parque Cidade, neste s\u00e1bado (18)\"\/>&#13;<br \/>\n                    <\/a>&#13;<br \/>\n&#13;<br \/>\n                &#13;<br \/>\n            <\/article>\n<p>&#13;<\/p>\n<article class=\"list-item noticias \">&#13;<br \/>\n                    <a class=\"list-item__img\" href=\"https:\/\/limeira.sp.gov.br\/imprensa\/noticias\/cultura\/biblioteca-municipal-realiza-teatro-contado-para-criancas-nesta-sexta-17\" tabindex=\"-1\" aria-hidden=\"true\" rel=\"noopener\">&#13;<br \/>\n                        <img data-recalc-dims=\"1\" decoding=\"async\" src=\"https:\/\/i0.wp.com\/ecrie.com.br\/sistema\/conteudos\/imagem\/m_137_0_1_16052024101516.jpg?w=696&#038;ssl=1\" alt=\"Biblioteca Municipal realiza teatro contado para crian\u00e7as, nesta sexta (17)\"\/>&#13;<br \/>\n                    <\/a>&#13;<br \/>\n&#13;<br \/>\n                &#13;<br \/>\n            <\/article>\n<p>&#13;<\/p>\n<article class=\"list-item noticias \">&#13;<br \/>\n                    <a class=\"list-item__img\" href=\"https:\/\/limeira.sp.gov.br\/imprensa\/noticias\/cultura\/esta-disponivel-a-consulta-publica-da-lei-aldir-blanc\" tabindex=\"-1\" aria-hidden=\"true\" rel=\"noopener\">&#13;<br \/>\n                        <img data-recalc-dims=\"1\" decoding=\"async\" src=\"https:\/\/i0.wp.com\/ecrie.com.br\/sistema\/conteudos\/imagem\/m_137_0_1_15052024101712.png?w=696&#038;ssl=1\" alt=\"Est\u00e1 dispon\u00edvel a consulta p\u00fablica da Lei Aldir Blanc\"\/>&#13;<br \/>\n                    <\/a>&#13;<br \/>\n&#13;<br \/>\n                &#13;<br \/>\n            <\/article>\n<p>&#13;<br \/>\n    <\/aside>\n<p>&#13;<br \/>\n&#13;\n            <\/p><\/div>\n<p><br \/>\n<br \/><a href=\"https:\/\/limeira.sp.gov.br\/verso-e-voz-tem-escolas-selecionadas-para-concurso-de-declamacao\" rel=\"noopener\">Informa\u00e7\u00f5es da PML <\/a><\/p>\n","protected":false},"excerpt":{"rendered":"<p>&#13; &#13; &#13; &#13; &#13; &#13; &#13; A Prefeitura de Limeira, por meio da Secretaria de Cultura, selecionou as escolas p\u00fablicas para participar do projeto \u201cVerso e Voz\u201d neste ano. O concurso de declama\u00e7\u00e3o de poemas acontece nos dias 5 e 6 de junho, no Teatro Vit\u00f3ria Emiliano Bernardo da Silva. &#13; Para declamar poemas [&hellip;]<\/p>\n","protected":false},"author":1,"featured_media":5360,"comment_status":"open","ping_status":"open","sticky":false,"template":"","format":"standard","meta":{"_jetpack_newsletter_access":"","_jetpack_dont_email_post_to_subs":false,"_jetpack_newsletter_tier_id":0,"_jetpack_memberships_contains_paywalled_content":false,"_mbp_banners":[],"_jetpack_feature_clip_id":0,"_jetpack_memberships_contains_paid_content":false,"footnotes":"","jetpack_publicize_message":"","jetpack_publicize_feature_enabled":true,"jetpack_social_post_already_shared":true,"jetpack_social_options":{"image_generator_settings":{"template":"highway","default_image_id":0,"font":"","enabled":false},"version":2},"jetpack_post_was_ever_published":false},"categories":[16],"tags":[],"class_list":["post-5359","post","type-post","status-publish","format-standard","has-post-thumbnail","category-local"],"jetpack_publicize_connections":[],"jetpack-related-posts":[],"jetpack_shortlink":"https:\/\/wp.me\/p7Eq1F-1or","jetpack_sharing_enabled":true,"jetpack_featured_media_url":"https:\/\/i0.wp.com\/guialimeira.com.br\/news\/wp-content\/uploads\/2024\/05\/m_137_0_1_17052024091536.jpeg?fit=1250%2C852&ssl=1","_links":{"self":[{"href":"https:\/\/guialimeira.com.br\/news\/wp-json\/wp\/v2\/posts\/5359","targetHints":{"allow":["GET"]}}],"collection":[{"href":"https:\/\/guialimeira.com.br\/news\/wp-json\/wp\/v2\/posts"}],"about":[{"href":"https:\/\/guialimeira.com.br\/news\/wp-json\/wp\/v2\/types\/post"}],"author":[{"embeddable":true,"href":"https:\/\/guialimeira.com.br\/news\/wp-json\/wp\/v2\/users\/1"}],"replies":[{"embeddable":true,"href":"https:\/\/guialimeira.com.br\/news\/wp-json\/wp\/v2\/comments?post=5359"}],"version-history":[{"count":0,"href":"https:\/\/guialimeira.com.br\/news\/wp-json\/wp\/v2\/posts\/5359\/revisions"}],"wp:featuredmedia":[{"embeddable":true,"href":"https:\/\/guialimeira.com.br\/news\/wp-json\/wp\/v2\/media\/5360"}],"wp:attachment":[{"href":"https:\/\/guialimeira.com.br\/news\/wp-json\/wp\/v2\/media?parent=5359"}],"wp:term":[{"taxonomy":"category","embeddable":true,"href":"https:\/\/guialimeira.com.br\/news\/wp-json\/wp\/v2\/categories?post=5359"},{"taxonomy":"post_tag","embeddable":true,"href":"https:\/\/guialimeira.com.br\/news\/wp-json\/wp\/v2\/tags?post=5359"}],"curies":[{"name":"wp","href":"https:\/\/api.w.org\/{rel}","templated":true}]}}