{"id":53541,"date":"2026-01-28T17:03:56","date_gmt":"2026-01-28T20:03:56","guid":{"rendered":"https:\/\/guialimeira.com.br\/?p=53541"},"modified":"2026-01-28T17:03:56","modified_gmt":"2026-01-28T20:03:56","slug":"pela-primeira-vez-cordeiropolis-tem-41-das-criancas-leitoras-fluentes-prefeitura-municipal-de-cordeiropolis","status":"publish","type":"post","link":"https:\/\/guialimeira.com.br\/news\/pela-primeira-vez-cordeiropolis-tem-41-das-criancas-leitoras-fluentes-prefeitura-municipal-de-cordeiropolis\/","title":{"rendered":"Pela primeira vez, Cordeir\u00f3polis tem 41% das crian\u00e7as leitoras fluentes \u2013 Prefeitura Municipal de Cordeir\u00f3polis"},"content":{"rendered":"<p> <br \/>\n<\/p>\n<div>\n<p>Cordeir\u00f3polis atingiu n\u00edvel de 41% de crian\u00e7as leitoras fluentes na rede municipal de ensino. \u00c9 o que mostra o \u00cdndice de Flu\u00eancia Leitora 2025, avaliado dentro do programa Alfabetiza Juntos, do Governo Estadual, com os segundos anos das escolas municipais. O objetivo \u00e9 garantir que crian\u00e7as at\u00e9 8 anos estejam alfabetizadas, conforme orienta o Compromisso Nacional Crian\u00e7a Alfabetizada (CNCA).<\/p>\n<p>\u00c9 a primeira vez, desde que o \u00edndice foi criado, que o munic\u00edpio atinge essa marca. Em 2025, 41% das crian\u00e7as s\u00e3o leitoras fluentes, enquanto 39% s\u00e3o iniciantes. Entre os avaliados, 20% est\u00e3o entre os n\u00edveis de pr\u00e9-leitor, de 1 a 4. Em 2024, eram 28% leitoras fluentes e 55% iniciantes; em 2023, 15% fluentes e 62% iniciantes.<\/p>\n<p>Secret\u00e1ria de Educa\u00e7\u00e3o, Regiani Castellar Dias explica que o \u00edndice realiza duas avalia\u00e7\u00f5es anuais, para verificar a entrada e a sa\u00edda dos n\u00edveis de flu\u00eancia. Em 2025, na primeira avalia\u00e7\u00e3o, eram apenas 11% de crian\u00e7as leitoras fluentes, n\u00famero que saltou para 41% na avalia\u00e7\u00e3o final. Enquanto isso, os pr\u00e9-leitores ca\u00edram de 57% para 20%, entre o in\u00edcio e o fim do ano.<\/p>\n<p>\u201cIsso \u00e9 resultado de uma s\u00e9rie de pr\u00e1ticas pedag\u00f3gicas desenvolvidas na rede municipal ao longo do ano, que v\u00e3o da forma\u00e7\u00e3o das equipes escolares at\u00e9 a realiza\u00e7\u00e3o de simulados, para melhorar esse \u00edndice dos nossos alunos. \u00c9 fruto do investimento que a gest\u00e3o Cristina Saad tem feito na educa\u00e7\u00e3o municipal e do empenho dos nossos educadores\u201d, afirmou Regiani.<\/p>\n<p>\u201cQuero parabenizar nossos professores e professoras que n\u00e3o medem esfor\u00e7os para garantir que os alunos da rede municipal tenham um ensino de qualidade em todos os anos. Esse resultado demonstra que estamos no caminho certo com o empenho da secret\u00e1ria Regiani, que deu sequ\u00eancia ao excelente trabalho da professora \u00c9rika Marin\u201d, enfatizou a prefeita Cristina Saad.<\/p>\n<\/p><\/div>\n<p><br \/>\n<br \/><a href=\"https:\/\/www.cordeiropolis.sp.gov.br\/pela-primeira-vez-cordeiropolis-tem-41-das-criancas-leitoras-fluentes\/\" rel=\"noopener\">Informa\u00e7\u00f5es Cordeir\u00f3polis <\/a><\/p>\n","protected":false},"excerpt":{"rendered":"<p>Cordeir\u00f3polis atingiu n\u00edvel de 41% de crian\u00e7as leitoras fluentes na rede municipal de ensino. \u00c9 o que mostra o \u00cdndice de Flu\u00eancia Leitora 2025, avaliado dentro do programa Alfabetiza Juntos, do Governo Estadual, com os segundos anos das escolas municipais. O objetivo \u00e9 garantir que crian\u00e7as at\u00e9 8 anos estejam alfabetizadas, conforme orienta o Compromisso [&hellip;]<\/p>\n","protected":false},"author":1,"featured_media":0,"comment_status":"closed","ping_status":"open","sticky":false,"template":"","format":"standard","meta":{"_jetpack_newsletter_access":"","_jetpack_dont_email_post_to_subs":false,"_jetpack_newsletter_tier_id":0,"_jetpack_memberships_contains_paywalled_content":false,"_mbp_banners":[],"_jetpack_feature_clip_id":0,"_jetpack_memberships_contains_paid_content":false,"footnotes":"","jetpack_publicize_message":"","jetpack_publicize_feature_enabled":true,"jetpack_social_post_already_shared":true,"jetpack_social_options":{"image_generator_settings":{"template":"highway","default_image_id":0,"font":"","enabled":false},"version":2},"jetpack_post_was_ever_published":false},"categories":[20],"tags":[],"class_list":["post-53541","post","type-post","status-publish","format-standard","category-regiao"],"jetpack_publicize_connections":[],"jetpack-related-posts":[],"jetpack_shortlink":"https:\/\/wp.me\/p7Eq1F-dVz","jetpack_sharing_enabled":true,"jetpack_featured_media_url":"","_links":{"self":[{"href":"https:\/\/guialimeira.com.br\/news\/wp-json\/wp\/v2\/posts\/53541","targetHints":{"allow":["GET"]}}],"collection":[{"href":"https:\/\/guialimeira.com.br\/news\/wp-json\/wp\/v2\/posts"}],"about":[{"href":"https:\/\/guialimeira.com.br\/news\/wp-json\/wp\/v2\/types\/post"}],"author":[{"embeddable":true,"href":"https:\/\/guialimeira.com.br\/news\/wp-json\/wp\/v2\/users\/1"}],"replies":[{"embeddable":true,"href":"https:\/\/guialimeira.com.br\/news\/wp-json\/wp\/v2\/comments?post=53541"}],"version-history":[{"count":1,"href":"https:\/\/guialimeira.com.br\/news\/wp-json\/wp\/v2\/posts\/53541\/revisions"}],"predecessor-version":[{"id":53542,"href":"https:\/\/guialimeira.com.br\/news\/wp-json\/wp\/v2\/posts\/53541\/revisions\/53542"}],"wp:attachment":[{"href":"https:\/\/guialimeira.com.br\/news\/wp-json\/wp\/v2\/media?parent=53541"}],"wp:term":[{"taxonomy":"category","embeddable":true,"href":"https:\/\/guialimeira.com.br\/news\/wp-json\/wp\/v2\/categories?post=53541"},{"taxonomy":"post_tag","embeddable":true,"href":"https:\/\/guialimeira.com.br\/news\/wp-json\/wp\/v2\/tags?post=53541"}],"curies":[{"name":"wp","href":"https:\/\/api.w.org\/{rel}","templated":true}]}}