{"id":53523,"date":"2026-01-28T15:00:54","date_gmt":"2026-01-28T18:00:54","guid":{"rendered":"https:\/\/guialimeira.com.br\/?p=53523"},"modified":"2026-01-28T15:00:54","modified_gmt":"2026-01-28T18:00:54","slug":"trecho-da-av-aristeu-marcicano-no-jd-cordeiro-recebe-recapeamento-prefeitura-municipal-de-cordeiropolis","status":"publish","type":"post","link":"https:\/\/guialimeira.com.br\/news\/trecho-da-av-aristeu-marcicano-no-jd-cordeiro-recebe-recapeamento-prefeitura-municipal-de-cordeiropolis\/","title":{"rendered":"Trecho da Av. Aristeu Marcicano, no Jd. Cordeiro, recebe recapeamento \u2013 Prefeitura Municipal de Cordeir\u00f3polis"},"content":{"rendered":"<p> <br \/>\n<\/p>\n<div>\n<p>A Prefeitura de Cordeir\u00f3polis inicia na pr\u00f3xima segunda-feira (2 de fevereiro), o recapeamento de um trecho da Avenida Aristeu Marcicano, no Jardim Cordeiro, na regi\u00e3o do Distrito Industrial Flam\u00ednio Levy. O investimento \u00e9 de R$ 1,1 milh\u00e3o, de recursos do Governo Estadual. \u201c\u00c9 a primeira etapa de recapeamento dessa via t\u00e3o importante para nossa cidade\u201d, afirmou a prefeita Cristina Saad.<\/p>\n<p>Segundo ela, apesar de o processo ter iniciado em 2023, s\u00f3 em 2025 o munic\u00edpio conseguiu aprova\u00e7\u00e3o e libera\u00e7\u00e3o final do Estado. Isso aconteceu ap\u00f3s o cumprimento de todos os ajustes e exig\u00eancias do projeto solicitados pela Secretaria Estadual de Rela\u00e7\u00f5es Institucionais.<\/p>\n<p>\u201cIsso \u00e9 fruto do trabalho das nossas equipes de Obras, N\u00facleo de A\u00e7\u00f5es Estrat\u00e9gicas (NAE), Financeiro e Administra\u00e7\u00e3o. Vamos atuar agora para que as demais etapas sejam liberadas tamb\u00e9m e toda a extens\u00e3o dessa via ganhe novo asfalto\u201d, completou a prefeita.<\/p>\n<p>Por conta das obras, haver\u00e1 interdi\u00e7\u00f5es parciais na via. Os motoristas devem redobrar a aten\u00e7\u00e3o. Todo o trecho ser\u00e1 sinalizado e o Departamento de Tr\u00e2nsito vai monitorar a \u00e1rea. A orienta\u00e7\u00e3o para quem estiver na Rodovia Washington Lu\u00eds \u00e9 seguir pela via at\u00e9 a entrada da Rodovia Dr. C\u00e1ssio de Freitas Levy e, de l\u00e1, seguir para Limeira ou usar as rotas alternativas indicadas.<\/p>\n<\/p><\/div>\n<p><br \/>\n<br \/><a href=\"https:\/\/www.cordeiropolis.sp.gov.br\/trecho-da-av-aristeu-marcicano-no-jd-cordeiro-recebe-recapeamento\/\" rel=\"noopener\">Informa\u00e7\u00f5es Cordeir\u00f3polis <\/a><\/p>\n","protected":false},"excerpt":{"rendered":"<p>A Prefeitura de Cordeir\u00f3polis inicia na pr\u00f3xima segunda-feira (2 de fevereiro), o recapeamento de um trecho da Avenida Aristeu Marcicano, no Jardim Cordeiro, na regi\u00e3o do Distrito Industrial Flam\u00ednio Levy. O investimento \u00e9 de R$ 1,1 milh\u00e3o, de recursos do Governo Estadual. \u201c\u00c9 a primeira etapa de recapeamento dessa via t\u00e3o importante para nossa cidade\u201d, [&hellip;]<\/p>\n","protected":false},"author":1,"featured_media":0,"comment_status":"closed","ping_status":"open","sticky":false,"template":"","format":"standard","meta":{"_jetpack_newsletter_access":"","_jetpack_dont_email_post_to_subs":false,"_jetpack_newsletter_tier_id":0,"_jetpack_memberships_contains_paywalled_content":false,"_mbp_banners":[],"_jetpack_feature_clip_id":0,"_jetpack_memberships_contains_paid_content":false,"footnotes":"","jetpack_publicize_message":"","jetpack_publicize_feature_enabled":true,"jetpack_social_post_already_shared":true,"jetpack_social_options":{"image_generator_settings":{"template":"highway","default_image_id":0,"font":"","enabled":false},"version":2},"jetpack_post_was_ever_published":false},"categories":[20],"tags":[],"class_list":["post-53523","post","type-post","status-publish","format-standard","category-regiao"],"jetpack_publicize_connections":[],"jetpack-related-posts":[],"jetpack_shortlink":"https:\/\/wp.me\/p7Eq1F-dVh","jetpack_sharing_enabled":true,"jetpack_featured_media_url":"","_links":{"self":[{"href":"https:\/\/guialimeira.com.br\/news\/wp-json\/wp\/v2\/posts\/53523","targetHints":{"allow":["GET"]}}],"collection":[{"href":"https:\/\/guialimeira.com.br\/news\/wp-json\/wp\/v2\/posts"}],"about":[{"href":"https:\/\/guialimeira.com.br\/news\/wp-json\/wp\/v2\/types\/post"}],"author":[{"embeddable":true,"href":"https:\/\/guialimeira.com.br\/news\/wp-json\/wp\/v2\/users\/1"}],"replies":[{"embeddable":true,"href":"https:\/\/guialimeira.com.br\/news\/wp-json\/wp\/v2\/comments?post=53523"}],"version-history":[{"count":1,"href":"https:\/\/guialimeira.com.br\/news\/wp-json\/wp\/v2\/posts\/53523\/revisions"}],"predecessor-version":[{"id":53524,"href":"https:\/\/guialimeira.com.br\/news\/wp-json\/wp\/v2\/posts\/53523\/revisions\/53524"}],"wp:attachment":[{"href":"https:\/\/guialimeira.com.br\/news\/wp-json\/wp\/v2\/media?parent=53523"}],"wp:term":[{"taxonomy":"category","embeddable":true,"href":"https:\/\/guialimeira.com.br\/news\/wp-json\/wp\/v2\/categories?post=53523"},{"taxonomy":"post_tag","embeddable":true,"href":"https:\/\/guialimeira.com.br\/news\/wp-json\/wp\/v2\/tags?post=53523"}],"curies":[{"name":"wp","href":"https:\/\/api.w.org\/{rel}","templated":true}]}}