{"id":5346,"date":"2024-05-17T07:59:45","date_gmt":"2024-05-17T10:59:45","guid":{"rendered":"https:\/\/guialimeira.com.br\/2024\/05\/17\/estamos-construindo-um-estado-com-maior-capacidade-de-investimento-diz-tarcisio\/"},"modified":"2024-05-17T07:59:45","modified_gmt":"2024-05-17T10:59:45","slug":"estamos-construindo-um-estado-com-maior-capacidade-de-investimento-diz-tarcisio","status":"publish","type":"post","link":"https:\/\/guialimeira.com.br\/news\/estamos-construindo-um-estado-com-maior-capacidade-de-investimento-diz-tarcisio\/","title":{"rendered":"&#8216;Estamos construindo um Estado com maior capacidade de investimento&#8217;, diz Tarc\u00edsio"},"content":{"rendered":"<p> <br \/>\n<\/p>\n<div id=\"\">&#13;<br \/>\n                                <!-- Title -->&#13;<br \/>\n                                &#13;<br \/>\n&#13;<br \/>\n                                <!-- Excerpt -->&#13;<\/p>\n<p class=\"excerpt\">No \u00faltimo dia da miss\u00e3o nos Estados Unidos, governador destaca medidas adotadas para modernizar a gest\u00e3o e priorizar a atra\u00e7\u00e3o de recursos<\/p>\n<p>&#13;<br \/>\n&#13;<br \/>\n                                &#13;\n                            <\/p><\/div>\n<div id=\"\">&#13;<\/p>\n<figure id=\"attachment_5886199\" style=\"width: 100%;max-width: 772px\" class=\"wp-caption alignnone\"><img data-recalc-dims=\"1\" decoding=\"async\" loading=\"lazy\" class=\"wp-image-5886199\" src=\"https:\/\/i0.wp.com\/www.saopaulo.sp.gov.br\/wp-content\/uploads\/2024\/05\/Tarcisio-Nova-york-300x291.jpg?resize=696%2C675&#038;ssl=1\" alt=\"Governador no palco em evento\" width=\"696\" height=\"675\" srcset=\"https:\/\/www.saopaulo.sp.gov.br\/wp-content\/uploads\/2024\/05\/Tarcisio-Nova-york-300x291.jpg 300w, https:\/\/www.saopaulo.sp.gov.br\/wp-content\/uploads\/2024\/05\/Tarcisio-Nova-york-1024x994.jpg 1024w, https:\/\/www.saopaulo.sp.gov.br\/wp-content\/uploads\/2024\/05\/Tarcisio-Nova-york-768x745.jpg 768w, https:\/\/www.saopaulo.sp.gov.br\/wp-content\/uploads\/2024\/05\/Tarcisio-Nova-york-1536x1491.jpg 1536w, https:\/\/www.saopaulo.sp.gov.br\/wp-content\/uploads\/2024\/05\/Tarcisio-Nova-york.jpg 2047w\" sizes=\"auto, (max-width: 772px) 100vw, 772px\"\/><figcaption class=\"wp-caption-text\">Governador Tarc\u00edcio de Freitas falou sobre os investimentos em S\u00e3o Paulo<\/figcaption><\/figure>\n<p>O governador Tarc\u00edsio de Freitas concluiu nesta quinta-feira (16), em Nova Iorque (EUA), a segunda miss\u00e3o internacional do ano para apresentar oportunidades de investimentos no Estado a investidores estrangeiros.<\/p>\n<p>Em seu \u00faltimo compromisso antes de voltar ao Brasil, Tarc\u00edsio participou da confer\u00eancia promovida pelo grupo Ita\u00fa BBA Latin Am\u00e9rica. Na ocasi\u00e3o, explicou as medidas administrativas que o Estado tem adotado para garantir a efici\u00eancia da gest\u00e3o e priorizar a atra\u00e7\u00e3o de recursos.<\/p>\n<p>\u201cUm estado que tem R$ 330 bi de or\u00e7amento precisa ter f\u00f4lego para investimentos. Por isso, estamos fazendo um grande exerc\u00edcio para reduzir despesas e custeio, renegociar d\u00edvidas e rever benef\u00edcios tribut\u00e1rios que n\u00e3o se traduzem mais em Capex [investimentos em bens de capital] ou empregos para o Estado. Com isso, estamos construindo um Estado com maior capacidade de investimento\u201d, afirmou.<\/p>\n<p>Ao detalhar as iniciativas e oportunidades de investimento, o chefe do Executivo paulista refor\u00e7ou o compromisso da administra\u00e7\u00e3o com a revitaliza\u00e7\u00e3o da regi\u00e3o central da capital. Segundo o governador, ao destinar R$ 4 bilh\u00f5es para o projeto da constru\u00e7\u00e3o do Centro Administrativo Campos El\u00edseos, a gest\u00e3o d\u00e1 um sinal claro ao mercado sobre o potencial da regi\u00e3o para a atra\u00e7\u00e3o de recursos.<\/p>\n<p>\u201cVamos revitalizar o centro de SP, que tem potencial para ser pulsante. N\u00f3s temos de devolver o centro para as pessoas e \u00e9 isso que vamos fazer\u201d, disse. Tarc\u00edsio refor\u00e7ou que o projeto n\u00e3o \u00e9 o \u00fanico para a regi\u00e3o, que contar\u00e1 ainda com a constru\u00e7\u00e3o de mais de seis mil unidades habitacionais no \u00e2mbito da PPP do centro. \u201cSe eu vou levar as pessoas para trabalhar l\u00e1, tenho de garantir condi\u00e7\u00f5es para elas morarem l\u00e1 tamb\u00e9m. E isso faz sentido porque \u00e9 uma regi\u00e3o que j\u00e1 conta com servi\u00e7os como transporte, saneamento e seguran\u00e7a\u201d, completou.<\/p>\n<p>Ao longo dos dias que permaneceu nos Estados Unidos, o governador participou de uma s\u00e9rie de eventos com investidores e executivos de diferentes de grupos, que demostraram grande interesse no projeto de desestatiza\u00e7\u00e3o da Companhia de Saneamento B\u00e1sico do Estado de S\u00e3o Paulo \u2013 Sabesp. A pr\u00f3xima etapa do processo ser\u00e1 a reuni\u00e3o do Conselho Deliberativo da Unidade de Regional de Servi\u00e7os de Abastecimento de \u00c1gua Pot\u00e1vel e Esgotamento Sanit\u00e1rio Sudeste (URAE-1), na pr\u00f3xima semana. A expectativa da gest\u00e3o \u00e9 que a oferta p\u00fablica de a\u00e7\u00f5es da companhia seja aberta ainda neste trimestre.<\/p>\n<p>Al\u00e9m do projeto da Sabesp, o Programa de Parcerias de Investimentos do Estado de S\u00e3o Paulo (PPI-SP) conta ainda com diversas outras propostas inovadoras e estruturantes. Ao todo, s\u00e3o 18 projetos j\u00e1 qualificados e distribu\u00eddas em quatro eixos estruturais \u2013 \u00e1gua e energia, mobilidade, rodovias e social. A expectativa da gest\u00e3o \u00e9 realizar 44 leil\u00f5es at\u00e9 o final de 2026, mobilizando grupos globais interessados em investir nos ativos estaduais.<\/p>\n<\/p><\/div>\n<p><br \/>\n<br \/><a href=\"https:\/\/www.saopaulo.sp.gov.br\/spnoticias\/ultimas-noticias\/estamos-construindo-um-estado-com-maior-capacidade-de-investimento-diz-tarcisio\/\" rel=\"noopener\">Informa\u00e7\u00f5es GOV.SP<\/a><\/p>\n","protected":false},"excerpt":{"rendered":"<p>&#13; &#13; &#13; &#13; &#13; No \u00faltimo dia da miss\u00e3o nos Estados Unidos, governador destaca medidas adotadas para modernizar a gest\u00e3o e priorizar a atra\u00e7\u00e3o de recursos &#13; &#13; &#13; &#13; Governador Tarc\u00edcio de Freitas falou sobre os investimentos em S\u00e3o Paulo O governador Tarc\u00edsio de Freitas concluiu nesta quinta-feira (16), em Nova Iorque (EUA), [&hellip;]<\/p>\n","protected":false},"author":1,"featured_media":5347,"comment_status":"open","ping_status":"open","sticky":false,"template":"","format":"standard","meta":{"_jetpack_newsletter_access":"","_jetpack_dont_email_post_to_subs":false,"_jetpack_newsletter_tier_id":0,"_jetpack_memberships_contains_paywalled_content":false,"_mbp_banners":[],"_jetpack_feature_clip_id":0,"_jetpack_memberships_contains_paid_content":false,"footnotes":"","jetpack_publicize_message":"","jetpack_publicize_feature_enabled":true,"jetpack_social_post_already_shared":true,"jetpack_social_options":{"image_generator_settings":{"template":"highway","default_image_id":0,"font":"","enabled":false},"version":2},"jetpack_post_was_ever_published":false},"categories":[21],"tags":[],"class_list":["post-5346","post","type-post","status-publish","format-standard","has-post-thumbnail","category-sp-news"],"jetpack_publicize_connections":[],"jetpack-related-posts":[],"jetpack_shortlink":"https:\/\/wp.me\/p7Eq1F-1oe","jetpack_sharing_enabled":true,"jetpack_featured_media_url":"https:\/\/i0.wp.com\/guialimeira.com.br\/news\/wp-content\/uploads\/2024\/05\/Estamos-construindo-um-Estado-com-maior-capacidade-de-investimento-diz.jpg?fit=300%2C291&ssl=1","_links":{"self":[{"href":"https:\/\/guialimeira.com.br\/news\/wp-json\/wp\/v2\/posts\/5346","targetHints":{"allow":["GET"]}}],"collection":[{"href":"https:\/\/guialimeira.com.br\/news\/wp-json\/wp\/v2\/posts"}],"about":[{"href":"https:\/\/guialimeira.com.br\/news\/wp-json\/wp\/v2\/types\/post"}],"author":[{"embeddable":true,"href":"https:\/\/guialimeira.com.br\/news\/wp-json\/wp\/v2\/users\/1"}],"replies":[{"embeddable":true,"href":"https:\/\/guialimeira.com.br\/news\/wp-json\/wp\/v2\/comments?post=5346"}],"version-history":[{"count":0,"href":"https:\/\/guialimeira.com.br\/news\/wp-json\/wp\/v2\/posts\/5346\/revisions"}],"wp:featuredmedia":[{"embeddable":true,"href":"https:\/\/guialimeira.com.br\/news\/wp-json\/wp\/v2\/media\/5347"}],"wp:attachment":[{"href":"https:\/\/guialimeira.com.br\/news\/wp-json\/wp\/v2\/media?parent=5346"}],"wp:term":[{"taxonomy":"category","embeddable":true,"href":"https:\/\/guialimeira.com.br\/news\/wp-json\/wp\/v2\/categories?post=5346"},{"taxonomy":"post_tag","embeddable":true,"href":"https:\/\/guialimeira.com.br\/news\/wp-json\/wp\/v2\/tags?post=5346"}],"curies":[{"name":"wp","href":"https:\/\/api.w.org\/{rel}","templated":true}]}}