{"id":5335,"date":"2024-05-16T23:50:19","date_gmt":"2024-05-17T02:50:19","guid":{"rendered":"https:\/\/guialimeira.com.br\/2024\/05\/16\/vestibulinho-das-etecs-inscricoes-terminam-nesta-sexta-feira\/"},"modified":"2024-05-16T23:50:19","modified_gmt":"2024-05-17T02:50:19","slug":"vestibulinho-das-etecs-inscricoes-terminam-nesta-sexta-feira","status":"publish","type":"post","link":"https:\/\/guialimeira.com.br\/news\/vestibulinho-das-etecs-inscricoes-terminam-nesta-sexta-feira\/","title":{"rendered":"Vestibulinho das Etecs: inscri\u00e7\u00f5es terminam nesta sexta-feira"},"content":{"rendered":"<p> <br \/>\n<\/p>\n<div id=\"\">&#13;<br \/>\n                                <!-- Title -->&#13;<br \/>\n                                &#13;<br \/>\n&#13;<br \/>\n                                <!-- Excerpt -->&#13;<\/p>\n<p class=\"excerpt\">Interessado deve preencher ficha de inscri\u00e7\u00e3o online at\u00e9 sexta-feira (17), \u00e0s 15h; ao todo s\u00e3o 41.790 vagas oferecidas<\/p>\n<p>&#13;<br \/>\n&#13;<br \/>\n                                &#13;\n                            <\/p><\/div>\n<div id=\"\">&#13;<\/p>\n<figure id=\"attachment_5885125\" style=\"width: 100%;max-width: 1600px\" class=\"wp-caption alignnone\"><img data-recalc-dims=\"1\" decoding=\"async\" loading=\"lazy\" class=\"size-full wp-image-5885125\" src=\"https:\/\/i0.wp.com\/www.saopaulo.sp.gov.br\/wp-content\/uploads\/2024\/05\/WhatsApp-Image-2024-05-15-at-11.58.30.jpeg?resize=696%2C461&#038;ssl=1\" alt=\"\" width=\"696\" height=\"461\" srcset=\"https:\/\/www.saopaulo.sp.gov.br\/wp-content\/uploads\/2024\/05\/WhatsApp-Image-2024-05-15-at-11.58.30.jpeg 1600w, https:\/\/www.saopaulo.sp.gov.br\/wp-content\/uploads\/2024\/05\/WhatsApp-Image-2024-05-15-at-11.58.30-300x199.jpeg 300w, https:\/\/www.saopaulo.sp.gov.br\/wp-content\/uploads\/2024\/05\/WhatsApp-Image-2024-05-15-at-11.58.30-1024x678.jpeg 1024w, https:\/\/www.saopaulo.sp.gov.br\/wp-content\/uploads\/2024\/05\/WhatsApp-Image-2024-05-15-at-11.58.30-768x509.jpeg 768w, https:\/\/www.saopaulo.sp.gov.br\/wp-content\/uploads\/2024\/05\/WhatsApp-Image-2024-05-15-at-11.58.30-1536x1018.jpeg 1536w\" sizes=\"auto, (max-width: 1600px) 100vw, 1600px\"\/><figcaption class=\"wp-caption-text\">Rela\u00e7\u00e3o completa de unidades, cursos e vagas est\u00e1 dispon\u00edvel no site do Vestibulinho das Etecs<\/figcaption><\/figure>\n<p>Termina nesta sexta-feira (17), \u00e0s 15h, o per\u00edodo de inscri\u00e7\u00e3o do Vestibulinho das Escolas T\u00e9cnicas Estaduais (Etecs) para o segundo semestre de 2024. O processo seletivo oferta 41.790 vagas para cursos t\u00e9cnicos, especializa\u00e7\u00f5es t\u00e9cnicas e vagas remanescentes de segundo m\u00f3dulo, distribu\u00eddas entre as unidades de todo o Estado de S\u00e3o Paulo. O candidato pode optar pelo estudo na modalidade presencial, semipresencial ou online. A rela\u00e7\u00e3o de unidades, cursos e vagas est\u00e1 dispon\u00edvel no site do Vestibulinho das Etecs. A prova ser\u00e1 aplicada no dia 9 de junho (domingo), \u00e0s 13h30.<\/p>\n<p>Para participar do Vestibulinho das Etecs, o interessado deve preencher a ficha de inscri\u00e7\u00e3o no site <a href=\"http:\/\/www.vestibulinhoetec.com.br\/\" target=\"_blank\" rel=\"noreferrer noopener\">www.vestibulinhoetec.com.br<\/a>, responder ao relat\u00f3rio socioecon\u00f4mico e realizar o pagamento da taxa de R$ 40. O recolhimento do valor pode ser feito at\u00e9 o \u00faltimo dia de inscri\u00e7\u00e3o, em qualquer ag\u00eancia banc\u00e1ria na internet, por meio de aplicativo banc\u00e1rio ou ainda pela ferramenta getnet, dispon\u00edvel no site oficial do Vestibulinho, com cart\u00e3o de cr\u00e9dito. A inscri\u00e7\u00e3o no Vestibulinho das Etecs somente ser\u00e1 efetivada ap\u00f3s o pagamento da taxa.<\/p>\n<p>As informa\u00e7\u00f5es no ato da inscri\u00e7\u00e3o s\u00e3o de responsabilidade do candidato ou de seu representante legal, quando menor de 16 anos. Na\u00a0<a href=\"https:\/\/fatweb.s3.amazonaws.com\/vestibulinhoetec\/documentos\/2SEM-24\/Portaria-CEETEPS-GDS-3898-2024.pdf\" target=\"_blank\" rel=\"noreferrer noopener\">Portaria<\/a>\u00a0do processo seletivo e no\u00a0<a href=\"https:\/\/fatweb.s3.amazonaws.com\/vestibulinhoetec\/documentos\/2SEM-24\/ManualCandidato.pdf?id=202421\" target=\"_blank\" rel=\"noreferrer noopener\">Manual do Candidato<\/a>\u00a0est\u00e3o dispon\u00edveis o detalhamento da documenta\u00e7\u00e3o necess\u00e1ria e as orienta\u00e7\u00f5es para o preenchimento correto.<\/p>\n<p>Caso necessite, as Etecs disponibilizam computadores e acesso \u00e0 internet para que a inscri\u00e7\u00e3o seja realizada. Para isso, \u00e9 preciso entrar em contato com a unidade para obter informa\u00e7\u00f5es sobre datas e hor\u00e1rios dispon\u00edveis.<\/p>\n<p><strong>Requisito<\/strong><\/p>\n<p>Para concorrer a uma das vagas para os cursos t\u00e9cnicos nas tr\u00eas modalidades o candidato deve ter conclu\u00eddo ou estar cursando a partir da segunda s\u00e9rie do Ensino M\u00e9dio ou equivalente, apresentando no ato da matr\u00edcula o Certificado de Conclus\u00e3o ou a declara\u00e7\u00e3o de que est\u00e1 cursando o per\u00edodo. Confira informa\u00e7\u00f5es detalhadas na p\u00e1gina 2 da Portaria.<\/p>\n<p>Para concorrer a uma vaga\u00a0de\u00a0Especializa\u00e7\u00e3o T\u00e9cnica, al\u00e9m de ter conclu\u00eddo o Ensino M\u00e9dio, o candidato precisa ter cursado integralmente o Ensino T\u00e9cnico associado ao curso de especializa\u00e7\u00e3o, conforme rela\u00e7\u00e3o dispon\u00edvel no site.<\/p>\n<p>J\u00e1 para uma das vagas remanescentes de segundo m\u00f3dulo \u00e9 necess\u00e1rio estar cursando a terceira s\u00e9rie do Ensino M\u00e9dio ou ter conclu\u00eddo esse ciclo e comprovar experi\u00eancia profissional na \u00e1rea do curso, por meio de avalia\u00e7\u00e3o e certifica\u00e7\u00e3o de compet\u00eancias referentes ao primeiro m\u00f3dulo.<\/p>\n<p><strong>Inclus\u00e3o social<\/strong><\/p>\n<p>O\u00a0Sistema de Pontua\u00e7\u00e3o Acrescida\u00a0do Centro Paula Souza\u00a0concede acr\u00e9scimo de pontos \u00e0 nota final obtida no exame, sendo 3% a estudantes afrodescendentes e 10% a quem tenha estudado integralmente na rede p\u00fablica, da quinta \u00e0 oitava s\u00e9rie ou do sexto ao nono ano do Ensino Fundamental. Quem estiver nas duas situa\u00e7\u00f5es recebe 13% de b\u00f4nus.<\/p>\n<p>Cabe ao candidato verificar na portaria se tem direito \u00e0 pontua\u00e7\u00e3o acrescida porque a matr\u00edcula n\u00e3o poder\u00e1 ser realizada e a vaga ser\u00e1 perdida se as informa\u00e7\u00f5es n\u00e3o atenderem \u00e0s condi\u00e7\u00f5es estabelecidas em sua totalidade.<\/p>\n<p>O candidato com defici\u00eancia que necessite de condi\u00e7\u00f5es especiais para fazer a prova deve indic\u00e1-las na ficha de inscri\u00e7\u00e3o e encaminhar o laudo m\u00e9dico, emitido por especialista, descrevendo o tipo e o grau da necessidade, no link espec\u00edfico que se encontra na \u201c\u00c1rea do Candidato\u201d, impreterivelmente, at\u00e9 as 15h do dia 17 de maio.<\/p>\n<p>O candidato transg\u00eanero que desejar ser tratado pelo nome social deve informar o nome social completo no ato da inscri\u00e7\u00e3o, no campo espec\u00edfico. Caso n\u00e3o forne\u00e7a a informa\u00e7\u00e3o nesse momento n\u00e3o ser\u00e1 poss\u00edvel solicitar a inclus\u00e3o posteriormente. Tamb\u00e9m \u00e9 preciso enviar via upload imagem do RG (frente e verso) e uma foto 3\u00d74 recente.<\/p>\n<p>Outras informa\u00e7\u00f5es pelos telefones (11) 3471-4071 (capital e Grande S\u00e3o Paulo) e 0800-772 2829 (demais localidades) ou pela <a href=\"https:\/\/www.vestibulinhoetec.com.br\/home\/\" target=\"_blank\" rel=\"noreferrer noopener\">internet<\/a>.<\/p>\n<p>Siga o canal \u201cGoverno de S\u00e3o Paulo\u201d no WhatsApp:<br \/><a href=\"https:\/\/bit.ly\/govspnozap\" target=\"_blank\" rel=\"noopener noreferrer\">https:\/\/bit.ly\/govspnozap<\/a><\/p>\n<\/p><\/div>\n<p><br \/>\n<br \/><a href=\"https:\/\/www.saopaulo.sp.gov.br\/spnoticias\/ultimas-noticias\/vestibulinho-das-etecs-inscricoes-terminam-nesta-sexta-feira\/\" rel=\"noopener\">Informa\u00e7\u00f5es GOV.SP<\/a><\/p>\n","protected":false},"excerpt":{"rendered":"<p>&#13; &#13; &#13; &#13; &#13; Interessado deve preencher ficha de inscri\u00e7\u00e3o online at\u00e9 sexta-feira (17), \u00e0s 15h; ao todo s\u00e3o 41.790 vagas oferecidas &#13; &#13; &#13; &#13; Rela\u00e7\u00e3o completa de unidades, cursos e vagas est\u00e1 dispon\u00edvel no site do Vestibulinho das Etecs Termina nesta sexta-feira (17), \u00e0s 15h, o per\u00edodo de inscri\u00e7\u00e3o do Vestibulinho das [&hellip;]<\/p>\n","protected":false},"author":1,"featured_media":5336,"comment_status":"open","ping_status":"open","sticky":false,"template":"","format":"standard","meta":{"_jetpack_newsletter_access":"","_jetpack_dont_email_post_to_subs":false,"_jetpack_newsletter_tier_id":0,"_jetpack_memberships_contains_paywalled_content":false,"_mbp_banners":[],"_jetpack_feature_clip_id":0,"_jetpack_memberships_contains_paid_content":false,"footnotes":"","jetpack_publicize_message":"","jetpack_publicize_feature_enabled":true,"jetpack_social_post_already_shared":true,"jetpack_social_options":{"image_generator_settings":{"template":"highway","default_image_id":0,"font":"","enabled":false},"version":2},"jetpack_post_was_ever_published":false},"categories":[21],"tags":[],"class_list":["post-5335","post","type-post","status-publish","format-standard","has-post-thumbnail","category-sp-news"],"jetpack_publicize_connections":[],"jetpack-related-posts":[],"jetpack_shortlink":"https:\/\/wp.me\/p7Eq1F-1o3","jetpack_sharing_enabled":true,"jetpack_featured_media_url":"https:\/\/i0.wp.com\/guialimeira.com.br\/news\/wp-content\/uploads\/2024\/05\/Vestibulinho-das-Etecs-inscricoes-terminam-nesta-sexta-feira.jpeg?fit=1600%2C1060&ssl=1","_links":{"self":[{"href":"https:\/\/guialimeira.com.br\/news\/wp-json\/wp\/v2\/posts\/5335","targetHints":{"allow":["GET"]}}],"collection":[{"href":"https:\/\/guialimeira.com.br\/news\/wp-json\/wp\/v2\/posts"}],"about":[{"href":"https:\/\/guialimeira.com.br\/news\/wp-json\/wp\/v2\/types\/post"}],"author":[{"embeddable":true,"href":"https:\/\/guialimeira.com.br\/news\/wp-json\/wp\/v2\/users\/1"}],"replies":[{"embeddable":true,"href":"https:\/\/guialimeira.com.br\/news\/wp-json\/wp\/v2\/comments?post=5335"}],"version-history":[{"count":0,"href":"https:\/\/guialimeira.com.br\/news\/wp-json\/wp\/v2\/posts\/5335\/revisions"}],"wp:featuredmedia":[{"embeddable":true,"href":"https:\/\/guialimeira.com.br\/news\/wp-json\/wp\/v2\/media\/5336"}],"wp:attachment":[{"href":"https:\/\/guialimeira.com.br\/news\/wp-json\/wp\/v2\/media?parent=5335"}],"wp:term":[{"taxonomy":"category","embeddable":true,"href":"https:\/\/guialimeira.com.br\/news\/wp-json\/wp\/v2\/categories?post=5335"},{"taxonomy":"post_tag","embeddable":true,"href":"https:\/\/guialimeira.com.br\/news\/wp-json\/wp\/v2\/tags?post=5335"}],"curies":[{"name":"wp","href":"https:\/\/api.w.org\/{rel}","templated":true}]}}