{"id":533,"date":"2024-03-30T08:09:47","date_gmt":"2024-03-30T11:09:47","guid":{"rendered":"https:\/\/guialimeira.com.br\/2024\/03\/30\/prefeitura-municipal-de-americana-19\/"},"modified":"2024-03-30T08:09:47","modified_gmt":"2024-03-30T11:09:47","slug":"prefeitura-municipal-de-americana-19","status":"publish","type":"post","link":"https:\/\/guialimeira.com.br\/news\/prefeitura-municipal-de-americana-19\/","title":{"rendered":"Prefeitura Municipal de Americana"},"content":{"rendered":"<p> <br \/>\n<\/p>\n<div>\n<div class=\"row d-flex align-items-center mb-4\">\n<div class=\"col-md-6\">\n<p>\n\t\t\t\t\t\t\t\t\t\tPublicada em 26 de Mar\u00e7o de 2024 \u00e0s 15h54\n\t\t\t\t\t\t\t\t\t<\/p>\n<\/p><\/div>\n<\/p><\/div>\n<div class=\"mb-5\">A Secretaria de Obras e Servi\u00e7os Urbanos (Sosu) da Prefeitura de Americana, atrav\u00e9s da Unidade de Transportes e Sistema Vi\u00e1rio (Utransv), iniciou nesta ter\u00e7a-feira (26), a revitaliza\u00e7\u00e3o da sinaliza\u00e7\u00e3o vi\u00e1ria da Avenida Ant\u00f4nio Conselheiro, no bairro Ant\u00f4nio Zanaga.<\/p>\n<p>Ser\u00e3o feitas melhorias nas sinaliza\u00e7\u00f5es como a legenda de PARE, faixas de pedestres, lombadas e a faixa dupla cont\u00ednua. Com intuito de melhorar o tr\u00e2nsito local, a Utransv implantou nos \u00faltimos dias duas rotat\u00f3rias na avenida, nos cruzamentos com a Avenida Nina Rodrigues e com a Rua \u00c1lvaro Lins.<\/p>\n<p>&#8220;Se tratando de uma via com grande circula\u00e7\u00e3o de ve\u00edculos, essas melhorias s\u00e3o importantes para garantir a seguran\u00e7a dos motoristas e pedestres&#8221;, ressaltou o secret\u00e1rio adjunto de Tr\u00e2nsito, Marcelo Giongo.<\/p>\n<p>Al\u00e9m da zeladoria das sinaliza\u00e7\u00f5es vi\u00e1rias verticais e horizontais realizadas diariamente, a Utransv tamb\u00e9m conta duas frentes de pintura de solo. Al\u00e9m do trabalho no Zanaga, uma das equipes atua na revitaliza\u00e7\u00e3o da Orla da Praia Azul.<\/p>\n<p>Texto: Ariel Ferreira (MTb 62.872)\n                            <\/p>\n<\/div><\/div>\n<p><script async defer crossorigin=\"anonymous\" src=\"https:\/\/connect.facebook.net\/pt_BR\/sdk.js#xfbml=1&#038;version=v5.0\"><\/script><br \/>\n<br \/><br \/>\n<br \/><a href=\"https:\/\/www.americana.sp.gov.br\/americana-index.php?a=noticia&#038;id=30447\" rel=\"noopener\">Informa\u00e7\u00f5es PMA<\/a><\/p>\n","protected":false},"excerpt":{"rendered":"<p>Publicada em 26 de Mar\u00e7o de 2024 \u00e0s 15h54 A Secretaria de Obras e Servi\u00e7os Urbanos (Sosu) da Prefeitura de Americana, atrav\u00e9s da Unidade de Transportes e Sistema Vi\u00e1rio (Utransv), iniciou nesta ter\u00e7a-feira (26), a revitaliza\u00e7\u00e3o da sinaliza\u00e7\u00e3o vi\u00e1ria da Avenida Ant\u00f4nio Conselheiro, no bairro Ant\u00f4nio Zanaga. Ser\u00e3o feitas melhorias nas sinaliza\u00e7\u00f5es como a legenda [&hellip;]<\/p>\n","protected":false},"author":1,"featured_media":0,"comment_status":"open","ping_status":"open","sticky":false,"template":"","format":"standard","meta":{"_jetpack_newsletter_access":"","_jetpack_dont_email_post_to_subs":false,"_jetpack_newsletter_tier_id":0,"_jetpack_memberships_contains_paywalled_content":false,"_mbp_banners":[],"_jetpack_feature_clip_id":0,"_jetpack_memberships_contains_paid_content":false,"footnotes":"","jetpack_publicize_message":"","jetpack_publicize_feature_enabled":true,"jetpack_social_post_already_shared":true,"jetpack_social_options":{"image_generator_settings":{"template":"highway","default_image_id":0,"font":"","enabled":false},"version":2},"jetpack_post_was_ever_published":false},"categories":[20],"tags":[],"class_list":["post-533","post","type-post","status-publish","format-standard","category-regiao"],"jetpack_publicize_connections":[],"jetpack-related-posts":[],"jetpack_shortlink":"https:\/\/wp.me\/p7Eq1F-8B","jetpack_sharing_enabled":true,"jetpack_featured_media_url":"","_links":{"self":[{"href":"https:\/\/guialimeira.com.br\/news\/wp-json\/wp\/v2\/posts\/533","targetHints":{"allow":["GET"]}}],"collection":[{"href":"https:\/\/guialimeira.com.br\/news\/wp-json\/wp\/v2\/posts"}],"about":[{"href":"https:\/\/guialimeira.com.br\/news\/wp-json\/wp\/v2\/types\/post"}],"author":[{"embeddable":true,"href":"https:\/\/guialimeira.com.br\/news\/wp-json\/wp\/v2\/users\/1"}],"replies":[{"embeddable":true,"href":"https:\/\/guialimeira.com.br\/news\/wp-json\/wp\/v2\/comments?post=533"}],"version-history":[{"count":0,"href":"https:\/\/guialimeira.com.br\/news\/wp-json\/wp\/v2\/posts\/533\/revisions"}],"wp:attachment":[{"href":"https:\/\/guialimeira.com.br\/news\/wp-json\/wp\/v2\/media?parent=533"}],"wp:term":[{"taxonomy":"category","embeddable":true,"href":"https:\/\/guialimeira.com.br\/news\/wp-json\/wp\/v2\/categories?post=533"},{"taxonomy":"post_tag","embeddable":true,"href":"https:\/\/guialimeira.com.br\/news\/wp-json\/wp\/v2\/tags?post=533"}],"curies":[{"name":"wp","href":"https:\/\/api.w.org\/{rel}","templated":true}]}}