{"id":5326,"date":"2024-05-16T22:46:54","date_gmt":"2024-05-17T01:46:54","guid":{"rendered":"https:\/\/guialimeira.com.br\/2024\/05\/16\/apolinho-silvio-luiz-e-antero-greco-adeus-aos-craques-do-jornalismo\/"},"modified":"2024-05-16T22:46:54","modified_gmt":"2024-05-17T01:46:54","slug":"apolinho-silvio-luiz-e-antero-greco-adeus-aos-craques-do-jornalismo","status":"publish","type":"post","link":"https:\/\/guialimeira.com.br\/news\/apolinho-silvio-luiz-e-antero-greco-adeus-aos-craques-do-jornalismo\/","title":{"rendered":"Apolinho, S\u00edlvio Luiz e Antero Greco: adeus aos craques do jornalismo"},"content":{"rendered":"<p> <br \/>\n<\/p>\n<div>\n<p><em>Olho no lance!<\/em> As m\u00e1ximas de <a href=\"https:\/\/agenciabrasil.ebc.com.br\/esportes\/noticia\/2024-05\/silvio-luiz-icone-da-narracao-esportiva-morre-aos-89-anos-em-sp\" target=\"_blank\" rel=\"noopener\">S\u00edlvio Luiz<\/a> est\u00e3o na mem\u00f3ria afetiva de quase todo brasileiro, mesmo daqueles que n\u00e3o acompanham o futebol. O narrador nunca gritou gol para emocionar quem estava do outro lado do aparelho da tev\u00ea. <em>Pelas barbas do profeta <\/em>ou <em>Pelo amor dos meus meninos<\/em> s\u00e3o express\u00f5es que ainda v\u00e3o ecoar, em nosso imagin\u00e1rio, mesmo sem aquele cara da fam\u00edlia, tipo um tio brincalh\u00e3o, para pronunci\u00e1-las nas tardes de domingo, depois do almo\u00e7o.\u00a0<img data-recalc-dims=\"1\" decoding=\"async\" src=\"https:\/\/i0.wp.com\/agenciabrasil.ebc.com.br\/ebc.png?w=696&#038;ssl=1\" style=\"width:1px; height:1px; display:inline;\"\/><img data-recalc-dims=\"1\" decoding=\"async\" src=\"https:\/\/i0.wp.com\/agenciabrasil.ebc.com.br\/ebc.gif?w=696&#038;ssl=1\" style=\"width:1px; height:1px; display:inline;\"\/><\/p>\n<p>Pelas ondas do r\u00e1dio, Washington Rodrigues dissecava com perspic\u00e1cia e irrever\u00eancia os lances do esporte. Assim como Silvio, criou bord\u00f5es e influenciou gera\u00e7\u00f5es de cronistas esportivos. O <a href=\"https:\/\/agenciabrasil.ebc.com.br\/esportes\/noticia\/2024-05\/washington-rodrigues-o-apolinho-morre-no-rio-aos-87-anos\" target=\"_blank\" rel=\"noopener\">Apolinho<\/a>, como carinhosamente ficou conhecido, teve duas passagens pela <strong>R\u00e1dio Nacional<\/strong>. Entre 1964 e\u00a01969, empunhou o microfone da nossa emissora sem fronteiras como rep\u00f3rter. Depois de 1977 a 1984, quando se tornou comentarista, criou os trepidantes, aquela gente, de colete, atr\u00e1s das balizas, que fa\u00e7a, chuva ou sol, tenta traduzir em close para o ouvinte, de forma r\u00e1pida, os detalhes quentes de uma jogada dentro da grande \u00e1rea.\u00a0<\/p>\n<p>Humor tamb\u00e9m foi a marca <a href=\"https:\/\/agenciabrasil.ebc.com.br\/esportes\/noticia\/2024-05\/morre-antero-greco-referencia-do-jornalismo-esportivo-brasileiro\" target=\"_blank\" rel=\"noopener\">Antero Greco<\/a>, jornalista forjado em reda\u00e7\u00f5es de papel e tinta, que levou \u00e0 televis\u00e3o uma an\u00e1lise leve e elegante, sem descuidar da precis\u00e3o das informa\u00e7\u00f5es e do senso cr\u00edtico. O Amig\u00e3o n\u00e3o perdoava os desvarios pol\u00edticos da cartolagem ou dos dirigentes.\u00a0<\/p>\n<p>Todos n\u00f3s, torcedores ou profissionais, que continuaremos a acompanhar as emo\u00e7\u00f5es deste pa\u00eds que pulsa pela pelota, vamos seguir meio-\u00f3rf\u00e3os. Contudo, inspirados pelo exemplo de vidas dedicadas a not\u00edcia da bola. Quanta gente, eu mesmo, n\u00e3o coloquei o p\u00e9 na profiss\u00e3o por conta destes \u00eddolos, admirados dentro e fora das quatro linhas.\u00a0<\/p>\n<p>O grande t\u00e9cnico resolveu convocar os tr\u00eas de uma vez s\u00f3, um c\u00e2mbio triplo, mas sem substitutos \u00e0 altura. Por certo, l\u00e1 nos gramados dos c\u00e9us, anjos de pernas tortas, serafins e querubins ter\u00e3o uma cobertura jamais vista. J\u00e1 n\u00f3s, arquibaldos\u00a0e geraldinos, aguardaremos, em v\u00e3o, novos campe\u00f5es da comunica\u00e7\u00e3o.\u00a0<\/p>\n<\/p><\/div>\n<p><br \/>\n<br \/><a href=\"https:\/\/agenciabrasil.ebc.com.br\/esportes\/noticia\/2024-05\/apolinho-silvio-luiz-e-antero-greco-adeus-aos-craques-do-jornalismo\" rel=\"noopener\">Ag\u00eancia Brasil<\/a><\/p>\n","protected":false},"excerpt":{"rendered":"<p>Olho no lance! As m\u00e1ximas de S\u00edlvio Luiz est\u00e3o na mem\u00f3ria afetiva de quase todo brasileiro, mesmo daqueles que n\u00e3o acompanham o futebol. O narrador nunca gritou gol para emocionar quem estava do outro lado do aparelho da tev\u00ea. Pelas barbas do profeta ou Pelo amor dos meus meninos s\u00e3o express\u00f5es que ainda v\u00e3o ecoar, [&hellip;]<\/p>\n","protected":false},"author":1,"featured_media":269,"comment_status":"open","ping_status":"open","sticky":false,"template":"","format":"standard","meta":{"_jetpack_newsletter_access":"","_jetpack_dont_email_post_to_subs":false,"_jetpack_newsletter_tier_id":0,"_jetpack_memberships_contains_paywalled_content":false,"_mbp_banners":[],"_jetpack_feature_clip_id":0,"_jetpack_memberships_contains_paid_content":false,"footnotes":"","jetpack_publicize_message":"","jetpack_publicize_feature_enabled":true,"jetpack_social_post_already_shared":true,"jetpack_social_options":{"image_generator_settings":{"template":"highway","default_image_id":0,"font":"","enabled":false},"version":2},"jetpack_post_was_ever_published":false},"categories":[23],"tags":[],"class_list":["post-5326","post","type-post","status-publish","format-standard","has-post-thumbnail","category-esportes"],"jetpack_publicize_connections":[],"jetpack-related-posts":[],"jetpack_shortlink":"https:\/\/wp.me\/p7Eq1F-1nU","jetpack_sharing_enabled":true,"jetpack_featured_media_url":"https:\/\/i0.wp.com\/guialimeira.com.br\/news\/wp-content\/uploads\/2024\/03\/thumb_1200x600_agbrasil.png?fit=1200%2C600&ssl=1","_links":{"self":[{"href":"https:\/\/guialimeira.com.br\/news\/wp-json\/wp\/v2\/posts\/5326","targetHints":{"allow":["GET"]}}],"collection":[{"href":"https:\/\/guialimeira.com.br\/news\/wp-json\/wp\/v2\/posts"}],"about":[{"href":"https:\/\/guialimeira.com.br\/news\/wp-json\/wp\/v2\/types\/post"}],"author":[{"embeddable":true,"href":"https:\/\/guialimeira.com.br\/news\/wp-json\/wp\/v2\/users\/1"}],"replies":[{"embeddable":true,"href":"https:\/\/guialimeira.com.br\/news\/wp-json\/wp\/v2\/comments?post=5326"}],"version-history":[{"count":0,"href":"https:\/\/guialimeira.com.br\/news\/wp-json\/wp\/v2\/posts\/5326\/revisions"}],"wp:featuredmedia":[{"embeddable":true,"href":"https:\/\/guialimeira.com.br\/news\/wp-json\/wp\/v2\/media\/269"}],"wp:attachment":[{"href":"https:\/\/guialimeira.com.br\/news\/wp-json\/wp\/v2\/media?parent=5326"}],"wp:term":[{"taxonomy":"category","embeddable":true,"href":"https:\/\/guialimeira.com.br\/news\/wp-json\/wp\/v2\/categories?post=5326"},{"taxonomy":"post_tag","embeddable":true,"href":"https:\/\/guialimeira.com.br\/news\/wp-json\/wp\/v2\/tags?post=5326"}],"curies":[{"name":"wp","href":"https:\/\/api.w.org\/{rel}","templated":true}]}}