{"id":53194,"date":"2026-01-25T19:56:56","date_gmt":"2026-01-25T22:56:56","guid":{"rendered":"https:\/\/guialimeira.com.br\/?p=53194"},"modified":"2026-01-25T19:57:00","modified_gmt":"2026-01-25T22:57:00","slug":"homem-de-52-anos-desaparece-apos-ser-arrastado-pela-correnteza-do-rio-piracicaba","status":"publish","type":"post","link":"https:\/\/guialimeira.com.br\/news\/homem-de-52-anos-desaparece-apos-ser-arrastado-pela-correnteza-do-rio-piracicaba\/","title":{"rendered":"Homem de 52 anos desaparece ap\u00f3s ser arrastado pela correnteza do Rio Piracicaba"},"content":{"rendered":"\n<p class=\"wp-block-paragraph\">O <strong>Corpo de Bombeiros de Piracicaba (SP)<\/strong> realiza, desde a tarde deste <strong>domingo (25)<\/strong>, buscas por um <strong>homem de 52 anos<\/strong>, morador de <strong>Rio Claro<\/strong>, que desapareceu ap\u00f3s entrar no <strong>Rio Piracicaba<\/strong>. Segundo as informa\u00e7\u00f5es iniciais, ele caminhava pela \u00e1gua em um momento de lazer quando acabou sendo <strong>levado pela forte correnteza<\/strong>, vindo a submergir.<\/p>\n\n\n\n<p class=\"wp-block-paragraph\">Apesar de o caso ter ocorrido em um hor\u00e1rio pr\u00f3ximo ao t\u00e9rmino do tradicional <strong>passeio de boias<\/strong> realizado na regi\u00e3o, as autoridades esclareceram que <strong>n\u00e3o h\u00e1 rela\u00e7\u00e3o entre os fatos<\/strong>. O homem n\u00e3o participava do evento e <strong>n\u00e3o utilizava qualquer equipamento de flutua\u00e7\u00e3o<\/strong> no momento do ocorrido, tratando-se de uma situa\u00e7\u00e3o isolada.<\/p>\n\n\n\n<p class=\"wp-block-paragraph\">As equipes de <strong>salvamento aqu\u00e1tico<\/strong> atuam com botes e mergulhadores, concentrando as buscas no ponto onde a v\u00edtima foi vista pela \u00faltima vez. <strong>Familiares<\/strong> acompanham os trabalhos no local e recebem apoio das equipes envolvidas.<\/p>\n\n\n\n<p class=\"wp-block-paragraph\">At\u00e9 o come\u00e7o da noite, o homem <strong>n\u00e3o havia sido localizado<\/strong>. De acordo com o Corpo de Bombeiros, as buscas seguem os procedimentos operacionais e, caso n\u00e3o haja resultado imediato, dever\u00e3o ser <strong>retomadas e intensificadas nas primeiras horas da manh\u00e3 desta segunda-feira (26)<\/strong>.<\/p>\n","protected":false},"excerpt":{"rendered":"<p>O Corpo de Bombeiros de Piracicaba (SP) realiza, desde a tarde deste domingo (25), buscas por um homem de 52 anos, morador de Rio Claro, que desapareceu ap\u00f3s entrar no Rio Piracicaba. Segundo as informa\u00e7\u00f5es iniciais, ele caminhava pela \u00e1gua em um momento de lazer quando acabou sendo levado pela forte correnteza, vindo a submergir.<\/p>\n","protected":false},"author":1,"featured_media":53195,"comment_status":"closed","ping_status":"open","sticky":false,"template":"","format":"standard","meta":{"_jetpack_newsletter_access":"","_jetpack_dont_email_post_to_subs":false,"_jetpack_newsletter_tier_id":0,"_jetpack_memberships_contains_paywalled_content":false,"_mbp_banners":[],"_jetpack_feature_clip_id":0,"_jetpack_memberships_contains_paid_content":false,"footnotes":"","jetpack_publicize_message":"","jetpack_publicize_feature_enabled":true,"jetpack_social_post_already_shared":true,"jetpack_social_options":{"image_generator_settings":{"template":"highway","default_image_id":0,"font":"","enabled":false},"version":2},"jetpack_post_was_ever_published":false},"categories":[20],"tags":[],"class_list":["post-53194","post","type-post","status-publish","format-standard","has-post-thumbnail","category-regiao"],"jetpack_publicize_connections":[],"jetpack-related-posts":[],"jetpack_shortlink":"https:\/\/wp.me\/p7Eq1F-dPY","jetpack_sharing_enabled":true,"jetpack_featured_media_url":"https:\/\/i0.wp.com\/guialimeira.com.br\/news\/wp-content\/uploads\/2026\/01\/boia-flutuando.png?fit=1536%2C1024&ssl=1","_links":{"self":[{"href":"https:\/\/guialimeira.com.br\/news\/wp-json\/wp\/v2\/posts\/53194","targetHints":{"allow":["GET"]}}],"collection":[{"href":"https:\/\/guialimeira.com.br\/news\/wp-json\/wp\/v2\/posts"}],"about":[{"href":"https:\/\/guialimeira.com.br\/news\/wp-json\/wp\/v2\/types\/post"}],"author":[{"embeddable":true,"href":"https:\/\/guialimeira.com.br\/news\/wp-json\/wp\/v2\/users\/1"}],"replies":[{"embeddable":true,"href":"https:\/\/guialimeira.com.br\/news\/wp-json\/wp\/v2\/comments?post=53194"}],"version-history":[{"count":1,"href":"https:\/\/guialimeira.com.br\/news\/wp-json\/wp\/v2\/posts\/53194\/revisions"}],"predecessor-version":[{"id":53196,"href":"https:\/\/guialimeira.com.br\/news\/wp-json\/wp\/v2\/posts\/53194\/revisions\/53196"}],"wp:featuredmedia":[{"embeddable":true,"href":"https:\/\/guialimeira.com.br\/news\/wp-json\/wp\/v2\/media\/53195"}],"wp:attachment":[{"href":"https:\/\/guialimeira.com.br\/news\/wp-json\/wp\/v2\/media?parent=53194"}],"wp:term":[{"taxonomy":"category","embeddable":true,"href":"https:\/\/guialimeira.com.br\/news\/wp-json\/wp\/v2\/categories?post=53194"},{"taxonomy":"post_tag","embeddable":true,"href":"https:\/\/guialimeira.com.br\/news\/wp-json\/wp\/v2\/tags?post=53194"}],"curies":[{"name":"wp","href":"https:\/\/api.w.org\/{rel}","templated":true}]}}