{"id":5316,"date":"2024-05-16T20:47:46","date_gmt":"2024-05-16T23:47:46","guid":{"rendered":"https:\/\/guialimeira.com.br\/2024\/05\/16\/sp-abre-chamamento-publico-para-gestao-e-operacionalizacao-de-equipamentos\/"},"modified":"2024-05-16T20:47:46","modified_gmt":"2024-05-16T23:47:46","slug":"sp-abre-chamamento-publico-para-gestao-e-operacionalizacao-de-equipamentos","status":"publish","type":"post","link":"https:\/\/guialimeira.com.br\/news\/sp-abre-chamamento-publico-para-gestao-e-operacionalizacao-de-equipamentos\/","title":{"rendered":"SP abre chamamento p\u00fablico para gest\u00e3o e operacionaliza\u00e7\u00e3o de equipamentos"},"content":{"rendered":"<p> <br \/>\n<\/p>\n<div id=\"\">&#13;<br \/>\n                                <!-- Title -->&#13;<br \/>\n                                &#13;<br \/>\n&#13;<br \/>\n                                <!-- Excerpt -->&#13;<\/p>\n<p class=\"excerpt\">Organiza\u00e7\u00f5es da Sociedade Civil podem apresentar suas propostas por meio digital<\/p>\n<p>&#13;<br \/>\n&#13;<br \/>\n                                &#13;\n                            <\/p><\/div>\n<div id=\"\">&#13;<\/p>\n<p>A Secretaria de Estado dos Direitos da Pessoa com Defici\u00eancia (SEDPcD) abriu um chamamento p\u00fablico para selecionar Organiza\u00e7\u00f5es da Sociedade Civil (OSC) interessadas em fazer a gest\u00e3o e operacionaliza\u00e7\u00e3o de equipamentos de cultura, informa\u00e7\u00e3o e esporte, na capital paulista. Trata-se de tr\u00eas editais distintos com foco espec\u00edfico em cada tem\u00e1tica.<\/p>\n<p>O primeiro chamamento aberto tem como foco atividades esportivas e culturais a serem realizadas no Parque Estadual Fontes do Ipiranga. As propostas devem ser apresentadas at\u00e9 o dia 20 de maio no Portal de Parcerias Sociais e o edital pode ser conferido <a href=\"https:\/\/www.pessoacomdeficiencia.sp.gov.br\/wp-content\/uploads\/2024\/04\/Edital-de-Chamamento-Publico-001-2024-Publicado.pdf\" rel=\"noopener\">neste link<\/a>. O foco desta a\u00e7\u00e3o \u00e9 enriquecer o oferecimento de atividades no Centro de Tecnologia e Inova\u00e7\u00e3o (CTI), localizado dentro do parque.<\/p>\n<p>Agora com destaque espec\u00edfico para a \u00e1rea cultural, h\u00e1 outro chamamento aberto que visa fortalecer as <a href=\"https:\/\/www.pessoacomdeficiencia.sp.gov.br\/wp-content\/uploads\/2024\/05\/Edital-Chamamento-Publico-003-assinado.pdf\" rel=\"noopener\">a\u00e7\u00f5es museol\u00f3gicas e de acervo de documenta\u00e7\u00e3o do equipamento cultural Museu da Inclus\u00e3o<\/a>, no t\u00e9rreo do pr\u00e9dio da SEDPcD. Esse recebe propostas at\u00e9 7 de junho tamb\u00e9m por meio do Portal de Parcerias Sociais.<\/p>\n<p>O \u00faltimo chamamento diz respeito \u00e0<a href=\"https:\/\/www.pessoacomdeficiencia.sp.gov.br\/wp-content\/uploads\/2024\/05\/Retificacao-Abertura-do-Chamamento.pdf\" rel=\"noopener\"> implementa\u00e7\u00e3o e gest\u00e3o dos Centros de Informa\u00e7\u00e3o \u00e0 Pessoa com Defici\u00eancia<\/a>, que realiza atendimentos personalizados em duas esta\u00e7\u00f5es do Metr\u00f4-SP (Tatuap\u00e9 e Barra Funda). Entre as a\u00e7\u00f5es dos centros est\u00e3o pequenos reparos em cadeiras de rodas e bengalas, fornecimento de informa\u00e7\u00f5es sobre os direitos das pessoas com defici\u00eancia, al\u00e9m de atendimento acess\u00edvel em Libras. Esse chamamento recebe propostas at\u00e9 3 de junho por meio do Portal de Parcerias Sociais.<\/p>\n<p><strong>Como apresentar os projetos<\/strong><\/p>\n<p>As propostas (Plano de Trabalho) dever\u00e3o ser apresentadas pelas Organiza\u00e7\u00f5es da Sociedade Civil at\u00e9 as datas estipuladas nos editais, no Portal de Parcerias Sociais.<\/p>\n<p>Para a submiss\u00e3o de propostas, as OSCs dever\u00e3o efetuar seu cadastro no portal, acessar o link para os chamamentos abertos e selecionar o edital para enviar a proposta.<\/p>\n<p>O Portal de Parcerias Sociais possui um tutorial para orienta\u00e7\u00e3o de como efetuar o cadastro e submeter as propostas, que pode ser acessado\u00a0<a href=\"http:\/\/www.parceriassociais.sp.gov.br\/OSC\/HOME\/MANUAL\" rel=\"noopener\">neste link<\/a>.<\/p>\n<p>Siga o canal \u201cGoverno de S\u00e3o Paulo\u201d no WhatsApp:<br \/><a href=\"https:\/\/bit.ly\/govspnozap\" target=\"_blank\" rel=\"noopener noreferrer\">https:\/\/bit.ly\/govspnozap<\/a><\/p>\n<\/p><\/div>\n<p><br \/>\n<br \/><a href=\"https:\/\/www.saopaulo.sp.gov.br\/spnoticias\/sp-abre-chamamentos-para-gestao-e-operacionalizacao-de-equipamentos\/\" rel=\"noopener\">Informa\u00e7\u00f5es GOV.SP<\/a><\/p>\n","protected":false},"excerpt":{"rendered":"<p>&#13; &#13; &#13; &#13; &#13; Organiza\u00e7\u00f5es da Sociedade Civil podem apresentar suas propostas por meio digital &#13; &#13; &#13; &#13; A Secretaria de Estado dos Direitos da Pessoa com Defici\u00eancia (SEDPcD) abriu um chamamento p\u00fablico para selecionar Organiza\u00e7\u00f5es da Sociedade Civil (OSC) interessadas em fazer a gest\u00e3o e operacionaliza\u00e7\u00e3o de equipamentos de cultura, informa\u00e7\u00e3o e [&hellip;]<\/p>\n","protected":false},"author":1,"featured_media":238,"comment_status":"open","ping_status":"open","sticky":false,"template":"","format":"standard","meta":{"_jetpack_newsletter_access":"","_jetpack_dont_email_post_to_subs":false,"_jetpack_newsletter_tier_id":0,"_jetpack_memberships_contains_paywalled_content":false,"_mbp_banners":[],"_jetpack_feature_clip_id":0,"_jetpack_memberships_contains_paid_content":false,"footnotes":"","jetpack_publicize_message":"","jetpack_publicize_feature_enabled":true,"jetpack_social_post_already_shared":true,"jetpack_social_options":{"image_generator_settings":{"template":"highway","default_image_id":0,"font":"","enabled":false},"version":2},"jetpack_post_was_ever_published":false},"categories":[21],"tags":[],"class_list":["post-5316","post","type-post","status-publish","format-standard","has-post-thumbnail","category-sp-news"],"jetpack_publicize_connections":[],"jetpack-related-posts":[],"jetpack_shortlink":"https:\/\/wp.me\/p7Eq1F-1nK","jetpack_sharing_enabled":true,"jetpack_featured_media_url":"https:\/\/i0.wp.com\/guialimeira.com.br\/news\/wp-content\/uploads\/2024\/03\/cover.png?fit=650%2C650&ssl=1","_links":{"self":[{"href":"https:\/\/guialimeira.com.br\/news\/wp-json\/wp\/v2\/posts\/5316","targetHints":{"allow":["GET"]}}],"collection":[{"href":"https:\/\/guialimeira.com.br\/news\/wp-json\/wp\/v2\/posts"}],"about":[{"href":"https:\/\/guialimeira.com.br\/news\/wp-json\/wp\/v2\/types\/post"}],"author":[{"embeddable":true,"href":"https:\/\/guialimeira.com.br\/news\/wp-json\/wp\/v2\/users\/1"}],"replies":[{"embeddable":true,"href":"https:\/\/guialimeira.com.br\/news\/wp-json\/wp\/v2\/comments?post=5316"}],"version-history":[{"count":0,"href":"https:\/\/guialimeira.com.br\/news\/wp-json\/wp\/v2\/posts\/5316\/revisions"}],"wp:featuredmedia":[{"embeddable":true,"href":"https:\/\/guialimeira.com.br\/news\/wp-json\/wp\/v2\/media\/238"}],"wp:attachment":[{"href":"https:\/\/guialimeira.com.br\/news\/wp-json\/wp\/v2\/media?parent=5316"}],"wp:term":[{"taxonomy":"category","embeddable":true,"href":"https:\/\/guialimeira.com.br\/news\/wp-json\/wp\/v2\/categories?post=5316"},{"taxonomy":"post_tag","embeddable":true,"href":"https:\/\/guialimeira.com.br\/news\/wp-json\/wp\/v2\/tags?post=5316"}],"curies":[{"name":"wp","href":"https:\/\/api.w.org\/{rel}","templated":true}]}}