{"id":531,"date":"2024-03-30T08:08:48","date_gmt":"2024-03-30T11:08:48","guid":{"rendered":"https:\/\/guialimeira.com.br\/2024\/03\/30\/secretario-de-saude-participa-de-reuniao-na-camara-portal-do-municipio-de-piracicaba\/"},"modified":"2024-03-30T08:08:48","modified_gmt":"2024-03-30T11:08:48","slug":"secretario-de-saude-participa-de-reuniao-na-camara-portal-do-municipio-de-piracicaba","status":"publish","type":"post","link":"https:\/\/guialimeira.com.br\/news\/secretario-de-saude-participa-de-reuniao-na-camara-portal-do-municipio-de-piracicaba\/","title":{"rendered":"Secret\u00e1rio de Sa\u00fade participa de reuni\u00e3o na C\u00e2mara \u2013 Portal do Munic\u00edpio de Piracicaba"},"content":{"rendered":"<p> <br \/>\n<\/p>\n<div itemprop=\"articleBody\">\n<div class=\"m-auto col-lg-8\">\n<p>A convite da C\u00e2mara Municipal, o secret\u00e1rio de Sa\u00fade, Augusto Muzilli Junior, participou de reuni\u00e3o na manh\u00e3 desta sexta-feira, 23\/02, com membros da CPI (Comiss\u00e3o Parlamentar de Inqu\u00e9rito) que investiga a morte de uma menina de 5 anos na UPA Vila Cristina, v\u00edtima de picada de escorpi\u00e3o, ocorrida em agosto do ano passado.<\/p>\n<p>Na oportunidade, o secret\u00e1rio sanou d\u00favida dos vereadores sobre o caso e salientou que a Prefeitura de Piracicaba, por meio da sua Corregedoria Municipal, tem sindic\u00e2ncia aberta sobre o caso e que tamb\u00e9m tem prestado todos os esclarecimentos aos processos investigativos que ocorrem em paralelo, como os realizados pelo Minist\u00e9rio P\u00fablico de Piracicaba e Conselhos de Classe (Medicina e Enfermagem). Desta forma, ap\u00f3s a apura\u00e7\u00e3o completa do caso, a Prefeitura aguarda a decis\u00e3o da Justi\u00e7a para tomar as medidas cab\u00edveis.<\/p>\n<\/div>\n<\/div>\n<p><br \/>\n<br \/><a href=\"https:\/\/piracicaba.sp.gov.br\/noticias\/secretario-de-saude-participa-de-reuniao-na-camara\/\" rel=\"noopener\">Informa\u00e7\u00f5es PMP <\/a><\/p>\n","protected":false},"excerpt":{"rendered":"<p>A convite da C\u00e2mara Municipal, o secret\u00e1rio de Sa\u00fade, Augusto Muzilli Junior, participou de reuni\u00e3o na manh\u00e3 desta sexta-feira, 23\/02, com membros da CPI (Comiss\u00e3o Parlamentar de Inqu\u00e9rito) que investiga a morte de uma menina de 5 anos na UPA Vila Cristina, v\u00edtima de picada de escorpi\u00e3o, ocorrida em agosto do ano passado. Na oportunidade, [&hellip;]<\/p>\n","protected":false},"author":1,"featured_media":532,"comment_status":"open","ping_status":"open","sticky":false,"template":"","format":"standard","meta":{"_jetpack_newsletter_access":"","_jetpack_dont_email_post_to_subs":false,"_jetpack_newsletter_tier_id":0,"_jetpack_memberships_contains_paywalled_content":false,"_mbp_banners":[],"_jetpack_feature_clip_id":0,"_jetpack_memberships_contains_paid_content":false,"footnotes":"","jetpack_publicize_message":"","jetpack_publicize_feature_enabled":true,"jetpack_social_post_already_shared":true,"jetpack_social_options":{"image_generator_settings":{"template":"highway","default_image_id":0,"font":"","enabled":false},"version":2},"jetpack_post_was_ever_published":false},"categories":[20],"tags":[],"class_list":["post-531","post","type-post","status-publish","format-standard","has-post-thumbnail","category-regiao"],"jetpack_publicize_connections":[],"jetpack-related-posts":[],"jetpack_shortlink":"https:\/\/wp.me\/p7Eq1F-8z","jetpack_sharing_enabled":true,"jetpack_featured_media_url":"https:\/\/i0.wp.com\/guialimeira.com.br\/news\/wp-content\/uploads\/2024\/03\/brasao.png?fit=512%2C512&ssl=1","_links":{"self":[{"href":"https:\/\/guialimeira.com.br\/news\/wp-json\/wp\/v2\/posts\/531","targetHints":{"allow":["GET"]}}],"collection":[{"href":"https:\/\/guialimeira.com.br\/news\/wp-json\/wp\/v2\/posts"}],"about":[{"href":"https:\/\/guialimeira.com.br\/news\/wp-json\/wp\/v2\/types\/post"}],"author":[{"embeddable":true,"href":"https:\/\/guialimeira.com.br\/news\/wp-json\/wp\/v2\/users\/1"}],"replies":[{"embeddable":true,"href":"https:\/\/guialimeira.com.br\/news\/wp-json\/wp\/v2\/comments?post=531"}],"version-history":[{"count":0,"href":"https:\/\/guialimeira.com.br\/news\/wp-json\/wp\/v2\/posts\/531\/revisions"}],"wp:featuredmedia":[{"embeddable":true,"href":"https:\/\/guialimeira.com.br\/news\/wp-json\/wp\/v2\/media\/532"}],"wp:attachment":[{"href":"https:\/\/guialimeira.com.br\/news\/wp-json\/wp\/v2\/media?parent=531"}],"wp:term":[{"taxonomy":"category","embeddable":true,"href":"https:\/\/guialimeira.com.br\/news\/wp-json\/wp\/v2\/categories?post=531"},{"taxonomy":"post_tag","embeddable":true,"href":"https:\/\/guialimeira.com.br\/news\/wp-json\/wp\/v2\/tags?post=531"}],"curies":[{"name":"wp","href":"https:\/\/api.w.org\/{rel}","templated":true}]}}