{"id":53086,"date":"2026-01-24T11:09:12","date_gmt":"2026-01-24T14:09:12","guid":{"rendered":"https:\/\/guialimeira.com.br\/?p=53086"},"modified":"2026-01-24T11:09:15","modified_gmt":"2026-01-24T14:09:15","slug":"isabelly-carvalho-visita-secretaria-da-saude-e-discute-demandas-prioritarias-com-alexandre-ferrari","status":"publish","type":"post","link":"https:\/\/guialimeira.com.br\/news\/isabelly-carvalho-visita-secretaria-da-saude-e-discute-demandas-prioritarias-com-alexandre-ferrari\/","title":{"rendered":"Isabelly Carvalho visita Secretaria da Sa\u00fade e discute demandas priorit\u00e1rias com Alexandre Ferrari"},"content":{"rendered":"\n<p class=\"wp-block-paragraph\">A vereadora <strong>Isabelly Carvalho<\/strong> (PT) realizou, <strong>nesta quarta-feira, 21 de janeiro<\/strong>, uma <strong>visita institucional \u00e0 Secretaria Municipal de Sa\u00fade<\/strong> de <strong>Limeira<\/strong>, onde se reuniu com o secret\u00e1rio <strong>Alexandre Ferrari<\/strong>. O encontro teve como objetivo acompanhar de perto o funcionamento da rede municipal e tratar de <strong>demandas consideradas priorit\u00e1rias<\/strong> para a \u00e1rea.<\/p>\n\n\n\n<p class=\"wp-block-paragraph\">Durante a reuni\u00e3o, a parlamentar buscou informa\u00e7\u00f5es detalhadas sobre a organiza\u00e7\u00e3o dos servi\u00e7os e os desafios enfrentados pela pasta, al\u00e9m de apresentar preocupa\u00e7\u00f5es levantadas por usu\u00e1rios do sistema p\u00fablico de sa\u00fade.<\/p>\n\n\n\n<h2 class=\"wp-block-heading\">Aten\u00e7\u00e3o b\u00e1sica, sa\u00fade mental e popula\u00e7\u00e3o LGBTQIA+<\/h2>\n\n\n\n<p class=\"wp-block-paragraph\">Entre os principais temas abordados estiveram o fortalecimento da <strong>aten\u00e7\u00e3o b\u00e1sica<\/strong>, a amplia\u00e7\u00e3o das pol\u00edticas voltadas \u00e0 <strong>sa\u00fade da popula\u00e7\u00e3o LGBTQIA+<\/strong> e as a\u00e7\u00f5es relacionadas \u00e0 <strong>sa\u00fade mental<\/strong>. Segundo Isabelly Carvalho, s\u00e3o \u00e1reas que exigem aten\u00e7\u00e3o cont\u00ednua do poder p\u00fablico, tanto pela alta demanda quanto pela complexidade dos atendimentos.<\/p>\n\n\n\n<p class=\"wp-block-paragraph\">A vereadora destacou a import\u00e2ncia da aten\u00e7\u00e3o b\u00e1sica como porta de entrada do sistema de sa\u00fade, defendendo investimentos que garantam equipes completas, estrutura adequada e acesso facilitado aos servi\u00e7os nos bairros.<\/p>\n\n\n\n<h2 class=\"wp-block-heading\">Di\u00e1logo e acompanhamento das pol\u00edticas p\u00fablicas<\/h2>\n\n\n\n<p class=\"wp-block-paragraph\">No encontro, Alexandre Ferrari apresentou informa\u00e7\u00f5es sobre o funcionamento da rede municipal, projetos em andamento e perspectivas para os pr\u00f3ximos meses. A reuni\u00e3o tamb\u00e9m serviu para alinhar entendimentos e refor\u00e7ar a necessidade de <strong>integra\u00e7\u00e3o entre o Legislativo e o Executivo<\/strong> na constru\u00e7\u00e3o de solu\u00e7\u00f5es para a sa\u00fade p\u00fablica.<\/p>\n\n\n\n<p class=\"wp-block-paragraph\">Isabelly Carvalho ressaltou que o di\u00e1logo direto com a Secretaria \u00e9 fundamental para exercer o papel fiscalizador do mandato e contribuir com propostas que melhorem o atendimento \u00e0 popula\u00e7\u00e3o.<\/p>\n\n\n\n<h2 class=\"wp-block-heading\">Compromisso com a sa\u00fade p\u00fablica<\/h2>\n\n\n\n<p class=\"wp-block-paragraph\">A parlamentar afirmou que seguir\u00e1 acompanhando as a\u00e7\u00f5es da Secretaria Municipal de Sa\u00fade e mantendo contato com profissionais e usu\u00e1rios do sistema. \u201c\u00c9 fundamental ouvir quem est\u00e1 na ponta e entender como as pol\u00edticas p\u00fablicas est\u00e3o sendo aplicadas na pr\u00e1tica\u201d, destacou.<\/p>\n\n\n\n<p class=\"wp-block-paragraph\">A visita institucional refor\u00e7a o compromisso do mandato com a <strong>defesa do Sistema \u00danico de Sa\u00fade (SUS)<\/strong> e com a amplia\u00e7\u00e3o de pol\u00edticas que promovam atendimento humanizado, inclusivo e eficiente para todos os cidad\u00e3os de Limeira.<\/p>\n\n\n\n<h2 class=\"wp-block-heading\">Pr\u00f3ximos passos<\/h2>\n\n\n\n<p class=\"wp-block-paragraph\">Ao final do encontro, ficou definido que novos di\u00e1logos poder\u00e3o ocorrer para aprofundar temas espec\u00edficos e acompanhar a evolu\u00e7\u00e3o das demandas apresentadas. A expectativa \u00e9 que o contato permanente entre vereadora e Secretaria contribua para avan\u00e7os concretos na \u00e1rea da sa\u00fade no munic\u00edpio.<\/p>\n","protected":false},"excerpt":{"rendered":"<p>A vereadora Isabelly Carvalho (PT) realizou, nesta quarta-feira, 21 de janeiro, uma visita institucional \u00e0 Secretaria Municipal de Sa\u00fade de Limeira, onde se reuniu com o secret\u00e1rio Alexandre Ferrari. O encontro teve como objetivo acompanhar de perto o funcionamento da rede municipal e tratar de demandas consideradas priorit\u00e1rias para a \u00e1rea.<\/p>\n","protected":false},"author":1,"featured_media":53087,"comment_status":"closed","ping_status":"open","sticky":false,"template":"","format":"standard","meta":{"_jetpack_newsletter_access":"","_jetpack_dont_email_post_to_subs":false,"_jetpack_newsletter_tier_id":0,"_jetpack_memberships_contains_paywalled_content":false,"_mbp_banners":[],"_jetpack_feature_clip_id":0,"_jetpack_memberships_contains_paid_content":false,"footnotes":"","jetpack_publicize_message":"","jetpack_publicize_feature_enabled":true,"jetpack_social_post_already_shared":true,"jetpack_social_options":{"image_generator_settings":{"template":"highway","default_image_id":0,"font":"","enabled":false},"version":2},"jetpack_post_was_ever_published":false},"categories":[16,19],"tags":[],"class_list":["post-53086","post","type-post","status-publish","format-standard","has-post-thumbnail","category-local","category-politica"],"jetpack_publicize_connections":[],"jetpack-related-posts":[],"jetpack_shortlink":"https:\/\/wp.me\/p7Eq1F-dOe","jetpack_sharing_enabled":true,"jetpack_featured_media_url":"https:\/\/i0.wp.com\/guialimeira.com.br\/news\/wp-content\/uploads\/2026\/01\/619904275_1332342948935789_2770928551792010501_n.jpg?fit=1280%2C640&ssl=1","_links":{"self":[{"href":"https:\/\/guialimeira.com.br\/news\/wp-json\/wp\/v2\/posts\/53086","targetHints":{"allow":["GET"]}}],"collection":[{"href":"https:\/\/guialimeira.com.br\/news\/wp-json\/wp\/v2\/posts"}],"about":[{"href":"https:\/\/guialimeira.com.br\/news\/wp-json\/wp\/v2\/types\/post"}],"author":[{"embeddable":true,"href":"https:\/\/guialimeira.com.br\/news\/wp-json\/wp\/v2\/users\/1"}],"replies":[{"embeddable":true,"href":"https:\/\/guialimeira.com.br\/news\/wp-json\/wp\/v2\/comments?post=53086"}],"version-history":[{"count":1,"href":"https:\/\/guialimeira.com.br\/news\/wp-json\/wp\/v2\/posts\/53086\/revisions"}],"predecessor-version":[{"id":53088,"href":"https:\/\/guialimeira.com.br\/news\/wp-json\/wp\/v2\/posts\/53086\/revisions\/53088"}],"wp:featuredmedia":[{"embeddable":true,"href":"https:\/\/guialimeira.com.br\/news\/wp-json\/wp\/v2\/media\/53087"}],"wp:attachment":[{"href":"https:\/\/guialimeira.com.br\/news\/wp-json\/wp\/v2\/media?parent=53086"}],"wp:term":[{"taxonomy":"category","embeddable":true,"href":"https:\/\/guialimeira.com.br\/news\/wp-json\/wp\/v2\/categories?post=53086"},{"taxonomy":"post_tag","embeddable":true,"href":"https:\/\/guialimeira.com.br\/news\/wp-json\/wp\/v2\/tags?post=53086"}],"curies":[{"name":"wp","href":"https:\/\/api.w.org\/{rel}","templated":true}]}}