{"id":5307,"date":"2024-05-16T19:46:47","date_gmt":"2024-05-16T22:46:47","guid":{"rendered":"https:\/\/guialimeira.com.br\/2024\/05\/16\/governo-de-sp-reforca-estrutura-estadual-de-ensino-com-nova-escola-em-tejupa\/"},"modified":"2024-05-16T19:46:47","modified_gmt":"2024-05-16T22:46:47","slug":"governo-de-sp-reforca-estrutura-estadual-de-ensino-com-nova-escola-em-tejupa","status":"publish","type":"post","link":"https:\/\/guialimeira.com.br\/news\/governo-de-sp-reforca-estrutura-estadual-de-ensino-com-nova-escola-em-tejupa\/","title":{"rendered":"Governo de SP refor\u00e7a estrutura estadual de ensino com nova escola em Tejup\u00e1"},"content":{"rendered":"<p> <br \/>\n<\/p>\n<div id=\"\">&#13;<br \/>\n                                <!-- Title -->&#13;<br \/>\n                                &#13;<br \/>\n&#13;<br \/>\n                                <!-- Excerpt -->&#13;<\/p>\n<p class=\"excerpt\">Unidade inaugurada pelo governador em exerc\u00edcio Felicio Ramuth atende a 210 estudantes dos anos finais do Ensino M\u00e9dio e Fundamental<\/p>\n<p>&#13;<br \/>\n&#13;<br \/>\n                                &#13;\n                            <\/p><\/div>\n<div id=\"\">&#13;<\/p>\n<figure id=\"attachment_5886008\" style=\"width: 100%;max-width: 772px\" class=\"wp-caption alignnone\"><img data-recalc-dims=\"1\" decoding=\"async\" loading=\"lazy\" class=\"wp-image-5886008\" src=\"https:\/\/i0.wp.com\/www.saopaulo.sp.gov.br\/wp-content\/uploads\/2024\/05\/escola-em-Tejupa-300x200.jpg?resize=696%2C464&#038;ssl=1\" alt=\"\" width=\"696\" height=\"464\" srcset=\"https:\/\/www.saopaulo.sp.gov.br\/wp-content\/uploads\/2024\/05\/escola-em-Tejupa-300x200.jpg 300w, https:\/\/www.saopaulo.sp.gov.br\/wp-content\/uploads\/2024\/05\/escola-em-Tejupa-1024x684.jpg 1024w, https:\/\/www.saopaulo.sp.gov.br\/wp-content\/uploads\/2024\/05\/escola-em-Tejupa-768x513.jpg 768w, https:\/\/www.saopaulo.sp.gov.br\/wp-content\/uploads\/2024\/05\/escola-em-Tejupa-1536x1025.jpg 1536w, https:\/\/www.saopaulo.sp.gov.br\/wp-content\/uploads\/2024\/05\/escola-em-Tejupa.jpg 2048w\" sizes=\"auto, (max-width: 772px) 100vw, 772px\"\/><figcaption class=\"wp-caption-text\">Escola em Tepuj\u00e1, interior de S\u00e3o Paulo<\/figcaption><\/figure>\n<p>A cidade de Tejup\u00e1, no sudoeste de S\u00e3o Paulo, foi <a href=\"https:\/\/www.saopaulo.sp.gov.br\/spnoticias\/ultimas-noticias\/governo-de-sp-entrega-10-obras-em-escolas-em-15-dias\/\" rel=\"noopener\">mais um munic\u00edpio paulista beneficiado pelo compromisso da atual gest\u00e3o de ampliar os investimentos na Educa\u00e7\u00e3o do estado<\/a>. Nesta quinta-feira (16), o governador em exerc\u00edcio Felicio Ramuth esteve no munic\u00edpio para a inaugura\u00e7\u00e3o oficial da Escola Estadual Professora Isabel Cristina F\u00e1varo Palma. A unidade atende a 210 estudantes dos anos finais do Ensino Fundamental e M\u00e9dio.<\/p>\n<p>\u201c\u00c9 um privil\u00e9gio estar aqui com o futuro dessa cidade, do nosso estado e do nosso pa\u00eds. A educa\u00e7\u00e3o \u00e9 algo transformador na vida das pessoas. Assim que assumimos o governo, o nosso governador Tarc\u00edsio colocou a Educa\u00e7\u00e3o como prioridade\u201d, afirmou Felicio. \u201cEstamos sempre com novos investimentos, novas obras e recupera\u00e7\u00e3o de infraestrutura, al\u00e9m de fazer com que nossas crian\u00e7as possam estar sempre perto do que h\u00e1 de mais moderno em inova\u00e7\u00e3o e tecnologia para o ensino\u201d, acrescentou.<\/p>\n<p>A cerim\u00f4nia de entrega foi acompanhada pelo presidente da Funda\u00e7\u00e3o para o Desenvolvimento da Educa\u00e7\u00e3o (FDE), Jean Pierre Neto, pela dirigente regional de ensino da regi\u00e3o de Piraju, Elaine Maria Nocera Kaizer, parlamentares, gestores, professores da rede estadual e alunos da institui\u00e7\u00e3o de ensino.<\/p>\n<p>Com investimento de R$ 5,5 milh\u00f5es, a constru\u00e7\u00e3o da escola foi uma parceria entre a Secretaria da Educa\u00e7\u00e3o do Estado de S\u00e3o Paulo (Seduc-SP) e a prefeitura local. S\u00e3o mais de 2.200 m\u00b2 de \u00e1rea constru\u00edda, seis salas de aula, sala de inform\u00e1tica, cantina e quadra poliesportiva para os alunos.<\/p>\n<p>\u201cConcluir essa obra, t\u00e3o esperada por estudantes e alunos da unidade escolar, \u00e9 prover uma \u2018casa nova\u2019, com infraestrutura adequada para o desenvolvimento pleno do potencial dos alunos. E \u00e9 esse o objetivo do Governo do Estado, que j\u00e1 investiu quase R$ 1 bilh\u00e3o em constru\u00e7\u00f5es e revitaliza\u00e7\u00f5es de equipamentos escolares em 16 meses de gest\u00e3o\u201d, afirmou Jean Pierre Neto,<\/p>\n<p><strong>Obras pelo estado <\/strong><\/p>\n<p>O Governo de S\u00e3o Paulo entregou 1.071 obras em escolas em 16 meses de gest\u00e3o. Ao todo, foram investidos R$ 907,7 milh\u00f5es, que beneficiaram 584 mil alunos com reformas de quadras, cozinhas, refeit\u00f3rios e salas de aula, al\u00e9m da revitaliza\u00e7\u00e3o de fachadas e interven\u00e7\u00f5es em telhados e adequa\u00e7\u00f5es de acessibilidade. Tamb\u00e9m foram constru\u00eddas 34 novas creches, com or\u00e7amento superior a R$ 62,5 milh\u00f5es e cria\u00e7\u00e3o de 4.340 vagas.<\/p>\n<figure id=\"attachment_5886009\" style=\"width: 100%;max-width: 772px\" class=\"wp-caption alignnone\"><img data-recalc-dims=\"1\" decoding=\"async\" loading=\"lazy\" class=\"wp-image-5886009\" src=\"https:\/\/i0.wp.com\/www.saopaulo.sp.gov.br\/wp-content\/uploads\/2024\/05\/Falicio-em-Tejupa-300x200.jpg?resize=696%2C464&#038;ssl=1\" alt=\"\" width=\"696\" height=\"464\" srcset=\"https:\/\/www.saopaulo.sp.gov.br\/wp-content\/uploads\/2024\/05\/Falicio-em-Tejupa-300x200.jpg 300w, https:\/\/www.saopaulo.sp.gov.br\/wp-content\/uploads\/2024\/05\/Falicio-em-Tejupa-1024x683.jpg 1024w, https:\/\/www.saopaulo.sp.gov.br\/wp-content\/uploads\/2024\/05\/Falicio-em-Tejupa-768x512.jpg 768w, https:\/\/www.saopaulo.sp.gov.br\/wp-content\/uploads\/2024\/05\/Falicio-em-Tejupa-1536x1024.jpg 1536w, https:\/\/www.saopaulo.sp.gov.br\/wp-content\/uploads\/2024\/05\/Falicio-em-Tejupa.jpg 2048w\" sizes=\"auto, (max-width: 772px) 100vw, 772px\"\/><figcaption class=\"wp-caption-text\">Cerim\u00f4nia com o governador em exerc\u00edcio foi acompanhado pelos estudantes<\/figcaption><\/figure>\n<\/p><\/div>\n<p><br \/>\n<br \/><a href=\"https:\/\/www.saopaulo.sp.gov.br\/spnoticias\/ultimas-noticias\/governo-de-sp-reforca-estrutura-estadual-de-ensino-com-nova-escola-em-tejupa\/\" rel=\"noopener\">Informa\u00e7\u00f5es GOV.SP<\/a><\/p>\n","protected":false},"excerpt":{"rendered":"<p>&#13; &#13; &#13; &#13; &#13; Unidade inaugurada pelo governador em exerc\u00edcio Felicio Ramuth atende a 210 estudantes dos anos finais do Ensino M\u00e9dio e Fundamental &#13; &#13; &#13; &#13; Escola em Tepuj\u00e1, interior de S\u00e3o Paulo A cidade de Tejup\u00e1, no sudoeste de S\u00e3o Paulo, foi mais um munic\u00edpio paulista beneficiado pelo compromisso da atual [&hellip;]<\/p>\n","protected":false},"author":1,"featured_media":5308,"comment_status":"open","ping_status":"open","sticky":false,"template":"","format":"standard","meta":{"_jetpack_newsletter_access":"","_jetpack_dont_email_post_to_subs":false,"_jetpack_newsletter_tier_id":0,"_jetpack_memberships_contains_paywalled_content":false,"_mbp_banners":[],"_jetpack_feature_clip_id":0,"_jetpack_memberships_contains_paid_content":false,"footnotes":"","jetpack_publicize_message":"","jetpack_publicize_feature_enabled":true,"jetpack_social_post_already_shared":true,"jetpack_social_options":{"image_generator_settings":{"template":"highway","default_image_id":0,"font":"","enabled":false},"version":2},"jetpack_post_was_ever_published":false},"categories":[21],"tags":[],"class_list":["post-5307","post","type-post","status-publish","format-standard","has-post-thumbnail","category-sp-news"],"jetpack_publicize_connections":[],"jetpack-related-posts":[],"jetpack_shortlink":"https:\/\/wp.me\/p7Eq1F-1nB","jetpack_sharing_enabled":true,"jetpack_featured_media_url":"https:\/\/i0.wp.com\/guialimeira.com.br\/news\/wp-content\/uploads\/2024\/05\/Governo-de-SP-reforca-estrutura-estadual-de-ensino-com-nova.jpg?fit=300%2C200&ssl=1","_links":{"self":[{"href":"https:\/\/guialimeira.com.br\/news\/wp-json\/wp\/v2\/posts\/5307","targetHints":{"allow":["GET"]}}],"collection":[{"href":"https:\/\/guialimeira.com.br\/news\/wp-json\/wp\/v2\/posts"}],"about":[{"href":"https:\/\/guialimeira.com.br\/news\/wp-json\/wp\/v2\/types\/post"}],"author":[{"embeddable":true,"href":"https:\/\/guialimeira.com.br\/news\/wp-json\/wp\/v2\/users\/1"}],"replies":[{"embeddable":true,"href":"https:\/\/guialimeira.com.br\/news\/wp-json\/wp\/v2\/comments?post=5307"}],"version-history":[{"count":0,"href":"https:\/\/guialimeira.com.br\/news\/wp-json\/wp\/v2\/posts\/5307\/revisions"}],"wp:featuredmedia":[{"embeddable":true,"href":"https:\/\/guialimeira.com.br\/news\/wp-json\/wp\/v2\/media\/5308"}],"wp:attachment":[{"href":"https:\/\/guialimeira.com.br\/news\/wp-json\/wp\/v2\/media?parent=5307"}],"wp:term":[{"taxonomy":"category","embeddable":true,"href":"https:\/\/guialimeira.com.br\/news\/wp-json\/wp\/v2\/categories?post=5307"},{"taxonomy":"post_tag","embeddable":true,"href":"https:\/\/guialimeira.com.br\/news\/wp-json\/wp\/v2\/tags?post=5307"}],"curies":[{"name":"wp","href":"https:\/\/api.w.org\/{rel}","templated":true}]}}