{"id":53033,"date":"2026-01-23T18:32:40","date_gmt":"2026-01-23T21:32:40","guid":{"rendered":"https:\/\/guialimeira.com.br\/?p=53033"},"modified":"2026-01-23T18:32:43","modified_gmt":"2026-01-23T21:32:43","slug":"mariana-calsa-solicita-reajuste-do-piso-do-magisterio-a-prefeitura-de-limeira","status":"publish","type":"post","link":"https:\/\/guialimeira.com.br\/news\/mariana-calsa-solicita-reajuste-do-piso-do-magisterio-a-prefeitura-de-limeira\/","title":{"rendered":"Mariana Calsa solicita reajuste do piso do magist\u00e9rio \u00e0 Prefeitura de Limeira"},"content":{"rendered":"\n<p class=\"wp-block-paragraph\">A vereadora <strong>Mariana Calsa<\/strong> (MDB) protocolou, <strong>nesta sexta-feira, 23 de janeiro<\/strong>, um of\u00edcio solicitando \u00e0 <strong>Prefeitura de Limeira<\/strong> a atualiza\u00e7\u00e3o do <strong>piso salarial do magist\u00e9rio p\u00fablico da educa\u00e7\u00e3o b\u00e1sica<\/strong>. O pedido foi encaminhado ao prefeito <strong>Murilo F\u00e9lix<\/strong> (Podemos) e ao secret\u00e1rio municipal de Educa\u00e7\u00e3o, <strong>Antonio Montesano<\/strong>.<\/p>\n\n\n\n<p class=\"wp-block-paragraph\">A parlamentar defende que o munic\u00edpio adote a corre\u00e7\u00e3o prevista na <strong>Medida Provis\u00f3ria n\u00ba 1.334\/2026<\/strong>, anunciada pelo Governo Federal no \u00faltimo <strong>dia 21 de janeiro<\/strong>, que estabelece reajuste de <strong>5,4%<\/strong> no piso nacional da categoria.<\/p>\n\n\n\n<h2 class=\"wp-block-heading\">Reajuste previsto em medida federal<\/h2>\n\n\n\n<p class=\"wp-block-paragraph\">Com a atualiza\u00e7\u00e3o proposta, o piso salarial dos professores da educa\u00e7\u00e3o b\u00e1sica, para uma <strong>jornada de 40 horas semanais<\/strong>, passar\u00e1 de <strong>R$ 4.867,77 para R$ 5.130,63<\/strong>. Segundo Mariana Calsa, a adequa\u00e7\u00e3o \u00e9 necess\u00e1ria para garantir o cumprimento da legisla\u00e7\u00e3o federal e valorizar os profissionais que atuam na rede p\u00fablica de ensino.<\/p>\n\n\n\n<p class=\"wp-block-paragraph\">No of\u00edcio, a vereadora ressalta que o piso nacional do magist\u00e9rio \u00e9 um <strong>direito assegurado por lei<\/strong> e que a aplica\u00e7\u00e3o do reajuste representa um reconhecimento ao trabalho desempenhado pelos educadores.<\/p>\n\n\n\n<h2 class=\"wp-block-heading\">Valoriza\u00e7\u00e3o dos profissionais da educa\u00e7\u00e3o<\/h2>\n\n\n\n<p class=\"wp-block-paragraph\">Para Mariana Calsa, a atualiza\u00e7\u00e3o salarial vai al\u00e9m do aspecto financeiro. \u201cValorizar o magist\u00e9rio \u00e9 investir diretamente na qualidade da educa\u00e7\u00e3o. Professores valorizados t\u00eam melhores condi\u00e7\u00f5es de trabalho e isso reflete no aprendizado dos alunos\u201d, destacou a parlamentar.<\/p>\n\n\n\n<p class=\"wp-block-paragraph\">Ela tamb\u00e9m pontuou que a ado\u00e7\u00e3o do novo piso demonstra respeito aos profissionais da educa\u00e7\u00e3o b\u00e1sica, que desempenham papel fundamental na forma\u00e7\u00e3o das crian\u00e7as e jovens do munic\u00edpio.<\/p>\n\n\n\n<h2 class=\"wp-block-heading\">An\u00e1lise pelo Executivo<\/h2>\n\n\n\n<p class=\"wp-block-paragraph\">A solicita\u00e7\u00e3o agora ser\u00e1 analisada pelo Executivo municipal, que dever\u00e1 avaliar os impactos or\u00e7ament\u00e1rios e a viabilidade da aplica\u00e7\u00e3o do reajuste na folha de pagamento da rede municipal de ensino. A vereadora afirmou que acompanhar\u00e1 o andamento do pedido junto \u00e0 Prefeitura e \u00e0 Secretaria de Educa\u00e7\u00e3o.<\/p>\n\n\n\n<p class=\"wp-block-paragraph\">Mariana Calsa refor\u00e7ou ainda que seguir\u00e1 dialogando com o governo municipal para garantir que Limeira esteja alinhada \u00e0s diretrizes nacionais e continue avan\u00e7ando na valoriza\u00e7\u00e3o da educa\u00e7\u00e3o p\u00fablica.<\/p>\n\n\n\n<h2 class=\"wp-block-heading\">Pr\u00f3ximos encaminhamentos<\/h2>\n\n\n\n<p class=\"wp-block-paragraph\">Caso o reajuste seja adotado, a atualiza\u00e7\u00e3o do piso poder\u00e1 beneficiar diretamente os professores da rede municipal, contribuindo para a valoriza\u00e7\u00e3o da carreira docente em <strong>Limeira<\/strong>. A expectativa \u00e9 que o tema seja debatido nos pr\u00f3ximos dias entre a administra\u00e7\u00e3o municipal e os representantes da educa\u00e7\u00e3o.<\/p>\n","protected":false},"excerpt":{"rendered":"<p>A vereadora Mariana Calsa (MDB) protocolou, nesta sexta-feira, 23 de janeiro, um of\u00edcio solicitando \u00e0 Prefeitura de Limeira a atualiza\u00e7\u00e3o do piso salarial do magist\u00e9rio p\u00fablico da educa\u00e7\u00e3o b\u00e1sica. O pedido foi encaminhado ao prefeito Murilo F\u00e9lix (Podemos) e ao secret\u00e1rio municipal de Educa\u00e7\u00e3o, Antonio Montesano.<\/p>\n","protected":false},"author":1,"featured_media":53034,"comment_status":"closed","ping_status":"open","sticky":false,"template":"","format":"standard","meta":{"_jetpack_newsletter_access":"","_jetpack_dont_email_post_to_subs":false,"_jetpack_newsletter_tier_id":0,"_jetpack_memberships_contains_paywalled_content":false,"_mbp_banners":[],"_jetpack_feature_clip_id":0,"_jetpack_memberships_contains_paid_content":false,"footnotes":"","jetpack_publicize_message":"","jetpack_publicize_feature_enabled":true,"jetpack_social_post_already_shared":true,"jetpack_social_options":{"image_generator_settings":{"template":"highway","default_image_id":0,"font":"","enabled":false},"version":2},"jetpack_post_was_ever_published":false},"categories":[16,19],"tags":[],"class_list":["post-53033","post","type-post","status-publish","format-standard","has-post-thumbnail","category-local","category-politica"],"jetpack_publicize_connections":[],"jetpack-related-posts":[],"jetpack_shortlink":"https:\/\/wp.me\/p7Eq1F-dNn","jetpack_sharing_enabled":true,"jetpack_featured_media_url":"https:\/\/i0.wp.com\/guialimeira.com.br\/news\/wp-content\/uploads\/2026\/01\/619997469_1332395648930519_1318618815757054613_n.jpg?fit=2048%2C1152&ssl=1","_links":{"self":[{"href":"https:\/\/guialimeira.com.br\/news\/wp-json\/wp\/v2\/posts\/53033","targetHints":{"allow":["GET"]}}],"collection":[{"href":"https:\/\/guialimeira.com.br\/news\/wp-json\/wp\/v2\/posts"}],"about":[{"href":"https:\/\/guialimeira.com.br\/news\/wp-json\/wp\/v2\/types\/post"}],"author":[{"embeddable":true,"href":"https:\/\/guialimeira.com.br\/news\/wp-json\/wp\/v2\/users\/1"}],"replies":[{"embeddable":true,"href":"https:\/\/guialimeira.com.br\/news\/wp-json\/wp\/v2\/comments?post=53033"}],"version-history":[{"count":1,"href":"https:\/\/guialimeira.com.br\/news\/wp-json\/wp\/v2\/posts\/53033\/revisions"}],"predecessor-version":[{"id":53035,"href":"https:\/\/guialimeira.com.br\/news\/wp-json\/wp\/v2\/posts\/53033\/revisions\/53035"}],"wp:featuredmedia":[{"embeddable":true,"href":"https:\/\/guialimeira.com.br\/news\/wp-json\/wp\/v2\/media\/53034"}],"wp:attachment":[{"href":"https:\/\/guialimeira.com.br\/news\/wp-json\/wp\/v2\/media?parent=53033"}],"wp:term":[{"taxonomy":"category","embeddable":true,"href":"https:\/\/guialimeira.com.br\/news\/wp-json\/wp\/v2\/categories?post=53033"},{"taxonomy":"post_tag","embeddable":true,"href":"https:\/\/guialimeira.com.br\/news\/wp-json\/wp\/v2\/tags?post=53033"}],"curies":[{"name":"wp","href":"https:\/\/api.w.org\/{rel}","templated":true}]}}