{"id":53027,"date":"2026-01-23T17:55:05","date_gmt":"2026-01-23T20:55:05","guid":{"rendered":"https:\/\/guialimeira.com.br\/?p=53027"},"modified":"2026-01-23T17:55:08","modified_gmt":"2026-01-23T20:55:08","slug":"helder-do-taxi-pede-uso-de-emenda-parlamentar-para-reforcar-manutencao-de-estradas-rurais-em-limeira","status":"publish","type":"post","link":"https:\/\/guialimeira.com.br\/news\/helder-do-taxi-pede-uso-de-emenda-parlamentar-para-reforcar-manutencao-de-estradas-rurais-em-limeira\/","title":{"rendered":"Helder do T\u00e1xi pede uso de emenda parlamentar para refor\u00e7ar manuten\u00e7\u00e3o de estradas rurais em Limeira"},"content":{"rendered":"\n<p class=\"wp-block-paragraph\">O vereador <strong>Helder do T\u00e1xi<\/strong> (PSD) solicitou \u00e0 <strong>Prefeitura de Limeira<\/strong> a utiliza\u00e7\u00e3o de uma <strong>emenda parlamentar no valor de R$ 200 mil<\/strong> para refor\u00e7ar os servi\u00e7os de manuten\u00e7\u00e3o das estradas rurais do munic\u00edpio. O pedido foi formalizado <strong>nesta quinta-feira, 22 de janeiro<\/strong>, por meio do <strong>Of\u00edcio n\u00ba 10\/2026<\/strong>, protocolado sob o n\u00famero <strong>2.693\/2026<\/strong>, e encaminhado ao prefeito <strong>Murilo F\u00e9lix<\/strong> (Podemos).<\/p>\n\n\n\n<p class=\"wp-block-paragraph\">Segundo o parlamentar, o recurso foi destinado com o objetivo de <strong>ampliar a capacidade operacional<\/strong> da Prefeitura na conserva\u00e7\u00e3o das vias rurais, com um pedido espec\u00edfico para a <strong>contrata\u00e7\u00e3o de mais uma equipe<\/strong> dedicada a esse tipo de servi\u00e7o.<\/p>\n\n\n\n<h2 class=\"wp-block-heading\">Refor\u00e7o para atender demandas da zona rural<\/h2>\n\n\n\n<p class=\"wp-block-paragraph\">De acordo com Helder do T\u00e1xi, a manuten\u00e7\u00e3o das estradas rurais \u00e9 uma das principais demandas apresentadas por moradores e produtores da zona rural de Limeira. As condi\u00e7\u00f5es das vias impactam diretamente o transporte de pessoas, o escoamento da produ\u00e7\u00e3o agr\u00edcola e o acesso a servi\u00e7os essenciais, como transporte escolar e atendimento de sa\u00fade.<\/p>\n\n\n\n<p class=\"wp-block-paragraph\">O vereador destaca que, com o aumento do n\u00famero de equipes, ser\u00e1 poss\u00edvel <strong>agilizar os atendimentos<\/strong>, reduzir o tempo de espera entre as manuten\u00e7\u00f5es e melhorar a trafegabilidade, especialmente em per\u00edodos de chuva, quando os problemas costumam se intensificar.<\/p>\n\n\n\n<h2 class=\"wp-block-heading\">Destina\u00e7\u00e3o do recurso<\/h2>\n\n\n\n<p class=\"wp-block-paragraph\">A emenda parlamentar de R$ 200 mil, segundo o of\u00edcio encaminhado ao Executivo, foi pensada justamente para <strong>refor\u00e7ar a estrutura de trabalho<\/strong> j\u00e1 existente. A proposta \u00e9 que o valor seja aplicado na contrata\u00e7\u00e3o de m\u00e3o de obra, aquisi\u00e7\u00e3o de insumos e apoio log\u00edstico necess\u00e1rios para manter as estradas em melhores condi\u00e7\u00f5es ao longo do ano.<\/p>\n\n\n\n<p class=\"wp-block-paragraph\">Helder do T\u00e1xi ressaltou que a iniciativa busca dar uma resposta concreta \u00e0s reivindica\u00e7\u00f5es da popula\u00e7\u00e3o rural, que frequentemente cobra melhorias e maior regularidade nos servi\u00e7os de conserva\u00e7\u00e3o.<\/p>\n\n\n\n<h2 class=\"wp-block-heading\">Pedido ao Executivo<\/h2>\n\n\n\n<p class=\"wp-block-paragraph\">No documento enviado ao prefeito Murilo F\u00e9lix, o vereador solicita que a Prefeitura avalie a viabilidade do uso do recurso conforme a finalidade indicada, destacando que a amplia\u00e7\u00e3o das equipes pode representar um <strong>ganho significativo de efici\u00eancia<\/strong> para o munic\u00edpio.<\/p>\n\n\n\n<p class=\"wp-block-paragraph\">O parlamentar afirmou que seguir\u00e1 acompanhando o andamento do pedido e dialogando com o Executivo para garantir que a emenda seja aplicada de forma eficaz e transparente.<\/p>\n\n\n\n<h2 class=\"wp-block-heading\">Impacto esperado<\/h2>\n\n\n\n<p class=\"wp-block-paragraph\">Caso a solicita\u00e7\u00e3o seja atendida, a expectativa \u00e9 de que a zona rural de Limeira passe a contar com <strong>manuten\u00e7\u00e3o mais frequente e organizada<\/strong>, beneficiando diretamente moradores, produtores rurais e usu\u00e1rios das estradas. Para Helder do T\u00e1xi, investir na infraestrutura rural \u00e9 fundamental para o desenvolvimento econ\u00f4mico e social do munic\u00edpio.<\/p>\n","protected":false},"excerpt":{"rendered":"<p>O vereador Helder do T\u00e1xi (PSD) solicitou \u00e0 Prefeitura de Limeira a utiliza\u00e7\u00e3o de uma emenda parlamentar no valor de R$ 200 mil para refor\u00e7ar os servi\u00e7os de manuten\u00e7\u00e3o das estradas rurais do munic\u00edpio. O pedido foi formalizado nesta quinta-feira, 22 de janeiro, por meio do Of\u00edcio n\u00ba 10\/2026, protocolado sob o n\u00famero 2.693\/2026, e encaminhado ao prefeito Murilo F\u00e9lix (Podemos).<\/p>\n","protected":false},"author":1,"featured_media":53028,"comment_status":"closed","ping_status":"open","sticky":false,"template":"","format":"standard","meta":{"_jetpack_newsletter_access":"","_jetpack_dont_email_post_to_subs":false,"_jetpack_newsletter_tier_id":0,"_jetpack_memberships_contains_paywalled_content":false,"_mbp_banners":[],"_jetpack_feature_clip_id":0,"_jetpack_memberships_contains_paid_content":false,"footnotes":"","jetpack_publicize_message":"","jetpack_publicize_feature_enabled":true,"jetpack_social_post_already_shared":true,"jetpack_social_options":{"image_generator_settings":{"template":"highway","default_image_id":0,"font":"","enabled":false},"version":2},"jetpack_post_was_ever_published":false},"categories":[16,19],"tags":[],"class_list":["post-53027","post","type-post","status-publish","format-standard","has-post-thumbnail","category-local","category-politica"],"jetpack_publicize_connections":[],"jetpack-related-posts":[],"jetpack_shortlink":"https:\/\/wp.me\/p7Eq1F-dNh","jetpack_sharing_enabled":true,"jetpack_featured_media_url":"https:\/\/i0.wp.com\/guialimeira.com.br\/news\/wp-content\/uploads\/2026\/01\/620000533_1332411238928960_9162219168275741767_n.jpg?fit=1280%2C640&ssl=1","_links":{"self":[{"href":"https:\/\/guialimeira.com.br\/news\/wp-json\/wp\/v2\/posts\/53027","targetHints":{"allow":["GET"]}}],"collection":[{"href":"https:\/\/guialimeira.com.br\/news\/wp-json\/wp\/v2\/posts"}],"about":[{"href":"https:\/\/guialimeira.com.br\/news\/wp-json\/wp\/v2\/types\/post"}],"author":[{"embeddable":true,"href":"https:\/\/guialimeira.com.br\/news\/wp-json\/wp\/v2\/users\/1"}],"replies":[{"embeddable":true,"href":"https:\/\/guialimeira.com.br\/news\/wp-json\/wp\/v2\/comments?post=53027"}],"version-history":[{"count":1,"href":"https:\/\/guialimeira.com.br\/news\/wp-json\/wp\/v2\/posts\/53027\/revisions"}],"predecessor-version":[{"id":53029,"href":"https:\/\/guialimeira.com.br\/news\/wp-json\/wp\/v2\/posts\/53027\/revisions\/53029"}],"wp:featuredmedia":[{"embeddable":true,"href":"https:\/\/guialimeira.com.br\/news\/wp-json\/wp\/v2\/media\/53028"}],"wp:attachment":[{"href":"https:\/\/guialimeira.com.br\/news\/wp-json\/wp\/v2\/media?parent=53027"}],"wp:term":[{"taxonomy":"category","embeddable":true,"href":"https:\/\/guialimeira.com.br\/news\/wp-json\/wp\/v2\/categories?post=53027"},{"taxonomy":"post_tag","embeddable":true,"href":"https:\/\/guialimeira.com.br\/news\/wp-json\/wp\/v2\/tags?post=53027"}],"curies":[{"name":"wp","href":"https:\/\/api.w.org\/{rel}","templated":true}]}}