{"id":53024,"date":"2026-01-23T17:52:17","date_gmt":"2026-01-23T20:52:17","guid":{"rendered":"https:\/\/guialimeira.com.br\/?p=53024"},"modified":"2026-01-23T17:52:20","modified_gmt":"2026-01-23T20:52:20","slug":"bruna-magalhaes-realiza-visita-institucional-a-casa-da-mulher-brasileira-em-sao-paulo","status":"publish","type":"post","link":"https:\/\/guialimeira.com.br\/news\/bruna-magalhaes-realiza-visita-institucional-a-casa-da-mulher-brasileira-em-sao-paulo\/","title":{"rendered":"Bruna Magalh\u00e3es realiza visita institucional \u00e0 Casa da Mulher Brasileira, em S\u00e3o Paulo"},"content":{"rendered":"\n<p class=\"wp-block-paragraph\">A vereadora <strong>Bruna Magalh\u00e3es<\/strong> (PRTB) realizou, <strong>nesta quinta-feira, 22 de janeiro<\/strong>, uma <strong>visita institucional \u00e0 Casa da Mulher Brasileira<\/strong>, localizada no munic\u00edpio de <strong>S\u00e3o Paulo<\/strong>. A iniciativa teve como foco principal conhecer de forma aprofundada a estrutura, o funcionamento e os fluxos de atendimento do programa, considerado refer\u00eancia nacional no enfrentamento \u00e0 viol\u00eancia contra a mulher.<\/p>\n\n\n\n<p class=\"wp-block-paragraph\">Segundo a parlamentar, a visita busca <strong>subs\u00eddios concretos<\/strong> para <strong>qualificar, ampliar e fortalecer as pol\u00edticas p\u00fablicas<\/strong> j\u00e1 desenvolvidas em <strong>Limeira<\/strong>, especialmente aquelas voltadas \u00e0 prote\u00e7\u00e3o, acolhimento e garantia de direitos das mulheres em situa\u00e7\u00e3o de viol\u00eancia.<\/p>\n\n\n\n<h2 class=\"wp-block-heading\">Refer\u00eancia nacional em atendimento integrado<\/h2>\n\n\n\n<p class=\"wp-block-paragraph\">A <strong>Casa da Mulher Brasileira<\/strong> re\u00fane, em um \u00fanico espa\u00e7o, diversos servi\u00e7os especializados, como acolhimento psicossocial, orienta\u00e7\u00e3o jur\u00eddica, delegacia, Minist\u00e9rio P\u00fablico e Defensoria P\u00fablica. O modelo integrado tem como objetivo oferecer atendimento humanizado, \u00e1gil e articulado, reduzindo a revitimiza\u00e7\u00e3o e ampliando a prote\u00e7\u00e3o \u00e0s v\u00edtimas.<\/p>\n\n\n\n<p class=\"wp-block-paragraph\">Durante a visita, Bruna Magalh\u00e3es acompanhou de perto os <strong>protocolos de atendimento<\/strong>, a organiza\u00e7\u00e3o dos servi\u00e7os e a articula\u00e7\u00e3o entre os \u00f3rg\u00e3os envolvidos, avaliando pr\u00e1ticas que podem ser adaptadas \u00e0 realidade de Limeira.<\/p>\n\n\n\n<h2 class=\"wp-block-heading\">Fortalecimento das pol\u00edticas p\u00fablicas em Limeira<\/h2>\n\n\n\n<p class=\"wp-block-paragraph\">De acordo com a vereadora, conhecer experi\u00eancias bem-sucedidas \u00e9 fundamental para aprimorar a atua\u00e7\u00e3o do poder p\u00fablico local. \u201c\u00c9 importante buscar refer\u00eancias que j\u00e1 funcionam, entender os fluxos e identificar o que pode ser aplicado em Limeira para fortalecer a rede de enfrentamento \u00e0 viol\u00eancia contra a mulher\u201d, destacou.<\/p>\n\n\n\n<p class=\"wp-block-paragraph\">A parlamentar ressaltou ainda que a visita refor\u00e7a o compromisso do mandato com a <strong>defesa dos direitos das mulheres<\/strong> e com a constru\u00e7\u00e3o de pol\u00edticas p\u00fablicas mais eficientes, capazes de oferecer respostas r\u00e1pidas e acolhedoras \u00e0s v\u00edtimas.<\/p>\n\n\n\n<h2 class=\"wp-block-heading\">Pr\u00f3ximos encaminhamentos<\/h2>\n\n\n\n<p class=\"wp-block-paragraph\">Ap\u00f3s a visita, Bruna Magalh\u00e3es afirmou que pretende <strong>compartilhar as informa\u00e7\u00f5es obtidas<\/strong> com \u00f3rg\u00e3os municipais e discutir propostas que possam contribuir para o aprimoramento da rede de prote\u00e7\u00e3o em Limeira. A expectativa \u00e9 que as refer\u00eancias observadas em S\u00e3o Paulo sirvam de base para novas iniciativas, projetos ou encaminhamentos junto ao Executivo.<\/p>\n\n\n\n<p class=\"wp-block-paragraph\">A vereadora tamb\u00e9m destacou que o enfrentamento \u00e0 viol\u00eancia de g\u00eanero exige a\u00e7\u00f5es cont\u00ednuas, integradas e sens\u00edveis \u00e0 realidade das mulheres, envolvendo poder p\u00fablico, sociedade civil e institui\u00e7\u00f5es de apoio.<\/p>\n","protected":false},"excerpt":{"rendered":"<p>A vereadora Bruna Magalh\u00e3es (PRTB) realizou, nesta quinta-feira, 22 de janeiro, uma visita institucional \u00e0 Casa da Mulher Brasileira, localizada no munic\u00edpio de S\u00e3o Paulo. A iniciativa teve como foco principal conhecer de forma aprofundada a estrutura, o funcionamento e os fluxos de atendimento do programa, considerado refer\u00eancia nacional no enfrentamento \u00e0 viol\u00eancia contra a mulher.<\/p>\n","protected":false},"author":1,"featured_media":53025,"comment_status":"closed","ping_status":"open","sticky":false,"template":"","format":"standard","meta":{"_jetpack_newsletter_access":"","_jetpack_dont_email_post_to_subs":false,"_jetpack_newsletter_tier_id":0,"_jetpack_memberships_contains_paywalled_content":false,"_mbp_banners":[],"_jetpack_feature_clip_id":0,"_jetpack_memberships_contains_paid_content":false,"footnotes":"","jetpack_publicize_message":"","jetpack_publicize_feature_enabled":true,"jetpack_social_post_already_shared":true,"jetpack_social_options":{"image_generator_settings":{"template":"highway","default_image_id":0,"font":"","enabled":false},"version":2},"jetpack_post_was_ever_published":false},"categories":[16,19],"tags":[],"class_list":["post-53024","post","type-post","status-publish","format-standard","has-post-thumbnail","category-local","category-politica"],"jetpack_publicize_connections":[],"jetpack-related-posts":[],"jetpack_shortlink":"https:\/\/wp.me\/p7Eq1F-dNe","jetpack_sharing_enabled":true,"jetpack_featured_media_url":"https:\/\/i0.wp.com\/guialimeira.com.br\/news\/wp-content\/uploads\/2026\/01\/619895568_1332427148927369_9078859525016410266_n.jpg?fit=1280%2C640&ssl=1","_links":{"self":[{"href":"https:\/\/guialimeira.com.br\/news\/wp-json\/wp\/v2\/posts\/53024","targetHints":{"allow":["GET"]}}],"collection":[{"href":"https:\/\/guialimeira.com.br\/news\/wp-json\/wp\/v2\/posts"}],"about":[{"href":"https:\/\/guialimeira.com.br\/news\/wp-json\/wp\/v2\/types\/post"}],"author":[{"embeddable":true,"href":"https:\/\/guialimeira.com.br\/news\/wp-json\/wp\/v2\/users\/1"}],"replies":[{"embeddable":true,"href":"https:\/\/guialimeira.com.br\/news\/wp-json\/wp\/v2\/comments?post=53024"}],"version-history":[{"count":1,"href":"https:\/\/guialimeira.com.br\/news\/wp-json\/wp\/v2\/posts\/53024\/revisions"}],"predecessor-version":[{"id":53026,"href":"https:\/\/guialimeira.com.br\/news\/wp-json\/wp\/v2\/posts\/53024\/revisions\/53026"}],"wp:featuredmedia":[{"embeddable":true,"href":"https:\/\/guialimeira.com.br\/news\/wp-json\/wp\/v2\/media\/53025"}],"wp:attachment":[{"href":"https:\/\/guialimeira.com.br\/news\/wp-json\/wp\/v2\/media?parent=53024"}],"wp:term":[{"taxonomy":"category","embeddable":true,"href":"https:\/\/guialimeira.com.br\/news\/wp-json\/wp\/v2\/categories?post=53024"},{"taxonomy":"post_tag","embeddable":true,"href":"https:\/\/guialimeira.com.br\/news\/wp-json\/wp\/v2\/tags?post=53024"}],"curies":[{"name":"wp","href":"https:\/\/api.w.org\/{rel}","templated":true}]}}