{"id":53018,"date":"2026-01-23T17:36:14","date_gmt":"2026-01-23T20:36:14","guid":{"rendered":"https:\/\/guialimeira.com.br\/?p=53018"},"modified":"2026-01-23T17:36:17","modified_gmt":"2026-01-23T20:36:17","slug":"nilton-santos-pede-ampliacao-de-acoes-de-prevencao-a-dependencia-quimica-durante-inauguracao-de-nova-delegacia-em-limeira","status":"publish","type":"post","link":"https:\/\/guialimeira.com.br\/news\/nilton-santos-pede-ampliacao-de-acoes-de-prevencao-a-dependencia-quimica-durante-inauguracao-de-nova-delegacia-em-limeira\/","title":{"rendered":"Nilton Santos pede amplia\u00e7\u00e3o de a\u00e7\u00f5es de preven\u00e7\u00e3o \u00e0 depend\u00eancia qu\u00edmica durante inaugura\u00e7\u00e3o de nova delegacia em Limeira"},"content":{"rendered":"\n<p class=\"wp-block-paragraph\">A inaugura\u00e7\u00e3o do <strong>4\u00ba Distrito Policial de Limeira<\/strong> foi marcada n\u00e3o apenas pela entrega de uma nova estrutura de seguran\u00e7a p\u00fablica, mas tamb\u00e9m por um apelo por pol\u00edticas preventivas. Durante a cerim\u00f4nia realizada <strong>nesta quinta-feira, 22 de janeiro<\/strong>, o vereador <strong>Nilton Santos<\/strong> (Republicanos) solicitou a <strong>amplia\u00e7\u00e3o das a\u00e7\u00f5es de preven\u00e7\u00e3o \u00e0 depend\u00eancia qu\u00edmica<\/strong> no munic\u00edpio.<\/p>\n\n\n\n<p class=\"wp-block-paragraph\">A nova unidade \u00e9 resultado de uma <strong>parceria entre o Governo do Estado de S\u00e3o Paulo e a Prefeitura de Limeira<\/strong>, e est\u00e1 localizada na <strong>Avenida Marechal Arthur da Costa e Silva<\/strong>, na <strong>pra\u00e7a Taba do Brasil<\/strong>, em uma \u00e1rea estrat\u00e9gica da cidade.<\/p>\n\n\n\n<h2 class=\"wp-block-heading\">Nova estrutura amplia atendimento \u00e0 popula\u00e7\u00e3o<\/h2>\n\n\n\n<p class=\"wp-block-paragraph\">Segundo o parlamentar, o pr\u00e9dio passou por uma <strong>reforma completa<\/strong>, o que permitir\u00e1 ampliar tanto o alcance quanto a qualidade do atendimento prestado \u00e0 popula\u00e7\u00e3o. A moderniza\u00e7\u00e3o da estrutura f\u00edsica, de acordo com Nilton Santos, representa um avan\u00e7o importante para a seguran\u00e7a p\u00fablica e para as condi\u00e7\u00f5es de trabalho dos profissionais que atuam no local.<\/p>\n\n\n\n<p class=\"wp-block-paragraph\">\u201cA entrega dessa delegacia mostra o resultado da uni\u00e3o entre o Estado e o munic\u00edpio. \u00c9 um investimento que reflete diretamente na seguran\u00e7a da popula\u00e7\u00e3o e no fortalecimento das institui\u00e7\u00f5es\u201d, destacou o vereador durante o evento.<\/p>\n\n\n\n<h2 class=\"wp-block-heading\">Preven\u00e7\u00e3o como eixo complementar da seguran\u00e7a<\/h2>\n\n\n\n<p class=\"wp-block-paragraph\">Ao discursar, Nilton Santos ressaltou que, al\u00e9m do refor\u00e7o estrutural das for\u00e7as de seguran\u00e7a, \u00e9 fundamental investir em <strong>pol\u00edticas p\u00fablicas voltadas \u00e0 preven\u00e7\u00e3o<\/strong>, especialmente no enfrentamento \u00e0 depend\u00eancia qu\u00edmica. Para ele, o problema exige a\u00e7\u00f5es integradas que envolvam n\u00e3o apenas a \u00e1rea policial, mas tamb\u00e9m sa\u00fade, assist\u00eancia social e educa\u00e7\u00e3o.<\/p>\n\n\n\n<p class=\"wp-block-paragraph\">O vereador defendeu que o fortalecimento de programas preventivos pode reduzir a criminalidade e melhorar a qualidade de vida nos bairros, atuando antes que situa\u00e7\u00f5es de vulnerabilidade se agravem.<\/p>\n\n\n\n<h2 class=\"wp-block-heading\">Parceria institucional<\/h2>\n\n\n\n<p class=\"wp-block-paragraph\">A entrega do 4\u00ba Distrito Policial simboliza a coopera\u00e7\u00e3o entre diferentes esferas do poder p\u00fablico. A Prefeitura de <strong>Limeira<\/strong>, em conjunto com o governo estadual, viabilizou a reforma do espa\u00e7o, que agora passa a oferecer melhores condi\u00e7\u00f5es de atendimento \u00e0 comunidade local.<\/p>\n\n\n\n<p class=\"wp-block-paragraph\">Autoridades municipais e estaduais participaram da solenidade, refor\u00e7ando o compromisso conjunto com a seguran\u00e7a p\u00fablica e com a amplia\u00e7\u00e3o dos servi\u00e7os oferecidos \u00e0 popula\u00e7\u00e3o limeirense.<\/p>\n\n\n\n<h2 class=\"wp-block-heading\">Pr\u00f3ximos desafios<\/h2>\n\n\n\n<p class=\"wp-block-paragraph\">Para Nilton Santos, a nova delegacia representa um passo importante, mas n\u00e3o encerra os desafios da \u00e1rea. O parlamentar afirmou que continuar\u00e1 cobrando investimentos em <strong>a\u00e7\u00f5es preventivas e sociais<\/strong>, entendendo que a seguran\u00e7a p\u00fablica eficaz depende tanto da repress\u00e3o qualificada quanto da preven\u00e7\u00e3o.<\/p>\n\n\n\n<p class=\"wp-block-paragraph\">A expectativa \u00e9 que a nova estrutura contribua para um atendimento mais \u00e1gil e humanizado, ao mesmo tempo em que impulsione debates e iniciativas voltadas \u00e0 redu\u00e7\u00e3o de problemas sociais associados \u00e0 viol\u00eancia e ao uso de drogas.<\/p>\n","protected":false},"excerpt":{"rendered":"<p>A inaugura\u00e7\u00e3o do 4\u00ba Distrito Policial de Limeira foi marcada n\u00e3o apenas pela entrega de uma nova estrutura de seguran\u00e7a p\u00fablica, mas tamb\u00e9m por um apelo por pol\u00edticas preventivas. Durante a cerim\u00f4nia realizada nesta quinta-feira, 22 de janeiro, o vereador Nilton Santos (Republicanos) solicitou a amplia\u00e7\u00e3o das a\u00e7\u00f5es de preven\u00e7\u00e3o \u00e0 depend\u00eancia qu\u00edmica no munic\u00edpio.<\/p>\n","protected":false},"author":1,"featured_media":53020,"comment_status":"closed","ping_status":"open","sticky":false,"template":"","format":"standard","meta":{"_jetpack_newsletter_access":"","_jetpack_dont_email_post_to_subs":false,"_jetpack_newsletter_tier_id":0,"_jetpack_memberships_contains_paywalled_content":false,"_mbp_banners":[],"_jetpack_feature_clip_id":0,"_jetpack_memberships_contains_paid_content":false,"footnotes":"","jetpack_publicize_message":"","jetpack_publicize_feature_enabled":true,"jetpack_social_post_already_shared":true,"jetpack_social_options":{"image_generator_settings":{"template":"highway","default_image_id":0,"font":"","enabled":false},"version":2},"jetpack_post_was_ever_published":false},"categories":[16,19],"tags":[],"class_list":["post-53018","post","type-post","status-publish","format-standard","has-post-thumbnail","category-local","category-politica"],"jetpack_publicize_connections":[],"jetpack-related-posts":[],"jetpack_shortlink":"https:\/\/wp.me\/p7Eq1F-dN8","jetpack_sharing_enabled":true,"jetpack_featured_media_url":"https:\/\/i0.wp.com\/guialimeira.com.br\/news\/wp-content\/uploads\/2026\/01\/619915982_1332413792262038_4378117236655737913_n.jpg?fit=1280%2C640&ssl=1","_links":{"self":[{"href":"https:\/\/guialimeira.com.br\/news\/wp-json\/wp\/v2\/posts\/53018","targetHints":{"allow":["GET"]}}],"collection":[{"href":"https:\/\/guialimeira.com.br\/news\/wp-json\/wp\/v2\/posts"}],"about":[{"href":"https:\/\/guialimeira.com.br\/news\/wp-json\/wp\/v2\/types\/post"}],"author":[{"embeddable":true,"href":"https:\/\/guialimeira.com.br\/news\/wp-json\/wp\/v2\/users\/1"}],"replies":[{"embeddable":true,"href":"https:\/\/guialimeira.com.br\/news\/wp-json\/wp\/v2\/comments?post=53018"}],"version-history":[{"count":1,"href":"https:\/\/guialimeira.com.br\/news\/wp-json\/wp\/v2\/posts\/53018\/revisions"}],"predecessor-version":[{"id":53021,"href":"https:\/\/guialimeira.com.br\/news\/wp-json\/wp\/v2\/posts\/53018\/revisions\/53021"}],"wp:featuredmedia":[{"embeddable":true,"href":"https:\/\/guialimeira.com.br\/news\/wp-json\/wp\/v2\/media\/53020"}],"wp:attachment":[{"href":"https:\/\/guialimeira.com.br\/news\/wp-json\/wp\/v2\/media?parent=53018"}],"wp:term":[{"taxonomy":"category","embeddable":true,"href":"https:\/\/guialimeira.com.br\/news\/wp-json\/wp\/v2\/categories?post=53018"},{"taxonomy":"post_tag","embeddable":true,"href":"https:\/\/guialimeira.com.br\/news\/wp-json\/wp\/v2\/tags?post=53018"}],"curies":[{"name":"wp","href":"https:\/\/api.w.org\/{rel}","templated":true}]}}