{"id":53009,"date":"2026-01-23T16:31:19","date_gmt":"2026-01-23T19:31:19","guid":{"rendered":"https:\/\/guialimeira.com.br\/?p=53009"},"modified":"2026-01-23T16:31:19","modified_gmt":"2026-01-23T19:31:19","slug":"aula-inaugural-do-cursinho-eleva-2026-e-neste-sabado-24-prefeitura-municipal-de-cordeiropolis","status":"publish","type":"post","link":"https:\/\/guialimeira.com.br\/news\/aula-inaugural-do-cursinho-eleva-2026-e-neste-sabado-24-prefeitura-municipal-de-cordeiropolis\/","title":{"rendered":"Aula inaugural do Cursinho Eleva 2026 \u00e9 neste s\u00e1bado (24) \u2013 Prefeitura Municipal de Cordeir\u00f3polis"},"content":{"rendered":"<p> <br \/>\n<\/p>\n<div>\n<p>O cursinho pr\u00e9-vestibular da Prefeitura de Cordeir\u00f3polis, o Eleva, ter\u00e1 a aula inaugural de 2026 neste s\u00e1bado (24), \u00e0s 8h, na Escola Estadual Coronel Jos\u00e9 Levy. A iniciativa prepara jovens para o Enem e os vestibulares gratuitamente, com uma ampla oferta de materiais f\u00edsicos e digitais gratuitos. Os professores s\u00e3o graduandos da Universidade Federal de S\u00e3o Carlos (UFSCar).<\/p>\n<p>A prefeita Cristina Saad, a secret\u00e1ria de Educa\u00e7\u00e3o, Regiani Castellar Dias, e a equipe da pasta se reuniram nesta semana os professores do cursinho. \u201cO Eleva foi criado pela nossa gest\u00e3o com o objetivo de oferecer, atrav\u00e9s da prefeitura, um curso amplo que prepara os jovens para o futuro. Que seja um \u00f3timo ano para os estudantes e os professores\u201d, afirmou Cristina.<\/p>\n<p>Durante a aula inaugural deste s\u00e1bado, os alunos ser\u00e3o apresentados aos materiais e conhecer\u00e3o as formas de ingresso e perman\u00eancia nas universidades. Tamb\u00e9m haver\u00e1 apresenta\u00e7\u00e3o dos professores e do cronograma anual de estudos e de aulas, que acontecem sempre aos s\u00e1bados.<\/p>\n<\/p><\/div>\n<p><br \/>\n<br \/><a href=\"https:\/\/www.cordeiropolis.sp.gov.br\/aula-inaugural-do-cursinho-eleva-2026-e-neste-sabado-24\/\" rel=\"noopener\">Informa\u00e7\u00f5es Cordeir\u00f3polis <\/a><\/p>\n","protected":false},"excerpt":{"rendered":"<p>O cursinho pr\u00e9-vestibular da Prefeitura de Cordeir\u00f3polis, o Eleva, ter\u00e1 a aula inaugural de 2026 neste s\u00e1bado (24), \u00e0s 8h, na Escola Estadual Coronel Jos\u00e9 Levy. A iniciativa prepara jovens para o Enem e os vestibulares gratuitamente, com uma ampla oferta de materiais f\u00edsicos e digitais gratuitos. Os professores s\u00e3o graduandos da Universidade Federal de [&hellip;]<\/p>\n","protected":false},"author":1,"featured_media":0,"comment_status":"closed","ping_status":"open","sticky":false,"template":"","format":"standard","meta":{"_jetpack_newsletter_access":"","_jetpack_dont_email_post_to_subs":false,"_jetpack_newsletter_tier_id":0,"_jetpack_memberships_contains_paywalled_content":false,"_mbp_banners":[],"_jetpack_feature_clip_id":0,"_jetpack_memberships_contains_paid_content":false,"footnotes":"","jetpack_publicize_message":"","jetpack_publicize_feature_enabled":true,"jetpack_social_post_already_shared":true,"jetpack_social_options":{"image_generator_settings":{"template":"highway","default_image_id":0,"font":"","enabled":false},"version":2},"jetpack_post_was_ever_published":false},"categories":[20],"tags":[],"class_list":["post-53009","post","type-post","status-publish","format-standard","category-regiao"],"jetpack_publicize_connections":[],"jetpack-related-posts":[],"jetpack_shortlink":"https:\/\/wp.me\/p7Eq1F-dMZ","jetpack_sharing_enabled":true,"jetpack_featured_media_url":"","_links":{"self":[{"href":"https:\/\/guialimeira.com.br\/news\/wp-json\/wp\/v2\/posts\/53009","targetHints":{"allow":["GET"]}}],"collection":[{"href":"https:\/\/guialimeira.com.br\/news\/wp-json\/wp\/v2\/posts"}],"about":[{"href":"https:\/\/guialimeira.com.br\/news\/wp-json\/wp\/v2\/types\/post"}],"author":[{"embeddable":true,"href":"https:\/\/guialimeira.com.br\/news\/wp-json\/wp\/v2\/users\/1"}],"replies":[{"embeddable":true,"href":"https:\/\/guialimeira.com.br\/news\/wp-json\/wp\/v2\/comments?post=53009"}],"version-history":[{"count":1,"href":"https:\/\/guialimeira.com.br\/news\/wp-json\/wp\/v2\/posts\/53009\/revisions"}],"predecessor-version":[{"id":53010,"href":"https:\/\/guialimeira.com.br\/news\/wp-json\/wp\/v2\/posts\/53009\/revisions\/53010"}],"wp:attachment":[{"href":"https:\/\/guialimeira.com.br\/news\/wp-json\/wp\/v2\/media?parent=53009"}],"wp:term":[{"taxonomy":"category","embeddable":true,"href":"https:\/\/guialimeira.com.br\/news\/wp-json\/wp\/v2\/categories?post=53009"},{"taxonomy":"post_tag","embeddable":true,"href":"https:\/\/guialimeira.com.br\/news\/wp-json\/wp\/v2\/tags?post=53009"}],"curies":[{"name":"wp","href":"https:\/\/api.w.org\/{rel}","templated":true}]}}