{"id":52961,"date":"2026-01-23T09:36:52","date_gmt":"2026-01-23T12:36:52","guid":{"rendered":"https:\/\/guialimeira.com.br\/?p=52961"},"modified":"2026-01-23T09:36:55","modified_gmt":"2026-01-23T12:36:55","slug":"festival-repique-volta-a-regiao-com-zeca-pagodinho-e-reflete-a-retomada-do-genero","status":"publish","type":"post","link":"https:\/\/guialimeira.com.br\/news\/festival-repique-volta-a-regiao-com-zeca-pagodinho-e-reflete-a-retomada-do-genero\/","title":{"rendered":"Festival Repique volta \u00e0 regi\u00e3o com Zeca Pagodinho e reflete a retomada do g\u00eanero"},"content":{"rendered":"\n<p class=\"wp-block-paragraph\">O maior evento de pagode e samba do interior de S\u00e3o Paulo j\u00e1 tem data para a sua primeira edi\u00e7\u00e3o de 2026. Dia 09 de maio, o Samb\u00f3dromo de Paul\u00ednia recebe a 4\u00aa edi\u00e7\u00e3o do Festival Repique com direito a Zeca Pagodinho e Ludmilla. A confirma\u00e7\u00e3o do encontro reflete a for\u00e7a do g\u00eanero musical nos \u00faltimos anos. Em 2025, o pagode superou o sertanejo &#8211; ap\u00f3s sete anos consecutivos no topo &#8211; no ranking das m\u00fasicas mais ouvidas nas plataformas de streaming no Brasil, segundo levantamento da Pr\u00f3-M\u00fasica.<br>A presen\u00e7a intensa do pagode e samba, em 2025, foi traduzida em in\u00fameros shows lotados, especialmente no interior de S\u00e3o Paulo, al\u00e9m da programa\u00e7\u00e3o de bares e restaurantes, que passaram a aderir ao g\u00eanero em eventos e apresenta\u00e7\u00f5es de artistas locais e nacionais.<br>Nesse cen\u00e1rio, o Festival Repique segue com a miss\u00e3o de ocupar a posi\u00e7\u00e3o de maior encontro dos g\u00eaneros no interior paulista. Com mais de 60 mil ingressos vendidos em tr\u00eas edi\u00e7\u00f5es nos \u00faltimos dois anos, o evento que tem 12 horas de shows j\u00e1 se consolidou na regi\u00e3o com os principais nomes do pagode e samba da atualidade, como P\u00e9ricles, Revela\u00e7\u00e3o, Dilsinho e Menos \u00e9 Mais.<br>Realizado desde 2024 pela Faro Eventos, o festival j\u00e1 passou por Jaguari\u00fana, Paul\u00ednia e Ribeir\u00e3o Preto. \u201cO processo de retomada do Pagode e Samba no Brasil criou uma grande demanda de p\u00fablico e n\u00f3s estamos muito satisfeitos com a consolida\u00e7\u00e3o e crescimento do Repique na regi\u00e3o\u201d, comemora o s\u00f3cio-diretor de eventos na Faro, Victor Brentegani.<\/p>\n\n\n\n<p class=\"wp-block-paragraph\">A\u00e7\u00e3o social e gera\u00e7\u00e3o de empregos<br>A relev\u00e2ncia do evento vai al\u00e9m dos palcos: na \u00faltima edi\u00e7\u00e3o, em outubro de 2025, em Ribeir\u00e3o Preto, a organiza\u00e7\u00e3o do Festival Repique arrecadou 15 toneladas de alimentos em doa\u00e7\u00f5es para o Fundo Social de Solidariedade da cidade, e realizou o projeto social \u201cRepique do Amanh\u00e3\u201d, que incentiva o contato das crian\u00e7as, de comunidades carentes, com a m\u00fasica e a cultura. Outro benef\u00edcio local foi a gera\u00e7\u00e3o de quase 1.600 empregos diretos e indiretos, fora o impacto econ\u00f4mico para os setores de bares e restaurantes, hot\u00e9is e transportes.<\/p>\n\n\n\n<p class=\"wp-block-paragraph\">Quarta edi\u00e7\u00e3o tem vendas abertas a partir de 22 de janeiro<br>Em 2026, o Festival Repique volta a Paul\u00ednia no dia 09 de maio com Zeca Pagodinho, Ludmilla, Dilsinho, Suel e Yan. Os ingressos estar\u00e3o dispon\u00edveis a partir desta quinta-feira (22\/01), \u00e0s 12h, com pre\u00e7os a partir de R$ 85,00 mais taxas, no site www.ingresse.com\/festival-repique-paulinia-2026.<\/p>\n\n\n\n<p class=\"wp-block-paragraph\">Estrutura e setores dispon\u00edveis<br>O espa\u00e7o da festa contar\u00e1 com quatro setores, todos com vis\u00e3o privilegiada do palco: o setor de Frontstage: fica em frente ao palco e conta com bar vendido na pra\u00e7a de alimenta\u00e7\u00e3o. O setor de Open Bar, tamb\u00e9m em frente ao palco, garante bares e banheiros exclusivos, al\u00e9m de acesso ao Frontstage. As op\u00e7\u00f5es de bebida s\u00e3o: vodka Aboslut, gin Beefeater, cerveja, refrigerante e \u00e1gua.<br>No Camarote, h\u00e1 uma \u00e1rea parcialmente coberta e vis\u00e3o privilegiada do palco em um piso elevado. O p\u00fablico t\u00eam direito a pra\u00e7a de alimenta\u00e7\u00e3o, bares e banheiros de forma exclusiva, al\u00e9m da possibilidade de frequentar o Frontstage.<br>No Camarote Open Premium, h\u00e1 os benef\u00edcios de \u00e1rea parcialmente coberta, pra\u00e7a de alimenta\u00e7\u00e3o e bares exclusivos, banheiros premium exclusivos e open bar com whisky Ballantine\u2019s, vodka Aboslut, gin Beefeater, cerveja, energ\u00e9tico, refrigerante e \u00e1gua.<\/p>\n\n\n\n<p class=\"wp-block-paragraph\">Servi\u00e7o:<br>4\u00aa Edi\u00e7\u00e3o Festival Repique<br>Data: 09 de maio<br>Hor\u00e1rio: das 15h \u00e0s 3h<br>Local: Samb\u00f3dromo de Paul\u00ednia<br>Atra\u00e7\u00f5es: Zeca Pagodinho, Ludmilla, Dilsinho, Suel e Yan<br>Ingressos: \u00e0 venda pelo site da Ingresse: www.ingresse.com\/festival-repique-paulinia-2026.<br>Classifica\u00e7\u00e3o: 18 anos (todos os setores)<\/p>\n","protected":false},"excerpt":{"rendered":"<p>O maior evento de pagode e samba do interior de S\u00e3o Paulo j\u00e1 tem data para a sua primeira edi\u00e7\u00e3o de 2026. Dia 09 de maio, o Samb\u00f3dromo de Paul\u00ednia recebe a 4\u00aa edi\u00e7\u00e3o do Festival Repique com direito a Zeca Pagodinho e Ludmilla. A confirma\u00e7\u00e3o do encontro reflete a for\u00e7a do g\u00eanero musical nos \u00faltimos anos. Em 2025, o pagode superou o sertanejo &#8211; ap\u00f3s sete anos consecutivos no topo &#8211; no ranking das m\u00fasicas mais ouvidas nas plataformas de streaming no Brasil, segundo levantamento da Pr\u00f3-M\u00fasica.<\/p>\n","protected":false},"author":1,"featured_media":52962,"comment_status":"closed","ping_status":"open","sticky":false,"template":"","format":"standard","meta":{"_jetpack_newsletter_access":"","_jetpack_dont_email_post_to_subs":false,"_jetpack_newsletter_tier_id":0,"_jetpack_memberships_contains_paywalled_content":false,"_mbp_banners":[],"_jetpack_feature_clip_id":0,"_jetpack_memberships_contains_paid_content":false,"footnotes":"","jetpack_publicize_message":"","jetpack_publicize_feature_enabled":true,"jetpack_social_post_already_shared":true,"jetpack_social_options":{"image_generator_settings":{"template":"highway","default_image_id":0,"font":"","enabled":false},"version":2},"jetpack_post_was_ever_published":false},"categories":[18,20],"tags":[],"class_list":["post-52961","post","type-post","status-publish","format-standard","has-post-thumbnail","category-cultura","category-regiao"],"jetpack_publicize_connections":[],"jetpack-related-posts":[],"jetpack_shortlink":"https:\/\/wp.me\/p7Eq1F-dMd","jetpack_sharing_enabled":true,"jetpack_featured_media_url":"https:\/\/i0.wp.com\/guialimeira.com.br\/news\/wp-content\/uploads\/2026\/01\/t_Zeca_FtGutoCosta_0370.jpg-scaled.jpeg?fit=2560%2C1707&ssl=1","_links":{"self":[{"href":"https:\/\/guialimeira.com.br\/news\/wp-json\/wp\/v2\/posts\/52961","targetHints":{"allow":["GET"]}}],"collection":[{"href":"https:\/\/guialimeira.com.br\/news\/wp-json\/wp\/v2\/posts"}],"about":[{"href":"https:\/\/guialimeira.com.br\/news\/wp-json\/wp\/v2\/types\/post"}],"author":[{"embeddable":true,"href":"https:\/\/guialimeira.com.br\/news\/wp-json\/wp\/v2\/users\/1"}],"replies":[{"embeddable":true,"href":"https:\/\/guialimeira.com.br\/news\/wp-json\/wp\/v2\/comments?post=52961"}],"version-history":[{"count":1,"href":"https:\/\/guialimeira.com.br\/news\/wp-json\/wp\/v2\/posts\/52961\/revisions"}],"predecessor-version":[{"id":52963,"href":"https:\/\/guialimeira.com.br\/news\/wp-json\/wp\/v2\/posts\/52961\/revisions\/52963"}],"wp:featuredmedia":[{"embeddable":true,"href":"https:\/\/guialimeira.com.br\/news\/wp-json\/wp\/v2\/media\/52962"}],"wp:attachment":[{"href":"https:\/\/guialimeira.com.br\/news\/wp-json\/wp\/v2\/media?parent=52961"}],"wp:term":[{"taxonomy":"category","embeddable":true,"href":"https:\/\/guialimeira.com.br\/news\/wp-json\/wp\/v2\/categories?post=52961"},{"taxonomy":"post_tag","embeddable":true,"href":"https:\/\/guialimeira.com.br\/news\/wp-json\/wp\/v2\/tags?post=52961"}],"curies":[{"name":"wp","href":"https:\/\/api.w.org\/{rel}","templated":true}]}}