{"id":52955,"date":"2026-01-23T09:19:15","date_gmt":"2026-01-23T12:19:15","guid":{"rendered":"https:\/\/guialimeira.com.br\/?p=52955"},"modified":"2026-01-23T09:19:18","modified_gmt":"2026-01-23T12:19:18","slug":"banda-bergson-anima-nova-edicao-das-nossas-tercas-do-nosso-clube","status":"publish","type":"post","link":"https:\/\/guialimeira.com.br\/news\/banda-bergson-anima-nova-edicao-das-nossas-tercas-do-nosso-clube\/","title":{"rendered":"Banda Bergson anima nova edi\u00e7\u00e3o das Nossas Ter\u00e7as do Nosso Clube"},"content":{"rendered":"\n<p class=\"wp-block-paragraph\">A pr\u00f3xima edi\u00e7\u00e3o das <strong>Nossas Ter\u00e7as do Nosso Clube<\/strong> promete muita m\u00fasica e anima\u00e7\u00e3o com a apresenta\u00e7\u00e3o da <strong>Banda Bergson<\/strong>. O evento acontece <strong>na ter\u00e7a-feira (27)<\/strong>, a partir das <strong>20h<\/strong>, no <strong>Sal\u00e3o Social do Complexo Social Renato de Almeida<\/strong>, sede do <strong>Nosso Clube<\/strong>.<\/p>\n\n\n\n<p class=\"wp-block-paragraph\">Tradicional na agenda social do clube, a noite contar\u00e1 ainda com <strong>equipe de free dancers<\/strong>, garantindo um ambiente animado e convidativo para associados e convidados que apreciam m\u00fasica ao vivo e dan\u00e7a.<\/p>\n\n\n\n<h2 class=\"wp-block-heading\">Entrada gratuita para associados<\/h2>\n\n\n\n<p class=\"wp-block-paragraph\">A entrada \u00e9 <strong>gratuita para os associados do Nosso Clube<\/strong>. J\u00e1 os n\u00e3o s\u00f3cios tamb\u00e9m podem participar do evento mediante a aquisi\u00e7\u00e3o de convites, no valor de <strong>R$ 25,00<\/strong>. A proposta \u00e9 manter o car\u00e1ter acess\u00edvel da programa\u00e7\u00e3o, atraindo tanto frequentadores habituais quanto o p\u00fablico externo.<\/p>\n\n\n\n<p class=\"wp-block-paragraph\">As <strong>Nossas Ter\u00e7as<\/strong> s\u00e3o conhecidas por reunir diferentes gera\u00e7\u00f5es em um clima descontra\u00eddo, fortalecendo a conviv\u00eancia social e valorizando atra\u00e7\u00f5es musicais que animam a noite limeirense.<\/p>\n\n\n\n<h2 class=\"wp-block-heading\">Informa\u00e7\u00f5es e convites<\/h2>\n\n\n\n<p class=\"wp-block-paragraph\">Os interessados em obter mais informa\u00e7\u00f5es ou adquirir convites podem entrar em contato pelo <strong>WhatsApp (19) 99931-5761<\/strong>. A expectativa da organiza\u00e7\u00e3o \u00e9 de boa participa\u00e7\u00e3o do p\u00fablico, repetindo o sucesso das edi\u00e7\u00f5es anteriores.<\/p>\n\n\n\n<p class=\"wp-block-paragraph\">O evento integra a programa\u00e7\u00e3o cultural do clube, que segue investindo em atra\u00e7\u00f5es variadas ao longo do ano para seus associados e para a comunidade de <strong>Limeira<\/strong>.<\/p>\n","protected":false},"excerpt":{"rendered":"<p>A pr\u00f3xima edi\u00e7\u00e3o das Nossas Ter\u00e7as do Nosso Clube promete muita m\u00fasica e anima\u00e7\u00e3o com a apresenta\u00e7\u00e3o da Banda Bergson. O evento acontece na ter\u00e7a-feira (27), a partir das 20h, no Sal\u00e3o Social do Complexo Social Renato de Almeida, sede do Nosso Clube.<\/p>\n","protected":false},"author":1,"featured_media":52956,"comment_status":"closed","ping_status":"open","sticky":false,"template":"","format":"standard","meta":{"_jetpack_newsletter_access":"","_jetpack_dont_email_post_to_subs":false,"_jetpack_newsletter_tier_id":0,"_jetpack_memberships_contains_paywalled_content":false,"_mbp_banners":[],"_jetpack_feature_clip_id":0,"_jetpack_memberships_contains_paid_content":false,"footnotes":"","jetpack_publicize_message":"","jetpack_publicize_feature_enabled":true,"jetpack_social_post_already_shared":true,"jetpack_social_options":{"image_generator_settings":{"template":"highway","default_image_id":0,"font":"","enabled":false},"version":2},"jetpack_post_was_ever_published":false},"categories":[18,41,16],"tags":[],"class_list":["post-52955","post","type-post","status-publish","format-standard","has-post-thumbnail","category-cultura","category-eventos","category-local"],"jetpack_publicize_connections":[],"jetpack-related-posts":[],"jetpack_shortlink":"https:\/\/wp.me\/p7Eq1F-dM7","jetpack_sharing_enabled":true,"jetpack_featured_media_url":"https:\/\/i0.wp.com\/guialimeira.com.br\/news\/wp-content\/uploads\/2026\/01\/nosso-clube.png?fit=1536%2C1024&ssl=1","_links":{"self":[{"href":"https:\/\/guialimeira.com.br\/news\/wp-json\/wp\/v2\/posts\/52955","targetHints":{"allow":["GET"]}}],"collection":[{"href":"https:\/\/guialimeira.com.br\/news\/wp-json\/wp\/v2\/posts"}],"about":[{"href":"https:\/\/guialimeira.com.br\/news\/wp-json\/wp\/v2\/types\/post"}],"author":[{"embeddable":true,"href":"https:\/\/guialimeira.com.br\/news\/wp-json\/wp\/v2\/users\/1"}],"replies":[{"embeddable":true,"href":"https:\/\/guialimeira.com.br\/news\/wp-json\/wp\/v2\/comments?post=52955"}],"version-history":[{"count":1,"href":"https:\/\/guialimeira.com.br\/news\/wp-json\/wp\/v2\/posts\/52955\/revisions"}],"predecessor-version":[{"id":52957,"href":"https:\/\/guialimeira.com.br\/news\/wp-json\/wp\/v2\/posts\/52955\/revisions\/52957"}],"wp:featuredmedia":[{"embeddable":true,"href":"https:\/\/guialimeira.com.br\/news\/wp-json\/wp\/v2\/media\/52956"}],"wp:attachment":[{"href":"https:\/\/guialimeira.com.br\/news\/wp-json\/wp\/v2\/media?parent=52955"}],"wp:term":[{"taxonomy":"category","embeddable":true,"href":"https:\/\/guialimeira.com.br\/news\/wp-json\/wp\/v2\/categories?post=52955"},{"taxonomy":"post_tag","embeddable":true,"href":"https:\/\/guialimeira.com.br\/news\/wp-json\/wp\/v2\/tags?post=52955"}],"curies":[{"name":"wp","href":"https:\/\/api.w.org\/{rel}","templated":true}]}}