{"id":529,"date":"2024-03-30T08:07:42","date_gmt":"2024-03-30T11:07:42","guid":{"rendered":"https:\/\/guialimeira.com.br\/2024\/03\/30\/campanha-de-vacinacao-contra-a-gripe\/"},"modified":"2024-03-30T08:07:42","modified_gmt":"2024-03-30T11:07:42","slug":"campanha-de-vacinacao-contra-a-gripe","status":"publish","type":"post","link":"https:\/\/guialimeira.com.br\/news\/campanha-de-vacinacao-contra-a-gripe\/","title":{"rendered":"Campanha de vacina\u00e7\u00e3o contra a gripe&#8230;"},"content":{"rendered":"<p> <br \/>\n<br \/><img data-recalc-dims=\"1\" decoding=\"async\" src=\"https:\/\/i0.wp.com\/www.iracemapolis.sp.gov.br\/fotos\/102be4ce134660a004e9751e27c0c858.png?w=696&#038;ssl=1\" \/><\/p>\n<div>\n                                            A Prefeitura de Iracem\u00e1polis, por meio da Secretaria de Sa\u00fade, inicia na segunda-feira (25) a 26\u00aa Campanha de Vacina\u00e7\u00e3o contra a Influenza.<\/p>\n<p>A princ\u00edpio, a campanha abranger\u00e1 o per\u00edodo de 25 de mar\u00e7o a 31 de maio e vai vacinar os grupos priorit\u00e1rios que poder\u00e3o buscar uma das quatro salas de vacina\u00e7\u00e3o nas Unidades de Sa\u00fade do Munic\u00edpio das 7h \u00e0s 15h30.<\/p>\n<p>O objetivo da campanha \u00e9 reduzir as complica\u00e7\u00f5es, as interna\u00e7\u00f5es e a mortalidade decorrente das infec\u00e7\u00f5es pelo v\u00edrus influenza.<\/p>\n<p>Os grupos que poder\u00e3o tomar a vacina s\u00e3o:<\/p>\n<p>\u27a1\ufe0f Crian\u00e7as de 6 meses a menores de 6 anos de idade (5 anos, 11 meses e 29 dias);<br \/>&#13;<br \/>\n\u27a1\ufe0f Trabalhador da Sa\u00fade;<br \/>&#13;<br \/>\n\u27a1\ufe0f Gestantes e\u00a0Pu\u00e9rperas;<br \/>&#13;<br \/>\n\u27a1\ufe0f Professores do ensino b\u00e1sico e superior;<br \/>&#13;<br \/>\n\u27a1\ufe0f Povos ind\u00edgenas;<br \/>&#13;<br \/>\n\u27a1\ufe0f Idosos com 60 anos ou mais de idade;<br \/>&#13;<br \/>\n\u27a1\ufe0f Pessoas em Situa\u00e7\u00e3o de Rua;<br \/>&#13;<br \/>\n\u27a1\ufe0f Profissionais das For\u00e7as de Seguran\u00e7a e Salvamento;<br \/>&#13;<br \/>\n\u27a1\ufe0f Profissionais das For\u00e7as Armadas;<br \/>&#13;<br \/>\n\u27a1\ufe0f Pessoas com doen\u00e7as cr\u00f4nicas n\u00e3o transmiss\u00edveis e outras condi\u00e7\u00f5es cl\u00ednicas especiais;<br \/>&#13;<br \/>\n\u27a1\ufe0f Independentemente da idade;<br \/>&#13;<br \/>\n\u27a1\ufe0f Pessoas com defici\u00eancia permanente;<br \/>&#13;<br \/>\n\u27a1\ufe0f Caminhoneiros;<br \/>&#13;<br \/>\n\u27a1\ufe0f Trabalhadores de transporte coletivo rodovi\u00e1rio para passageiros urbanos e de longo\u00a0curso;<br \/>&#13;<br \/>\n\u27a1\ufe0f Trabalhadores Portu\u00e1rios;<br \/>&#13;<br \/>\n\u27a1\ufe0f Popula\u00e7\u00e3o privada de liberdade e funcion\u00e1rios do sistema de priva\u00e7\u00e3o de liberdade, adolescentes e jovens de 12 a 21 anos de idade sob medidas socioeducativas.<\/p>\n<p><strong>Mais informa\u00e7\u00f5es:<\/strong><br \/>&#13;<br \/>\nUBS No\u00e9 Franco de Campos<br \/>&#13;<br \/>\n(19) 99867-6589<\/p>\n<p>USF Angelina Platinetti Massari \u2013 Posto de Sa\u00fade Jd. Iracema<br \/>&#13;<br \/>\n3456 3930\/ 3456 4808<\/p>\n<p>USF Doutor \u00c2ngelo Arlindo Lobo \u2013 Centro Odontol\u00f3gico<br \/>&#13;<br \/>\n(19) 99704-2182<\/p>\n<p>USF Maria Neves Alexandrino \u2013 Posto de Sa\u00fade Jardim L\u00e1zaro Hon\u00f3rio<br \/>&#13;<br \/>\n3456-3200                                        <\/p>\n<\/div>\n<p><br \/>\n<br \/><a href=\"https:\/\/www.iracemapolis.sp.gov.br\/portal\/noticias\/0\/3\/2113\/campanha-de-vacinacao-contra-a-gripe-tem-inicio-na-segunda-feira\/\" rel=\"noopener\">Informa\u00e7\u00f5es PMI<\/a><\/p>\n","protected":false},"excerpt":{"rendered":"<p>A Prefeitura de Iracem\u00e1polis, por meio da Secretaria de Sa\u00fade, inicia na segunda-feira (25) a 26\u00aa Campanha de Vacina\u00e7\u00e3o contra a Influenza. A princ\u00edpio, a campanha abranger\u00e1 o per\u00edodo de 25 de mar\u00e7o a 31 de maio e vai vacinar os grupos priorit\u00e1rios que poder\u00e3o buscar uma das quatro salas de vacina\u00e7\u00e3o nas Unidades de [&hellip;]<\/p>\n","protected":false},"author":1,"featured_media":530,"comment_status":"open","ping_status":"open","sticky":false,"template":"","format":"standard","meta":{"_jetpack_newsletter_access":"","_jetpack_dont_email_post_to_subs":false,"_jetpack_newsletter_tier_id":0,"_jetpack_memberships_contains_paywalled_content":false,"_mbp_banners":[],"_jetpack_feature_clip_id":0,"_jetpack_memberships_contains_paid_content":false,"footnotes":"","jetpack_publicize_message":"","jetpack_publicize_feature_enabled":true,"jetpack_social_post_already_shared":true,"jetpack_social_options":{"image_generator_settings":{"template":"highway","default_image_id":0,"font":"","enabled":false},"version":2},"jetpack_post_was_ever_published":false},"categories":[20],"tags":[],"class_list":["post-529","post","type-post","status-publish","format-standard","has-post-thumbnail","category-regiao"],"jetpack_publicize_connections":[],"jetpack-related-posts":[],"jetpack_shortlink":"https:\/\/wp.me\/p7Eq1F-8x","jetpack_sharing_enabled":true,"jetpack_featured_media_url":"https:\/\/i0.wp.com\/guialimeira.com.br\/news\/wp-content\/uploads\/2024\/03\/102be4ce134660a004e9751e27c0c858.png?fit=800%2C800&ssl=1","_links":{"self":[{"href":"https:\/\/guialimeira.com.br\/news\/wp-json\/wp\/v2\/posts\/529","targetHints":{"allow":["GET"]}}],"collection":[{"href":"https:\/\/guialimeira.com.br\/news\/wp-json\/wp\/v2\/posts"}],"about":[{"href":"https:\/\/guialimeira.com.br\/news\/wp-json\/wp\/v2\/types\/post"}],"author":[{"embeddable":true,"href":"https:\/\/guialimeira.com.br\/news\/wp-json\/wp\/v2\/users\/1"}],"replies":[{"embeddable":true,"href":"https:\/\/guialimeira.com.br\/news\/wp-json\/wp\/v2\/comments?post=529"}],"version-history":[{"count":0,"href":"https:\/\/guialimeira.com.br\/news\/wp-json\/wp\/v2\/posts\/529\/revisions"}],"wp:featuredmedia":[{"embeddable":true,"href":"https:\/\/guialimeira.com.br\/news\/wp-json\/wp\/v2\/media\/530"}],"wp:attachment":[{"href":"https:\/\/guialimeira.com.br\/news\/wp-json\/wp\/v2\/media?parent=529"}],"wp:term":[{"taxonomy":"category","embeddable":true,"href":"https:\/\/guialimeira.com.br\/news\/wp-json\/wp\/v2\/categories?post=529"},{"taxonomy":"post_tag","embeddable":true,"href":"https:\/\/guialimeira.com.br\/news\/wp-json\/wp\/v2\/tags?post=529"}],"curies":[{"name":"wp","href":"https:\/\/api.w.org\/{rel}","templated":true}]}}