{"id":5287,"date":"2024-05-16T17:55:51","date_gmt":"2024-05-16T20:55:51","guid":{"rendered":"https:\/\/guialimeira.com.br\/2024\/05\/16\/creas-realiza-acoes-de-mobilizacao-de-combate-ao-abuso-e-a-exploracao-de-criancas-e-adolescentes\/"},"modified":"2024-05-16T17:55:51","modified_gmt":"2024-05-16T20:55:51","slug":"creas-realiza-acoes-de-mobilizacao-de-combate-ao-abuso-e-a-exploracao-de-criancas-e-adolescentes","status":"publish","type":"post","link":"https:\/\/guialimeira.com.br\/news\/creas-realiza-acoes-de-mobilizacao-de-combate-ao-abuso-e-a-exploracao-de-criancas-e-adolescentes\/","title":{"rendered":"Creas realiza a\u00e7\u00f5es de mobiliza\u00e7\u00e3o de combate ao abuso e \u00e0 explora\u00e7\u00e3o de crian\u00e7as e adolescentes"},"content":{"rendered":"<p> <br \/>\n<\/p>\n<div>\n            <main class=\"\">&#13;<br \/>\n                &#13;<br \/>\n&#13;<br \/>\n&#13;<br \/>\n&#13;<br \/>\n    <img data-recalc-dims=\"1\" decoding=\"async\" src=\"https:\/\/i0.wp.com\/ecrie.com.br\/sistema\/conteudos\/imagem\/m_137_0_1_16052024174155.jpg?w=696&#038;ssl=1\" alt=\"Creas realiza a\u00e7\u00f5es de mobiliza\u00e7\u00e3o de combate ao abuso e \u00e0 explora\u00e7\u00e3o de crian\u00e7as e adolescentes\"\/>&#13;<br \/>\n&#13;<\/p>\n<p style=\"text-align: justify;\" align=\"justify\">O Centro de Refer\u00eancia Especializado de Assist\u00eancia Social (Creas) de Limeira realiza, desde o m\u00eas passado, a\u00e7\u00f5es de sensibiliza\u00e7\u00e3o com as fam\u00edlias atendidas nos Centros de Refer\u00eancia de Assist\u00eancia Social (Cras) e no Creas. A iniciativa tem o apoio do Conselho Municipal da Condi\u00e7\u00e3o Feminina. Os encontros t\u00eam como tema a discuss\u00e3o dos direitos de crian\u00e7as e adolescentes, como a garantia do desenvolvimento de forma segura e protegida.<\/p>\n<p>&#13;<\/p>\n<p style=\"text-align: justify;\" align=\"justify\">As reuni\u00f5es tamb\u00e9m destacam o Dia Nacional de Combate ao Abuso e \u00e0 Explora\u00e7\u00e3o Sexual de Crian\u00e7as e Adolescentes. Este \u00e9 o 24\u00ba ano de mobiliza\u00e7\u00e3o em refer\u00eancia \u00e0 data \u2013 18 de Maio &#8211; institu\u00edda por legisla\u00e7\u00e3o federal. \u201cEste ano temos como marco os 50 anos do assassinato da menina Araceli Crespo, o que nos mobiliza a seguir construindo estrat\u00e9gias para que nenhuma crian\u00e7a ou adolescente tenha que vivenciar as marcas da viol\u00eancia sexual ou da impunidade\u201d, disse a coordenadora da Rede Elza Tank e da Casa da Mulher, Marina Alencar.<\/p>\n<p>&#13;<\/p>\n<p style=\"text-align: justify;\" align=\"justify\">&#8220;Estes encontros est\u00e3o sendo fundamentais para difundir um prop\u00f3sito que interessa a toda sociedade. Os esfor\u00e7os devem ser multiplicados para inibir qualquer pr\u00e1tica de viol\u00eancia sexual contra nossas crian\u00e7as e adolescentes&#8221;, afirmou a vice-prefeita, Erika Tank.<\/p>\n<p>&#13;<\/p>\n<p style=\"text-align: justify;\" align=\"justify\">\u00a0<\/p>\n<p>&#13;<\/p>\n<p style=\"text-align: justify;\" align=\"justify\">PR\u00d3XIMOS ENCONTROS<\/p>\n<p>&#13;<\/p>\n<p style=\"text-align: justify;\" align=\"justify\">\u00a0<\/p>\n<p>&#13;<\/p>\n<p style=\"text-align: justify;\" align=\"justify\">As reuni\u00f5es ser\u00e3o ministradas pela coordenadora do Creas, Joice Campos e pelas assistentes sociais Camile Benatto e Isabel Moreno.<\/p>\n<p>&#13;<\/p>\n<p style=\"text-align: justify;\" align=\"justify\">\u00a0<\/p>\n<p>&#13;<\/p>\n<p style=\"text-align: justify;\" align=\"justify\">\u00a0<\/p>\n<p>&#13;<\/p>\n<p style=\"text-align: justify;\" align=\"justify\">21\/05 (ter\u00e7a-feira) -9h &#8211; Grupo de fam\u00edlias do Cras Marilena Pinto Ramalho<\/p>\n<p>&#13;<\/p>\n<p style=\"text-align: justify;\" align=\"justify\">Rua Santa Cec\u00edlia, 220, Vila Queiroz<\/p>\n<p>&#13;<\/p>\n<p style=\"text-align: justify;\" align=\"justify\">22\/05 (quarta-feira) \u2013 14h \u2013 CIEE<\/p>\n<p>&#13;<\/p>\n<p style=\"text-align: justify;\" align=\"justify\">Rua Sete de Setembro, 1163 &#8211; Sala 2 &#8211; Centro<\/p>\n<p>&#13;<\/p>\n<p style=\"text-align: justify;\" align=\"justify\">\u00a0<\/p>\n<p>&#13;<\/p>\n<p style=\"text-align: justify;\" align=\"justify\">28\/05 (ter\u00e7a-feira ) -9h &#8211; Grupo de fam\u00edlias do Cras Dores<\/p>\n<p>&#13;<\/p>\n<p style=\"text-align: justify;\" align=\"justify\">Rua \u00c2ngelo Piccin, 569, Jardim Caieiras<\/p>\n<p>&#13;<\/p>\n<p style=\"text-align: justify;\" align=\"justify\">29\/05 (quarta-feira) -9h &#8211; Grupo de fam\u00edlias do Creas<\/p>\n<p>&#13;<\/p>\n<p style=\"text-align: justify;\" align=\"justify\">NAC \u2013 Av. Dr. Lauro Corr\u00eaa da Silva, 3800, Jardim Ad\u00e9lia Cavicchia<\/p>\n<p>&#13;<br \/>\n&#13;<br \/>\n&#13;<br \/>\n&#13;<\/p>\n<aside class=\"list-related no-print\">&#13;<br \/>\n        &#13;<br \/>\n&#13;<\/p>\n<article class=\"list-item noticias \">&#13;<br \/>\n                    <a class=\"list-item__img\" href=\"https:\/\/limeira.sp.gov.br\/imprensa\/noticias\/ceprosom\/alunos-da-fca-unicamp-fazem-atividade-de-extensao-no-ceprosom\" tabindex=\"-1\" aria-hidden=\"true\" rel=\"noopener\">&#13;<br \/>\n                        <img data-recalc-dims=\"1\" decoding=\"async\" src=\"https:\/\/i0.wp.com\/ecrie.com.br\/sistema\/conteudos\/imagem\/m_137_0_1_16052024114927.jpg?w=696&#038;ssl=1\" alt=\"Alunos da FCA Unicamp fazem atividade de extens\u00e3o no Ceprosom\"\/>&#13;<br \/>\n                    <\/a>&#13;<br \/>\n&#13;<br \/>\n                &#13;<br \/>\n            <\/article>\n<p>&#13;<\/p>\n<article class=\"list-item noticias \">&#13;<br \/>\n                    <a class=\"list-item__img\" href=\"https:\/\/limeira.sp.gov.br\/imprensa\/noticias\/ceprosom\/treinamento-garante-ampliacao-de-tecnologia-de-traducao-de-libras-a-rede-socioassistencial\" tabindex=\"-1\" aria-hidden=\"true\" rel=\"noopener\">&#13;<br \/>\n                        <img data-recalc-dims=\"1\" decoding=\"async\" src=\"https:\/\/i0.wp.com\/ecrie.com.br\/sistema\/conteudos\/imagem\/m_137_0_1_13052024165126.png?w=696&#038;ssl=1\" alt=\"Treinamento garante amplia\u00e7\u00e3o de tecnologia de tradu\u00e7\u00e3o de Libras \u00e0 rede socioassistencial\"\/>&#13;<br \/>\n                    <\/a>&#13;<br \/>\n&#13;<br \/>\n                &#13;<br \/>\n            <\/article>\n<p>&#13;<\/p>\n<article class=\"list-item noticias \">&#13;<br \/>\n                    <a class=\"list-item__img\" href=\"https:\/\/limeira.sp.gov.br\/imprensa\/noticias\/ceprosom\/com-260-inscritos-jogos-adaptados-sao-abertos-no-vo-lucato\" tabindex=\"-1\" aria-hidden=\"true\" rel=\"noopener\">&#13;<br \/>\n                        <img data-recalc-dims=\"1\" decoding=\"async\" src=\"https:\/\/i0.wp.com\/ecrie.com.br\/sistema\/conteudos\/imagem\/m_137_0_1_10052024153345.jpg?w=696&#038;ssl=1\" alt=\"Com 260 inscritos, Jogos Adaptados s\u00e3o abertos no V\u00f4 Lucato\"\/>&#13;<br \/>\n                    <\/a>&#13;<br \/>\n&#13;<br \/>\n                &#13;<br \/>\n            <\/article>\n<p>&#13;<br \/>\n    <\/aside>\n<p>&#13;<br \/>\n&#13;<br \/>\n            <\/main><\/p><\/div>\n<p><br \/>\n<br \/><a href=\"https:\/\/limeira.sp.gov.br\/creas-realiza-acoes-de-mobilizacao-de-combate-ao-abuso-e-a-exploracao-de-criancas-e-adolescentes\" rel=\"noopener\">Informa\u00e7\u00f5es da PML <\/a><\/p>\n","protected":false},"excerpt":{"rendered":"<p>&#13; &#13; &#13; &#13; &#13; &#13; &#13; O Centro de Refer\u00eancia Especializado de Assist\u00eancia Social (Creas) de Limeira realiza, desde o m\u00eas passado, a\u00e7\u00f5es de sensibiliza\u00e7\u00e3o com as fam\u00edlias atendidas nos Centros de Refer\u00eancia de Assist\u00eancia Social (Cras) e no Creas. A iniciativa tem o apoio do Conselho Municipal da Condi\u00e7\u00e3o Feminina. Os encontros t\u00eam [&hellip;]<\/p>\n","protected":false},"author":1,"featured_media":5288,"comment_status":"open","ping_status":"open","sticky":false,"template":"","format":"standard","meta":{"_jetpack_newsletter_access":"","_jetpack_dont_email_post_to_subs":false,"_jetpack_newsletter_tier_id":0,"_jetpack_memberships_contains_paywalled_content":false,"_mbp_banners":[],"_jetpack_feature_clip_id":0,"_jetpack_memberships_contains_paid_content":false,"footnotes":"","jetpack_publicize_message":"","jetpack_publicize_feature_enabled":true,"jetpack_social_post_already_shared":true,"jetpack_social_options":{"image_generator_settings":{"template":"highway","default_image_id":0,"font":"","enabled":false},"version":2},"jetpack_post_was_ever_published":false},"categories":[16],"tags":[],"class_list":["post-5287","post","type-post","status-publish","format-standard","has-post-thumbnail","category-local"],"jetpack_publicize_connections":[],"jetpack-related-posts":[],"jetpack_shortlink":"https:\/\/wp.me\/p7Eq1F-1nh","jetpack_sharing_enabled":true,"jetpack_featured_media_url":"https:\/\/i0.wp.com\/guialimeira.com.br\/news\/wp-content\/uploads\/2024\/05\/m_137_0_1_16052024174155.jpg?fit=900%2C598&ssl=1","_links":{"self":[{"href":"https:\/\/guialimeira.com.br\/news\/wp-json\/wp\/v2\/posts\/5287","targetHints":{"allow":["GET"]}}],"collection":[{"href":"https:\/\/guialimeira.com.br\/news\/wp-json\/wp\/v2\/posts"}],"about":[{"href":"https:\/\/guialimeira.com.br\/news\/wp-json\/wp\/v2\/types\/post"}],"author":[{"embeddable":true,"href":"https:\/\/guialimeira.com.br\/news\/wp-json\/wp\/v2\/users\/1"}],"replies":[{"embeddable":true,"href":"https:\/\/guialimeira.com.br\/news\/wp-json\/wp\/v2\/comments?post=5287"}],"version-history":[{"count":0,"href":"https:\/\/guialimeira.com.br\/news\/wp-json\/wp\/v2\/posts\/5287\/revisions"}],"wp:featuredmedia":[{"embeddable":true,"href":"https:\/\/guialimeira.com.br\/news\/wp-json\/wp\/v2\/media\/5288"}],"wp:attachment":[{"href":"https:\/\/guialimeira.com.br\/news\/wp-json\/wp\/v2\/media?parent=5287"}],"wp:term":[{"taxonomy":"category","embeddable":true,"href":"https:\/\/guialimeira.com.br\/news\/wp-json\/wp\/v2\/categories?post=5287"},{"taxonomy":"post_tag","embeddable":true,"href":"https:\/\/guialimeira.com.br\/news\/wp-json\/wp\/v2\/tags?post=5287"}],"curies":[{"name":"wp","href":"https:\/\/api.w.org\/{rel}","templated":true}]}}